{"id":617236,"date":"2025-12-23T05:21:27","date_gmt":"2025-12-23T05:21:27","guid":{"rendered":"https:\/\/www.europesays.com\/fr\/617236\/"},"modified":"2025-12-23T05:21:27","modified_gmt":"2025-12-23T05:21:27","slug":"multimedia-lintegrite-territoriale-du-royaume-du-danemark-doit-etre-preservee-porte-parole-de-lue-xinhua","status":"publish","type":"post","link":"https:\/\/www.europesays.com\/fr\/617236\/","title":{"rendered":"(Multim\u00e9dia) L&rsquo;int\u00e9grit\u00e9 territoriale du royaume du Danemark doit \u00eatre pr\u00e9serv\u00e9e (porte-parole de l&rsquo;UE) &#8211; Xinhua"},"content":{"rendered":"<p><img decoding=\"async\" src=\"https:\/\/www.europesays.com\/fr\/wp-content\/uploads\/2025\/12\/20251223b1bb79310223475ab97523b1105c3267_XxjifrF000001_20251223_CBMFN0A001.JPG\"\/>Un homme passe devant le b\u00e2timent du Parlement du Groenland \u00e0 Nuuk, capitale du Groenland, un territoire autonome du Danemark, le 19 mars 2025. (Xinhua\/Zhao Dingzhe)<\/p>\n<p><strong>L&rsquo;int\u00e9grit\u00e9 territoriale et la souverainet\u00e9 du Danemark, y compris sur le Groenland, doivent \u00eatre pr\u00e9serv\u00e9es, a d\u00e9clar\u00e9 lundi un porte-parole de l&rsquo;UE, interrog\u00e9 sur la nomination par les Etats-Unis d&rsquo;un envoy\u00e9 sp\u00e9cial pour le Groenland.<\/strong><\/p>\n<p>BRUXELLES, 22 d\u00e9cembre (Xinhua) &#8212; L&rsquo;int\u00e9grit\u00e9 territoriale et la souverainet\u00e9 du Danemark, y compris sur le Groenland, doivent \u00eatre pr\u00e9serv\u00e9es, a d\u00e9clar\u00e9 lundi un porte-parole de l&rsquo;Union europ\u00e9enne (UE), interrog\u00e9 sur la nomination par les Etats-Unis d&rsquo;un envoy\u00e9 sp\u00e9cial pour le Groenland.<\/p>\n<p>\u00ab\u00a0Pr\u00e9server l&rsquo;int\u00e9grit\u00e9 territoriale du royaume du Danemark, sa souverainet\u00e9 et l&rsquo;inviolabilit\u00e9 de ses fronti\u00e8res est essentiel pour l&rsquo;Union europ\u00e9enne\u00a0\u00bb, a indiqu\u00e9 en conf\u00e9rence de presse le porte-parole de l&rsquo;UE pour les affaires \u00e9trang\u00e8res, Anouar El Anouni, ajoutant que le point de vue du bloc \u00e9tait fond\u00e9 sur une position de longue date \u00e0 ce sujet.<\/p>\n<p>Dimanche, le pr\u00e9sident am\u00e9ricain Donald Trump a annonc\u00e9 la nomination du gouverneur de Louisiane, Jeff Landry, au poste d&rsquo;envoy\u00e9 sp\u00e9cial pour le Groenland. M. Landry a remerci\u00e9 lundi M. Trump sur le r\u00e9seau social X, affirmant que \u00ab\u00a0c&rsquo;est un honneur de vous servir \u00e0 ce poste b\u00e9n\u00e9vole pour faire du Groenland une partie des Etats-Unis\u00a0\u00bb.<\/p>\n<p>Cette d\u00e9cision a contribu\u00e9 \u00e0 la d\u00e9t\u00e9rioration entre les Etats-Unis et les dirigeants du Danemark et du Groenland. Le ministre danois des Affaires \u00e9trang\u00e8res, Lars Lokke Rasmussen, a fait savoir lundi qu&rsquo;il convoquera l&rsquo;ambassadeur am\u00e9ricain Ken Howery pour un entretien \u00e0 la suite de cette nomination.\u25a0<\/p>\n","protected":false},"excerpt":{"rendered":"Un homme passe devant le b\u00e2timent du Parlement du Groenland \u00e0 Nuuk, capitale du Groenland, un territoire autonome&hellip;\n","protected":false},"author":2,"featured_media":617237,"comment_status":"","ping_status":"","sticky":false,"template":"","format":"standard","meta":{"footnotes":""},"categories":[1586],"tags":[11,1777,674,1779,1011,27,146,12,25,1778,364],"class_list":{"0":"post-617236","1":"post","2":"type-post","3":"status-publish","4":"format-standard","5":"has-post-thumbnail","7":"category-europe","8":"tag-actualites","9":"tag-eu","10":"tag-europe","11":"tag-european-union","12":"tag-fr","13":"tag-france","14":"tag-groenland","15":"tag-news","16":"tag-republique-francaise","17":"tag-ue","18":"tag-union-europeenne"},"share_on_mastodon":{"url":"https:\/\/pubeurope.com\/@fr\/115767207452635514","error":""},"_links":{"self":[{"href":"https:\/\/www.europesays.com\/fr\/wp-json\/wp\/v2\/posts\/617236","targetHints":{"allow":["GET"]}}],"collection":[{"href":"https:\/\/www.europesays.com\/fr\/wp-json\/wp\/v2\/posts"}],"about":[{"href":"https:\/\/www.europesays.com\/fr\/wp-json\/wp\/v2\/types\/post"}],"author":[{"embeddable":true,"href":"https:\/\/www.europesays.com\/fr\/wp-json\/wp\/v2\/users\/2"}],"replies":[{"embeddable":true,"href":"https:\/\/www.europesays.com\/fr\/wp-json\/wp\/v2\/comments?post=617236"}],"version-history":[{"count":0,"href":"https:\/\/www.europesays.com\/fr\/wp-json\/wp\/v2\/posts\/617236\/revisions"}],"wp:featuredmedia":[{"embeddable":true,"href":"https:\/\/www.europesays.com\/fr\/wp-json\/wp\/v2\/media\/617237"}],"wp:attachment":[{"href":"https:\/\/www.europesays.com\/fr\/wp-json\/wp\/v2\/media?parent=617236"}],"wp:term":[{"taxonomy":"category","embeddable":true,"href":"https:\/\/www.europesays.com\/fr\/wp-json\/wp\/v2\/categories?post=617236"},{"taxonomy":"post_tag","embeddable":true,"href":"https:\/\/www.europesays.com\/fr\/wp-json\/wp\/v2\/tags?post=617236"}],"curies":[{"name":"wp","href":"https:\/\/api.w.org\/{rel}","templated":true}]}}