{"id":61724,"date":"2025-04-29T12:00:08","date_gmt":"2025-04-29T12:00:08","guid":{"rendered":"https:\/\/www.europesays.com\/fr\/61724\/"},"modified":"2025-04-29T12:00:08","modified_gmt":"2025-04-29T12:00:08","slug":"on-connait-enfin-la-date","status":"publish","type":"post","link":"https:\/\/www.europesays.com\/fr\/61724\/","title":{"rendered":"on conna\u00eet enfin la date"},"content":{"rendered":"<p>            Par<br \/>\n        <strong><br \/>\n            <a href=\"https:\/\/actu.fr\/auteur\/amandine-mehl\" title=\"Consulter tous les articles de Amandine Mehl\" target=\"_blank\" rel=\"noopener\">Amandine Mehl<\/a><br \/>\n        <\/strong><\/p>\n<p>        Publi\u00e9 le<\/p>\n<p>            29 avr. 2025 \u00e0 13h26        <\/p>\n<p>Le pr\u00e9sident de la R\u00e9publique, <a href=\"https:\/\/actu.fr\/tag\/emmanuel-macron\" target=\"_blank\" rel=\"noopener\">Emmanuel Macron<\/a>, avait annonc\u00e9 sur X, le 10\u00a0avril dernier, qu\u2019il se rendrait bient\u00f4t \u00e0 <a href=\"https:\/\/actu.fr\/grand-est\/nancy_54395\/emmanuel-macron-sera-bientot-en-visite-a-nancy-voici-pourquoi_62508559.html\" target=\"_blank\" rel=\"noopener\">Nancy<\/a> dans le cadre de la <strong>signature du trait\u00e9 bilat\u00e9ral entre la France et la Pologne<\/strong>.<\/p>\n<p class=\" wall-content\">\n<p class=\" wall-content\">Alors que la date du<strong> vendredi 9\u00a0mai 2025<\/strong> \u00e9tait souvent \u00e9voqu\u00e9e par certaines sources proches du dossier, le service presse de l\u2019\u00c9lys\u00e9e vient de <strong>confirmer<\/strong> \u00e0 Lorraine Actu qu\u2019Emmanuel Macron est bel et bien attendu dans la cit\u00e9 ducale pour la<strong> Journ\u00e9e de l\u2019Europe<\/strong>.<\/p>\n<p>Venue d\u2019Emmanuel Macron \u00e0 Nancy\u2009: le programme pas encore d\u00e9voil\u00e9<\/p>\n<p class=\" wall-content\">S\u2019agissant du <strong>programme<\/strong>, le service presse n\u2019a rien d\u00e9voil\u00e9. Une note officielle devrait \u00eatre envoy\u00e9e prochainement. Toutefois, on sait que le pr\u00e9sident sera accompagn\u00e9 de Donald Tusk, le premier ministre de <a href=\"https:\/\/actu.fr\/tag\/pologne\" target=\"_blank\" rel=\"noopener\">Pologne<\/a>.<\/p>\n<p class=\" wall-content\">Concernant le choix du lieu pour cette signature, rien n\u2019a \u00e9t\u00e9 fait au hasard. Et pour cause, c\u2019est bien l\u2019ancien roi de Pologne et duc de Lorraine, <strong>Stanislas Leszczynski<\/strong>, qui a marqu\u00e9 une bonne partie de l\u2019histoire de la ville.<\/p>\n<p class=\" wall-content\">Suivez toute l\u2019actualit\u00e9 de vos villes et m\u00e9dias favoris en vous inscrivant \u00e0 <a href=\"https:\/\/moncompte.actu.fr\" title=\"D\u00e9couvez Mon Actu\" rel=\"nofollow noopener\" data-trk=\"{&quot;cta&quot;:{&quot;action&quot;:&quot;https:\\\/\\\/moncompte.actu.fr&quot;,&quot;category&quot;:&quot;mon compte&quot;,&quot;from&quot;:&quot;article footer&quot;,&quot;name&quot;:&quot;Mon actu&quot;,&quot;type&quot;:&quot;cta&quot;}}\" target=\"_blank\">Mon Actu<\/a>.<\/p>\n","protected":false},"excerpt":{"rendered":"Par Amandine Mehl Publi\u00e9 le 29 avr. 2025 \u00e0 13h26 Le pr\u00e9sident de la R\u00e9publique, Emmanuel Macron, avait&hellip;\n","protected":false},"author":2,"featured_media":61725,"comment_status":"","ping_status":"","sticky":false,"template":"","format":"standard","meta":{"footnotes":""},"categories":[9635],"tags":[1111,11,1073,1777,674,1011,27,775,1702,12,316,2437,25],"class_list":{"0":"post-61724","1":"post","2":"type-post","3":"status-publish","4":"format-standard","5":"has-post-thumbnail","7":"category-nancy","8":"tag-actu","9":"tag-actualites","10":"tag-emmanuel-macron","11":"tag-eu","12":"tag-europe","13":"tag-fr","14":"tag-france","15":"tag-grand-est","16":"tag-nancy","17":"tag-news","18":"tag-politique","19":"tag-pologne","20":"tag-republique-francaise"},"share_on_mastodon":{"url":"https:\/\/pubeurope.com\/@fr\/114421145647610606","error":""},"_links":{"self":[{"href":"https:\/\/www.europesays.com\/fr\/wp-json\/wp\/v2\/posts\/61724","targetHints":{"allow":["GET"]}}],"collection":[{"href":"https:\/\/www.europesays.com\/fr\/wp-json\/wp\/v2\/posts"}],"about":[{"href":"https:\/\/www.europesays.com\/fr\/wp-json\/wp\/v2\/types\/post"}],"author":[{"embeddable":true,"href":"https:\/\/www.europesays.com\/fr\/wp-json\/wp\/v2\/users\/2"}],"replies":[{"embeddable":true,"href":"https:\/\/www.europesays.com\/fr\/wp-json\/wp\/v2\/comments?post=61724"}],"version-history":[{"count":0,"href":"https:\/\/www.europesays.com\/fr\/wp-json\/wp\/v2\/posts\/61724\/revisions"}],"wp:featuredmedia":[{"embeddable":true,"href":"https:\/\/www.europesays.com\/fr\/wp-json\/wp\/v2\/media\/61725"}],"wp:attachment":[{"href":"https:\/\/www.europesays.com\/fr\/wp-json\/wp\/v2\/media?parent=61724"}],"wp:term":[{"taxonomy":"category","embeddable":true,"href":"https:\/\/www.europesays.com\/fr\/wp-json\/wp\/v2\/categories?post=61724"},{"taxonomy":"post_tag","embeddable":true,"href":"https:\/\/www.europesays.com\/fr\/wp-json\/wp\/v2\/tags?post=61724"}],"curies":[{"name":"wp","href":"https:\/\/api.w.org\/{rel}","templated":true}]}}