{"id":617244,"date":"2025-12-23T05:27:13","date_gmt":"2025-12-23T05:27:13","guid":{"rendered":"https:\/\/www.europesays.com\/fr\/617244\/"},"modified":"2025-12-23T05:27:13","modified_gmt":"2025-12-23T05:27:13","slug":"inquietude-pour-le-xv-de-france","status":"publish","type":"post","link":"https:\/\/www.europesays.com\/fr\/617244\/","title":{"rendered":"Inqui\u00e9tude pour le XV de France ?"},"content":{"rendered":"<p><strong>Le XV de France a boucl\u00e9 cette<br \/>\nann\u00e9e 2025 par une victoire dans le froid glacial du Stade de<br \/>\nFrance face \u00e0 l\u2019Australie (48-33). Entre le sacre des Bleus lors du<br \/>\nTournoi des Six Nations, un ratio victoires\/d\u00e9faites tr\u00e8s<br \/>\nl\u00e9g\u00e8rement positif et de cruelles lacunes sur le terrain, difficile<br \/>\nd\u2019y voir clair.<\/strong><\/p>\n<p>L\u2019ann\u00e9e 2025 du XV de France s\u2019est achev\u00e9e par un coup de<br \/>\nprojecteur sur 2027 et cette Coupe du monde en Australie. La<br \/>\nFrance, plac\u00e9e dans le chapeau 1, celui des meilleures nations, a<br \/>\nh\u00e9rit\u00e9 des \u00c9tats-Unis, du Japon et des Samoa. Et si elle termine<br \/>\npremi\u00e8re de sa poule, alors elle affronterait un deuxi\u00e8me d\u2019une<br \/>\nautre poule en huiti\u00e8mes de finale et en quarts de finale. Avec<br \/>\n\u00e9videmment l\u2019espoir de soulever, pour la premi\u00e8re fois, le troph\u00e9e<br \/>\nWebb Ellis. Mais avant de se focaliser sur cet \u00e9v\u00e8nement dans deux<br \/>\nans, les Bleus savent qu\u2019ils ont du pain sur la planche.<\/p>\n<p>Fin d\u2019ann\u00e9e oblige, il est l\u2019heure de faire le bilan sur cette<br \/>\nann\u00e9e civile. Et autant vous le dire, c\u2019est mi-figue, mi-raisin. Il<br \/>\ny a \u00e9videmment ce sacre lors du Tournoi des Six Nations, le<br \/>\ndeuxi\u00e8me sous l\u2019\u00e8re Fabien Galthi\u00e9 apr\u00e8s 2022 (Grand Chelem). Et \u00e0<br \/>\nce sujet, Thomas Ramos, l\u2019arri\u00e8re du XV de France compte bien<br \/>\nd\u00e9fendre sa maison. \u00ab On a \u00e9t\u00e9 capable de faire des matches<br \/>\nextraordinaires, en Irlande par exemple. Parfois, on oublie les<br \/>\nperformances que l\u2019on a r\u00e9alis\u00e9es avec du temps pass\u00e9 ensemble. \u00bb<br \/>\nBien s\u00fbr, il ne faut pas minimiser cette performance et l\u00e0 n\u2019est<br \/>\npas le propos. Reste que si on regarde un peu plus largement, la<br \/>\ns\u00e9lection tricolore n\u2019a pas un bilan de victoires\/d\u00e9faites<br \/>\nbrillant. C\u2019est m\u00eame le pire depuis l\u2019arriv\u00e9e de Fabien Galthi\u00e9 \u00e0<br \/>\nla t\u00eate de l\u2019\u00e9quipe (55%, 6 victoires, 5 d\u00e9faites).<\/p>\n<p>Des chantiers pour 2026 et<br \/>\n2027<\/p>\n<p>Ce constat pose donc question. Le XV de France est-il inqui\u00e9tant<br \/>\n? Certains iront vers le oui, d\u2019autres le non. Parce qu\u2019apr\u00e8s ce<br \/>\nTournoi des Six Nations remport\u00e9, cette s\u00e9lection a encha\u00een\u00e9 trois<br \/>\nrevers de suite face \u00e0 la Nouvelle-Z\u00e9lande avec un effectif<br \/>\nremodel\u00e9. Cette tourn\u00e9e d\u2019automne a aussi mis en lumi\u00e8re de gros<br \/>\naxes de progression pour les Bleus. Ces derniers ont certes gagn\u00e9<br \/>\ndeux matchs (Fidji (34-21) et Australie (48-33)) sur trois (d\u00e9faite<br \/>\ncontre l\u2019Afrique du Sud (17-32)), mais ont inqui\u00e9t\u00e9 \u00e0 divers<br \/>\nmoments. Si on peut saluer l\u2019apport de jeunes joueurs au sein de<br \/>\ncette s\u00e9lection et le travail des trois-quarts malgr\u00e9 l\u2019absence de<br \/>\nplusieurs \u00e9l\u00e9ments (Mauvaka, Dupont, Cros, Moefana, Atonio), il est<br \/>\nimpossible ne pas noter les points n\u00e9gatifs de ces tests. Parmi eux<br \/>\n\u00e9videmment, la d\u00e9fense et l\u2019indiscipline. Et ce sont sur ces<br \/>\ndomaines notamment que les hommes de Fabien Galthi\u00e9 devront mettre<br \/>\nl\u2019accent sans quoi le plafond de verre n\u2019est pas pr\u00eat de se<br \/>\nbriser.<\/p>\n","protected":false},"excerpt":{"rendered":"Le XV de France a boucl\u00e9 cette ann\u00e9e 2025 par une victoire dans le froid glacial du Stade&hellip;\n","protected":false},"author":2,"featured_media":617245,"comment_status":"","ping_status":"","sticky":false,"template":"","format":"standard","meta":{"footnotes":""},"categories":[1416],"tags":[1011,27,479,1468,57681,60],"class_list":{"0":"post-617244","1":"post","2":"type-post","3":"status-publish","4":"format-standard","5":"has-post-thumbnail","7":"category-rugby","8":"tag-fr","9":"tag-france","10":"tag-rugby","11":"tag-rugby-football","12":"tag-sport365-fr","13":"tag-sports"},"share_on_mastodon":{"url":"https:\/\/pubeurope.com\/@fr\/115767230071481764","error":""},"_links":{"self":[{"href":"https:\/\/www.europesays.com\/fr\/wp-json\/wp\/v2\/posts\/617244","targetHints":{"allow":["GET"]}}],"collection":[{"href":"https:\/\/www.europesays.com\/fr\/wp-json\/wp\/v2\/posts"}],"about":[{"href":"https:\/\/www.europesays.com\/fr\/wp-json\/wp\/v2\/types\/post"}],"author":[{"embeddable":true,"href":"https:\/\/www.europesays.com\/fr\/wp-json\/wp\/v2\/users\/2"}],"replies":[{"embeddable":true,"href":"https:\/\/www.europesays.com\/fr\/wp-json\/wp\/v2\/comments?post=617244"}],"version-history":[{"count":0,"href":"https:\/\/www.europesays.com\/fr\/wp-json\/wp\/v2\/posts\/617244\/revisions"}],"wp:featuredmedia":[{"embeddable":true,"href":"https:\/\/www.europesays.com\/fr\/wp-json\/wp\/v2\/media\/617245"}],"wp:attachment":[{"href":"https:\/\/www.europesays.com\/fr\/wp-json\/wp\/v2\/media?parent=617244"}],"wp:term":[{"taxonomy":"category","embeddable":true,"href":"https:\/\/www.europesays.com\/fr\/wp-json\/wp\/v2\/categories?post=617244"},{"taxonomy":"post_tag","embeddable":true,"href":"https:\/\/www.europesays.com\/fr\/wp-json\/wp\/v2\/tags?post=617244"}],"curies":[{"name":"wp","href":"https:\/\/api.w.org\/{rel}","templated":true}]}}