{"id":617248,"date":"2025-12-23T05:32:18","date_gmt":"2025-12-23T05:32:18","guid":{"rendered":"https:\/\/www.europesays.com\/fr\/617248\/"},"modified":"2025-12-23T05:32:18","modified_gmt":"2025-12-23T05:32:18","slug":"partir-avant-noel-je-ne-pouvais-pas-rever-dun-plus-beau-cadeau-avoue-guirec-soudee-qui-selance-mardi-matin-a-lassaut-du-record-du-tour-du-monde-a-l","status":"publish","type":"post","link":"https:\/\/www.europesays.com\/fr\/617248\/","title":{"rendered":"\u00ab\u00a0Partir avant No\u00ebl, je ne pouvais pas r\u00eaver d\u2019un plus beau cadeau\u00a0\u00bb, avoue Guirec Soud\u00e9e qui s\u2019\u00e9lance mardi matin \u00e0 l\u2019assaut du record du tour du monde \u00e0 l\u2019envers [Vid\u00e9o]"},"content":{"rendered":"<p>Tour du monde \u00e0 l\u2019envers<\/p>\n<p>Il ne fait d\u00e9cid\u00e9ment rien comme les autres Guirec Soud\u00e9e. Ce lundi, \u00e0 Lorient La Base, le Costarmoricain, 33 ans, a d\u00e9cid\u00e9 de partir presque en catimini autour du monde. La consigne avait \u00e9t\u00e9 donn\u00e9e de ne pas divulguer dans la presse le jour et encore moins l\u2019heure du d\u00e9part ponton.<\/p>\n<p>\u00ab Partir un petit peu aussi avec mon p\u00e8re \u00bb<\/p>\n<p>Le marin aventurier avait manifestement envie d\u2019un d\u00e9part en petit comit\u00e9, avec son \u00e9quipe, ses proches et ses partenaires. Ce n\u2019est pas rien de partir autour du monde, \u00e7a l\u2019est encore moins quand on y va seul, sur un maxi-trimaran et dans le \u00ab mauvais \u00bb sens en plus. Du Soud\u00e9e tout crach\u00e9 \u00e7a !<\/p>\n<p><img decoding=\"async\" src=\"https:\/\/www.europesays.com\/fr\/wp-content\/uploads\/2025\/12\/6949942c8753b90c10099080.1.jpeg\" width=\"480\" height=\"300\" class=\"web_golden_m\" loading=\"lazy\" alt=\"Trop de vent ce lundi apr\u00e8s-midi \u00e0 Lorient La Base, Guirec Soud\u00e9e et son \u00e9quipe ont retard\u00e9 le d\u00e9part du ponton.\"\/>Trop de vent ce lundi apr\u00e8s-midi \u00e0 Lorient La Base, Guirec Soud\u00e9e et son \u00e9quipe ont retard\u00e9 le d\u00e9part du ponton. (Photo Philippe Eli\u00e8s)<\/p>\n<p>\u00ab Partir avant No\u00ebl, je ne pouvais pas r\u00eaver d\u2019un plus beau cadeau \u00bb, a-t-il l\u00e2ch\u00e9 avant de larguer les amarres avec son \u00e9quipe et de prendre, en solo cette fois, le d\u00e9part de ce grand tour du monde contre vents et courants dominants, mardi matin. La fen\u00eatre m\u00e9t\u00e9o est bonne pour une entame en douceur.<\/p>\n<p>Avant de quitter le monde des terriens, le skipper a tenu \u00e0 baptiser son maxi-trimaran. Et il n\u2019a pas choisi n\u2019importe qui pour casser la bouteille. \u00ab Eug\u00e8ne Riguidel \u00e9tait d\u00e9j\u00e0 le parrain de mon Imoca pour le Vend\u00e9e Globe. Eug\u00e8ne \u00e9tait un grand copain de mon p\u00e8re que j\u2019ai perdu il y a quelques ann\u00e9es. Je pense qu\u2019Eug\u00e8ne n\u2019y est pas pour rien si j\u2019en suis l\u00e0 aujourd\u2019hui. D\u2019une certaine fa\u00e7on, cela me permet de partir un petit peu aussi avec mon p\u00e8re \u00bb. <\/p>\n<p>\u00ab Ce serait rigolo de croiser les deux Ultimes \u00bb<\/p>\n<p>Ce mardi matin, le chrono sera donc d\u00e9clench\u00e9 pour cette tentative de record autour du monde d\u2019ouest en est. Le record \u00e0 battre n\u2019est pas haut perch\u00e9 puisqu\u2019en 2004, Jean-Luc Van den Heede avait boucl\u00e9 la boucle en 122 jours, 14 h 03&rsquo;49\u00a0\u00bb \u00e0 la barre d\u2019un grand monocoque en aluminium de 20 tonnes, \u00e0 7,40 n\u0153uds de moyenne. L&rsquo;Ultime de Soud\u00e9e, s&rsquo;il n&rsquo;est pas volant, va au moins trois fois plus vite que le monocoque.<\/p>\n<p>En cette fin d&rsquo;ann\u00e9e 2025, nous allons donc avoir trois maxi-trimarans \u00e0 tourner autour de la plan\u00e8te, deux dans le bon sens sur le Troph\u00e9e Jules-Verne (le <a href=\"https:\/\/www.letelegramme.fr\/voile-course-en-direct\/\" target=\"_blank\" rel=\"noopener\">Sodebo 3<\/a> de Thomas Coville et <a href=\"https:\/\/www.letelegramme.fr\/voile-course-en-direct\/\" target=\"_blank\" rel=\"noopener\">Idec Sport CIC d&rsquo;Alexia Barrier<\/a>), et Guirec Soud\u00e9e dans le \u00ab\u00a0mauvais sens\u00a0\u00bb. Quand on vous disait qu\u2019il ne faisait jamais rien comme les autres. \u00ab C\u2019est chouette de savoir qu\u2019il y a deux Ultimes d\u00e9j\u00e0 en mer. Ce serait rigolo de les croiser. Je ne sais pas si \u00e7a va pouvoir se faire mais ce qui est s\u00fbr, c\u2019est qu\u2019ils risquent de rentrer \u00e0 bon port bien avant moi \u00bb.<\/p>\n","protected":false},"excerpt":{"rendered":"Tour du monde \u00e0 l\u2019envers Il ne fait d\u00e9cid\u00e9ment rien comme les autres Guirec Soud\u00e9e. Ce lundi, \u00e0&hellip;\n","protected":false},"author":2,"featured_media":617249,"comment_status":"","ping_status":"","sticky":false,"template":"","format":"standard","meta":{"footnotes":""},"categories":[1411],"tags":[1154,207,3166,1011,27,60,2955,10887],"class_list":{"0":"post-617248","1":"post","2":"type-post","3":"status-publish","4":"format-standard","5":"has-post-thumbnail","7":"category-cyclisme","8":"tag-cycling","9":"tag-cyclisme","10":"tag-en-continu-sports","11":"tag-fr","12":"tag-france","13":"tag-sports","14":"tag-videos","15":"tag-voile"},"share_on_mastodon":{"url":"https:\/\/pubeurope.com\/@fr\/115767250881785639","error":""},"_links":{"self":[{"href":"https:\/\/www.europesays.com\/fr\/wp-json\/wp\/v2\/posts\/617248","targetHints":{"allow":["GET"]}}],"collection":[{"href":"https:\/\/www.europesays.com\/fr\/wp-json\/wp\/v2\/posts"}],"about":[{"href":"https:\/\/www.europesays.com\/fr\/wp-json\/wp\/v2\/types\/post"}],"author":[{"embeddable":true,"href":"https:\/\/www.europesays.com\/fr\/wp-json\/wp\/v2\/users\/2"}],"replies":[{"embeddable":true,"href":"https:\/\/www.europesays.com\/fr\/wp-json\/wp\/v2\/comments?post=617248"}],"version-history":[{"count":0,"href":"https:\/\/www.europesays.com\/fr\/wp-json\/wp\/v2\/posts\/617248\/revisions"}],"wp:featuredmedia":[{"embeddable":true,"href":"https:\/\/www.europesays.com\/fr\/wp-json\/wp\/v2\/media\/617249"}],"wp:attachment":[{"href":"https:\/\/www.europesays.com\/fr\/wp-json\/wp\/v2\/media?parent=617248"}],"wp:term":[{"taxonomy":"category","embeddable":true,"href":"https:\/\/www.europesays.com\/fr\/wp-json\/wp\/v2\/categories?post=617248"},{"taxonomy":"post_tag","embeddable":true,"href":"https:\/\/www.europesays.com\/fr\/wp-json\/wp\/v2\/tags?post=617248"}],"curies":[{"name":"wp","href":"https:\/\/api.w.org\/{rel}","templated":true}]}}