{"id":617252,"date":"2025-12-23T05:34:15","date_gmt":"2025-12-23T05:34:15","guid":{"rendered":"https:\/\/www.europesays.com\/fr\/617252\/"},"modified":"2025-12-23T05:34:15","modified_gmt":"2025-12-23T05:34:15","slug":"anny-duperey-ecartee-a-la-derniere-minute-de-danse-avec-les-stars-elle-balance-la-raison-de-son-eviction","status":"publish","type":"post","link":"https:\/\/www.europesays.com\/fr\/617252\/","title":{"rendered":"Anny Duperey \u00e9cart\u00e9e \u00e0 la derni\u00e8re minute de Danse avec les stars : elle balance la raison de son \u00e9viction"},"content":{"rendered":"<p>La nouvelle saison de <strong><a href=\"https:\/\/www.public.fr\/tag\/danse-avec-les-stars\" target=\"_blank\" rel=\"noopener\">Danse avec les stars<\/a><\/strong> <strong>se fera sans Anny Duperey, c\u2019est d\u00e9sormais officiel<\/strong>. Et pourtant, la com\u00e9dienne de 78 ans <a href=\"https:\/\/www.public.fr\/anny-duperey-philippe-lellouche-stephane-bern-les-premiers-noms-de-danse-avec-les-stars-fuitent\" target=\"_blank\" rel=\"noopener\">devait bel et bien figurer au casting<\/a>. Toutefois, les \u00ab\u00a0grands chefs\u00a0\u00bb en auraient d\u00e9cid\u00e9 autrement selon ses dires aupr\u00e8s du <a href=\"https:\/\/www.leparisien.fr\/culture-loisirs\/tv\/je-trouve-ca-ahurissant-anny-duperey-ecartee-de-danse-avec-les-stars-a-la-derniere-minute-22-12-2025-GNE3BRKOT5EIFN2FQBHDXPIYQM.php?ts=1766434006177\" target=\"_blank\" rel=\"noopener\">Parisien<\/a>.<\/p>\n<p>Apr\u00e8s avoir termin\u00e9 la tourn\u00e9e de sa pi\u00e8ce Le Duplex, la com\u00e9dienne a en effet accept\u00e9 avec enthousiasme la proposition de la production, ravie de relever ce nouveau d\u00e9fi artistique. <strong>Elle avait m\u00eame rencontr\u00e9 son partenaire de danse, Yann-Alrick Mortreuil,<\/strong> r\u00e9p\u00e9t\u00e9 et obtenu le feu vert m\u00e9dical pour participer \u00e0 l\u2019\u00e9mission.\u00a0<\/p>\n<p>Pourtant, jeudi dernier, son agente a re\u00e7u un appel de la production annon\u00e7ant que la com\u00e9dienne <strong>ne figurerait finalement pas <a href=\"https:\/\/www.public.fr\/cest-scandaleux-olivier-minne-se-lache-et-balance-tout-sur-son-elimination-de-danse-avec-les-stars\" target=\"_blank\" rel=\"noopener\">dans le casting<\/a><\/strong>, aux c\u00f4t\u00e9s de c\u00e9l\u00e9brit\u00e9s telles que <a href=\"https:\/\/www.public.fr\/tag\/stephane-bern\" target=\"_blank\" rel=\"noopener\">St\u00e9phane Bern<\/a>, Philippe Lellouche ou <a href=\"https:\/\/www.public.fr\/tag\/laure-manaudou\" target=\"_blank\" rel=\"noopener\">Laure Manaudou<\/a>. Dans une interview accord\u00e9e au Parisien, Anny Duperey partage son incompr\u00e9hension et sa col\u00e8re face \u00e0 cette d\u00e9cision, qu\u2019elle attribue directement \u00e0 son \u00e2ge, d\u00e9non\u00e7ant ce qu\u2019elle consid\u00e8re comme une mise \u00e0 l\u2019\u00e9cart injuste et discriminatoire.<\/p>\n<p><strong>Anny Duperey avait tout pr\u00e9par\u00e9 et avait m\u00eame rencontr\u00e9 son danseur<\/strong><\/p>\n<p>Pour Anny Duperey, l\u2019id\u00e9e de participer \u00e0 <strong>Danse avec les stars<\/strong> \u00e9tait pourtant <strong>une certitude<\/strong>. \u00ab\u00a0Tout d\u00e9but septembre, la production m\u2019a contact\u00e9e pour me demander si \u00e7a m\u2019amusait de faire cette \u00e9mission. J\u2019avais d\u00e9j\u00e0 particip\u00e9 \u00e0 Mask Singer en avril 2023 et je m\u2019y \u00e9tais \u00e9norm\u00e9ment amus\u00e9e\u00a0\u00bb, r\u00e9v\u00e8le-t-elle \u00e0 nos confr\u00e8res. En \u00e9voquant son agr\u00e9able souvenir de son passage dans <strong>Mask Singer<\/strong>, la com\u00e9dienne de 78 ans n\u2019a pas manqu\u00e9 de saluer et souligner le travail des artisans derri\u00e8re ces \u00e9missions populaires.<\/p>\n<p>Reconnaissante du travail des \u00e9quipes \u00ab\u00a0derri\u00e8re\u00a0\u00bb ces programmes, et en gardant un excellent souvenir apr\u00e8s avoir fait un passage dans l\u2019autre \u00e9mission pr\u00e9sent\u00e9e par Camille Combal, l\u2019actrice a donc accept\u00e9 la proposition pour <strong>Danse avec les stars<\/strong>.\u00a0<\/p>\n<p>Tr\u00e8s rapidement, elle rencontre son partenaire, Yann-Alrick Mortreuil, et commence \u00e0 r\u00e9p\u00e9ter.\u00a0 \u00ab\u00a0Le 10 septembre, je suis all\u00e9e dans les studios de Malakoff pour rencontrer Yann-Alrick. On s\u2019est marr\u00e9s comme des baleines. J\u2019ai trouv\u00e9 qu\u2019il \u00e9tait infiniment sympathique. <strong>On a r\u00e9gl\u00e9 une premi\u00e8re danse qui \u00e9tait une jolie valse<\/strong>\u00ab\u00a0, se souvient-elle. Les pr\u00e9paratifs se poursuivent avec rigueur : tests m\u00e9dicaux, programme des primes en janvier et organisation de son emploi du temps jusqu\u2019\u00e0 fin avril pour se consacrer enti\u00e8rement \u00e0 l\u2019\u00e9mission. Anny Duperey se sent pr\u00eate pour relever le d\u00e9fi et rappelle qu\u2019elle pratique la barre au sol quotidiennement, danse dans sa pi\u00e8ce le Duplex et continue \u00e0 bouger comme elle le faisait depuis sa jeunesse.<\/p>\n<p><strong>Un veto soudain attribu\u00e9 \u00e0 son \u00e2ge<\/strong> par les \u00ab\u00a0chefs\u00a0\u00bb de \u00ab\u00a0Danse avec les stars\u00a0\u00bb<\/p>\n<p>Malgr\u00e9 ces pr\u00e9paratifs, <strong>la nouvelle tombe brutalement<\/strong> : la production informe l&rsquo;agente d&rsquo;Anny Duperey, Danielle Gain, que la direction de TF1 a d\u00e9couvert son \u00e2ge et d\u00e9cid\u00e9 qu\u2019elle ne pourrait pas participer. \u00ab\u00a0La production m\u2019a dit qu\u2019ils \u00e9taient d\u00e9sol\u00e9s. <strong>Je trouve \u00e7a ahurissant qu\u2019on d\u00e9couvre maintenant ma date de naissance<\/strong>. Ils auraient pu quand m\u00eame s\u2019apercevoir un peu plus t\u00f4t que j\u2019\u00e9tais n\u00e9e en 1947 !\u00a0\u00bb d\u00e9clare l\u2019actrice. Celle-ci r\u00e9v\u00e8le \u00e9galement qu\u2019il s\u2019agirait d\u2019une d\u00e9cision des \u00ab\u00a0grands chefs, \u2018dans les bureaux en verre\u2019, qui avaient pos\u00e9 un veto \u00e0 [sa] participation\u00a0\u00bb.<\/p>\n<p>Pour Anny Duperey, il s\u2019agit d\u2019un blacklistage des artistes plus \u00e2g\u00e9s, ind\u00e9pendamment de leur forme physique ou de leur capacit\u00e9 \u00e0 r\u00e9aliser les performances demand\u00e9es : \u00ab\u00a0C\u2019est la preuve qu\u2019aujourd\u2019hui, on vous met subtilement au rancart \u00e0 cause de votre \u00e2ge, sans se soucier de savoir dans quelle forme vous \u00eates ni si vous pouvez encore faire le grand \u00e9cart\u00a0\u00bb.<\/p>\n<p>Elle explique m\u00eame avoir pr\u00e9par\u00e9 <strong>une petite d\u00e9monstration de sa souplesse pour les dirigeants<\/strong> : \u00ab\u00a0J\u2019adorerais en faire une carte de v\u0153ux et l\u2019envoyer aux dirigeants de TF1 en \u00e9crivant \u2018Sans rancune. Je vous souhaite de tout c\u0153ur de pouvoir faire \u00e7a \u00e0 mon \u00e2ge.\u2019\u00a0\u00bb Malgr\u00e9 sa d\u00e9ception, elle refuse d\u2019attaquer la production directement, laissant son agente g\u00e9rer la situation, tout en exprimant sa col\u00e8re et sa frustration face \u00e0 cette d\u00e9cision qu&rsquo;Anny Duperey juge arbitraire et injuste.<\/p>\n<p>\n          Hits &amp; People en continu\n        <\/p>\n<p>\n          Public Radio\n        <\/p>\n<p>      Mentionn\u00e9s dans cet article<\/p>\n<p>      Sur le m\u00eame sujet<\/p>\n","protected":false},"excerpt":{"rendered":"La nouvelle saison de Danse avec les stars se fera sans Anny Duperey, c\u2019est d\u00e9sormais officiel. Et pourtant,&hellip;\n","protected":false},"author":2,"featured_media":617253,"comment_status":"","ping_status":"","sticky":false,"template":"","format":"standard","meta":{"footnotes":""},"categories":[1359],"tags":[4952,194,58,59,1011,27,5983,973,199],"class_list":{"0":"post-617252","1":"post","2":"type-post","3":"status-publish","4":"format-standard","5":"has-post-thumbnail","7":"category-people","8":"tag-anny-duperey","9":"tag-danse-avec-les-stars","10":"tag-divertissement","11":"tag-entertainment","12":"tag-fr","13":"tag-france","14":"tag-mask-singer","15":"tag-people","16":"tag-tf1"},"share_on_mastodon":{"url":"https:\/\/pubeurope.com\/@fr\/115767257828557266","error":""},"_links":{"self":[{"href":"https:\/\/www.europesays.com\/fr\/wp-json\/wp\/v2\/posts\/617252","targetHints":{"allow":["GET"]}}],"collection":[{"href":"https:\/\/www.europesays.com\/fr\/wp-json\/wp\/v2\/posts"}],"about":[{"href":"https:\/\/www.europesays.com\/fr\/wp-json\/wp\/v2\/types\/post"}],"author":[{"embeddable":true,"href":"https:\/\/www.europesays.com\/fr\/wp-json\/wp\/v2\/users\/2"}],"replies":[{"embeddable":true,"href":"https:\/\/www.europesays.com\/fr\/wp-json\/wp\/v2\/comments?post=617252"}],"version-history":[{"count":0,"href":"https:\/\/www.europesays.com\/fr\/wp-json\/wp\/v2\/posts\/617252\/revisions"}],"wp:featuredmedia":[{"embeddable":true,"href":"https:\/\/www.europesays.com\/fr\/wp-json\/wp\/v2\/media\/617253"}],"wp:attachment":[{"href":"https:\/\/www.europesays.com\/fr\/wp-json\/wp\/v2\/media?parent=617252"}],"wp:term":[{"taxonomy":"category","embeddable":true,"href":"https:\/\/www.europesays.com\/fr\/wp-json\/wp\/v2\/categories?post=617252"},{"taxonomy":"post_tag","embeddable":true,"href":"https:\/\/www.europesays.com\/fr\/wp-json\/wp\/v2\/tags?post=617252"}],"curies":[{"name":"wp","href":"https:\/\/api.w.org\/{rel}","templated":true}]}}