{"id":617254,"date":"2025-12-23T05:35:25","date_gmt":"2025-12-23T05:35:25","guid":{"rendered":"https:\/\/www.europesays.com\/fr\/617254\/"},"modified":"2025-12-23T05:35:25","modified_gmt":"2025-12-23T05:35:25","slug":"immersion-exclusive-au-coeur-dun-geant-invisible","status":"publish","type":"post","link":"https:\/\/www.europesays.com\/fr\/617254\/","title":{"rendered":"immersion exclusive au c\u0153ur d\u2019un g\u00e9ant invisible"},"content":{"rendered":"<p>                    Par<br \/>\n        <strong><br \/>\n            <a href=\"https:\/\/actu.fr\/auteur\/sophie-quesnel\" title=\"Consulter tous les articles de Sophie Quesnel\" target=\"_blank\" rel=\"noopener\">Sophie Quesnel<\/a><br \/>\n                    <\/strong><\/p>\n<p>        Publi\u00e9 le<\/p>\n<p>            22 d\u00e9c. 2025 \u00e0 7h20        <\/p>\n<p>\u00c9tablissement unique en France, en grande partie enterr\u00e9 sous le niveau de la mer, <a href=\"https:\/\/actu.fr\/normandie\/deauville_14220\/histoire-a-deauville-au-cid-anne-dornano-30-ans-devenements-de-rencontres-et-de-cinema_53618011.html\" target=\"_blank\" rel=\"noopener\">le Centre International de Deauville <\/a>(Calvados) se d\u00e9voile que rarement autrement que par son auditorium et ses tapis rouges. Nous avons eu le privil\u00e8ge d\u2019en visiter les coulisses avec Jo\u00ebl, coordinateur technique. Reportage dans un vaisseau de b\u00e9ton suspendu par des c\u00e2bles, entre cath\u00e9drale de gaines et souvenirs de stars.<\/p>\n<p class=\" wall-content\">Plonger dans les entrailles du CID, c\u2019est un peu comme d\u00e9couvrir l\u2019envers du d\u00e9cor d\u2019un th\u00e9\u00e2tre \u00e0 l\u2019italienne, version \u00ab\u2009blockbuster\u2009\u00bb technique. Sous la verri\u00e8re lumineuse qui domine l<a href=\"https:\/\/actu.fr\/normandie\/deauville_14220\/sur-le-front-de-mer-de-deauville-renforcement-de-la-securite-et-de-la-protection-de-l-environnement_43669199.html\" target=\"_blank\" rel=\"noopener\">e front de mer<\/a>, se cache un monstre de b\u00e9ton, d\u2019acier et d\u2019ing\u00e9niosit\u00e9, unique en France.<\/p>\n<p class=\" wall-content\">Un b\u00e2timent si atypique qu\u2019il d\u00e9fie les r\u00e8gles, les normes, et m\u00eame l\u2019imagination.<\/p>\n<p>Un b\u00e2timent, litt\u00e9ralement, hors-norme<\/p>\n<p class=\" wall-content\">Imaginez\u2009: 18\u2009000 m\u00b2 accessibles au public, 38\u2009000 m\u00b2 si l\u2019on compte les locaux techniques. Trois niveaux, dont le premier est d\u00e9j\u00e0 sous le niveau de la mer.<\/p>\n<p class=\" wall-content\">Ici, \u00e0 Deauville, le CID n\u2019est pas qu\u2019un palais des congr\u00e8s\u2009: c\u2019est une cuve en b\u00e9ton, ancr\u00e9e dans le sol comme un navire amarr\u00e9, soutenue par 180 haubans enfonc\u00e9s \u00e0 40\u00a0m\u00e8tres de profondeur. \u00ab\u2009Une cuve en b\u00e9ton, comme un pont \u00e0 l\u2019envers\u2009\u00bb r\u00e9sume Jo\u00ebl, le coordinateur technique, qui veille sur ce \u00ab\u2009b\u00e9b\u00e9\u2009\u00bb depuis sa construction en 1992.<\/p>\n<p class=\" wall-content\">Pourquoi une telle folie\u2009? Parce qu\u2019\u00e0 l\u2019\u00e9poque, les r\u00e8gles n\u2019interdisaient pas encore les ERP (\u00c9tablissements recevant du public) souterrains. Aujourd\u2019hui, ce serait impossible\u2009: \u00ab\u2009Un ERP \u00e0 cette profondeur est d\u00e9sormais prohib\u00e9\u2009\u00bb, confirme Jo\u00ebl. Le CID est donc le seul et restera unique. \u00ab\u2009Un d\u00e9fi permanent\u2009\u00bb ajoute-t-il, un sourire en coin. Car maintenir en \u00e9tat un b\u00e2timent semi-enterr\u00e9, c\u2019est comme soigner un patient sous perfusion\u2009: il faut surveiller la pression des sols, l\u2019\u00e9tanch\u00e9it\u00e9 des parois moul\u00e9es, et les 17 centrales de traitement d\u2019air qui brassent jusqu\u2019\u00e0 50\u2009000 m\u00b3 d\u2019air par heure.<\/p>\n<p>    <img   decoding=\"async\" loading=\"lazy\" class=\"size-large\" src=\"https:\/\/www.europesays.com\/fr\/wp-content\/uploads\/2025\/12\/53f70c686b296c7f70c686b293cf70v-768x640.jpg\" alt=\"Cuve CID\" width=\"768\" height=\"640\"\/><br \/>\n    Une cuve en b\u00e9ton, ancr\u00e9e dans le sol comme un navire amarr\u00e9, soutenue par 180 haubans enfonc\u00e9s \u00e0 40\u00a0m\u00e8tres de profondeur. \u00a9S.Q.L\u2019architecte visionnaire\u2009: Patrick Le Gosl\u00e8s<\/p>\n<p class=\" wall-content\">Si le CID est une prouesse, c\u2019est d\u2019abord gr\u00e2ce \u00e0 l\u2019audace de son architecte, <a href=\"https:\/\/actu.fr\/normandie\/deauville_14220\/patrick-gosles-larchitecte-centre-international-deauville-est-decede_30456507.html\" target=\"_blank\" rel=\"noopener\">Patrick Le Gosl\u00e8s\u00a0<\/a>choisi en 1988 par un jury de Deauvillais et de professionnels. \u00c0 l\u2019\u00e9poque, le projet \u00e9tait r\u00e9volutionnaire\u2009: un palais des congr\u00e8s semi-enterr\u00e9, inspir\u00e9 des convention centers am\u00e9ricains, mais adapt\u00e9 aux contraintes g\u00e9ologiques locales. \u00ab\u2009En 1992, c\u2019\u00e9tait de la science-fiction\u2009\u00bb raconte Jo\u00ebl. \u00ab\u2009Aujourd\u2019hui, on chauffe encore le b\u00e2timent avec la chaleur de la piscine olympique voisine, et les m\u00eames machines servent \u00e0 la fois pour le chauffage et le d\u00e9senfumage en cas d\u2019incendie.\u2009\u00bb<\/p>\n<p>Votre r\u00e9gion, votre actu !<\/p>\n<p>Recevez chaque jour les infos qui comptent pour vous.<\/p>\n<p>\t<a href=\"https:\/\/actu.fr\/newsletter\" class=\"ac-btn ac-btn--corner ac-btn--medium ac-btn--blue800\" target=\"_blank\" rel=\"noopener\">S&rsquo;incrire<\/a><\/p>\n<p class=\" wall-content\">Le Gosl\u00e8s a imagin\u00e9 un b\u00e2timent \u00ab\u2009cath\u00e9drale\u2009\u00bb, o\u00f9 les r\u00e9seaux de chauffage et de climatisation s\u2019enchev\u00eatrent comme des lianes dans une jungle technique. \u00ab\u2009Nous avons des machines empil\u00e9es sur trois niveaux, avec des gaines grandes comme des tunnels\u2009\u00bb, d\u00e9crit Jo\u00ebl. \u00ab\u2009Pour changer un moteur de 400\u00a0kg, il faut d\u00e9monter\u00a0des parois, slalomer entre les tuyaux, et prier pour ne pas se perdre\u2009\u00bb.\u00a0Car oui, ici, on se perd. M\u00eame les habitu\u00e9s.<\/p>\n<p>La maintenance\u2009: une symphonie parfois dissonante<\/p>\n<p class=\" wall-content\">Avec seulement deux personnes en \u00e9quipe interne et une quarantaine de prestataires, la maintenance du CID rel\u00e8ve de l\u2019exploit quotidien. \u00ab\u2009Nous sommes des couteaux suisses\u2009\u00bb s\u2019amuse Jo\u00ebl. \u00ab\u2009Un jour, on r\u00e9pare un nez de marche cass\u00e9, le lendemain, on supervise le remplacement d\u2019une centrale climatique.\u2009\u00bb<\/p>\n<p class=\" wall-content\">Les d\u00e9fis\u2009? Ils sont l\u00e9gion. L\u2019\u00e9tanch\u00e9it\u00e9 par exemple, pas une goutte d\u2019eau ne doit passer, malgr\u00e9 les pressions du sol et des marais environnants. Le bruit aussi, rien ne doit filtrer \u00e0 l\u2019ext\u00e9rieur. Quand les machines tournent, c\u2019est comme si elles chuchotaient. \u00ab\u2009Sans oublier l\u2019espace, chaque m\u00e8tre carr\u00e9 co\u00fbte 10\u2009000\u00a0\u20ac. On stocke du mat\u00e9riel dans des r\u00e9serves sans lumi\u00e8re, accessibles par des \u00e9chelles de chantier.\u2009\u00bb<\/p>\n<p class=\" wall-content\">Et puis, il y a l\u2019\u00e9motion. Celle de Jo\u00ebl, qui a travaill\u00e9 sur le chantier en 1991 avant de devenir le gardien du temple. \u00ab\u2009J\u2019ai vu passer <a href=\"https:\/\/actu.fr\/normandie\/deauville_14220\/entre-la-famille-douglas-et-deauville-la-love-story-a-commence-avec-le-festival-du-cinema-americain_61572010.html\" target=\"_blank\" rel=\"noopener\">Kirk Douglas,<\/a> John Travolta, <a href=\"https:\/\/actu.fr\/normandie\/deauville_14220\/deauville-2018-morgan-freeman-sarah-jessica-parker-deux-grandes-stars-et-deux-histoires_61368870.html\" target=\"_blank\" rel=\"noopener\">Morgan Freeman<\/a>\u2026 Des stars, mais aussi des anonymes \u00e9mus aux larmes lors d\u2019un concert.\u2009\u00bb Le CID, c\u2019est aussi \u00e7a\u2009: un lieu o\u00f9 la technique sert l\u2019art, o\u00f9 le b\u00e9ton rencontre l\u2019\u00e9motion.<\/p>\n<p>    <img   decoding=\"async\" loading=\"lazy\" class=\"size-large\" src=\"https:\/\/www.europesays.com\/fr\/wp-content\/uploads\/2025\/12\/e24abcb96b296f64abcb96b29ea4abv-960x640.jpg\" alt=\"Entreposage CID\" width=\"960\" height=\"640\"\/><br \/>\n    Entreposer le mat\u00e9riel n\u00e9cessite des dizaines d\u2019espaces savamment orchestr\u00e9s. \u00a9Sophie QUESNELUn lieu unique, un h\u00e9ritage \u00e0 pr\u00e9server<\/p>\n<p class=\" wall-content\"><a href=\"https:\/\/actu.fr\/normandie\/deauville_14220\/deauville-1992-clint-eastwood-vient-inaugurer-le-cid-nouveau-temple-du-cinema-americain_60624174.html\" target=\"_blank\" rel=\"noopener\">Trente ans apr\u00e8s son inauguration,<\/a> le CID reste un ovni architectural. \u00ab\u2009On a failli voir trop grand\u2009\u00bb confiait un jour l\u2019architecte\u00a0\u00e0 Anne d\u2019Ornano, lors de l\u2019inauguration de l\u2019auditorium. \u00ab\u2009Aujourd\u2019hui, on se dit qu\u2019on a vu trop petit.\u2009\u00bb Avec ses 1\u2009497 places et non 1\u2009500, \u00ab\u2009pour des raisons techniques\u2009\u00bb, ses halls modulables, et ses coulisses dignes d\u2019un paquebot, le CID est bien plus qu\u2019un palais des congr\u00e8s\u2009: c\u2019est un symbole.<\/p>\n<p class=\" wall-content\">Un symbole de l\u2019audace normande, de l\u2019innovation \u00e0 la fran\u00e7aise, et de ces lieux qui, contre vents et mar\u00e9es (litt\u00e9ralement), continuent de faire r\u00eaver. \u00ab\u2009Ici, on est fous\u2009\u00bb, disait l\u2019architecte en 1992. Trente ans plus tard, cette folie a un nom\u2009: le CID.<\/p>\n<p>Le CID, ou l\u2019art de r\u00e9inventer sans oublier<\/p>\n<p class=\" wall-content\"><a href=\"https:\/\/actu.fr\/normandie\/deauville_14220\/pendant-le-festival-de-deauville-le-cid-veille-a-limiter-limpact-sur-lenvironnement_63148830.html\" target=\"_blank\" rel=\"noopener\">Le CID, c\u2019est bien plus qu\u2019un palais des congr\u00e8s<\/a>. C\u2019est un symbole de l\u2019audace, celle d\u2019avoir construit un b\u00e2timent unique, malgr\u00e9 les contraintes.\u00a0De la r\u00e9silience, celle de le faire vivre, ann\u00e9e apr\u00e8s ann\u00e9e, malgr\u00e9 les d\u00e9fis techniques. De l\u2019humain, car derri\u00e8re les machines, les chiffres, et les projets de r\u00e9organisation, il y a \u00ab\u2009des hommes et des femmes qui font tourner la machine.\u2009\u00bb<\/p>\n<p class=\" wall-content\">Alors, la prochaine fois que vous assisterez \u00e0 un concert ou \u00e0 un congr\u00e8s au CID, souvenez-vous\u2009: \u00ab\u2009derri\u00e8re chaque note, chaque mot, chaque d\u00e9tail technique, il y a une histoire.\u2009\u00bb Celle d\u2019un lieu qui, comme toute organisation, doit sans cesse \u00ab\u2009se r\u00e9inventer sans oublier ce qui fait son \u00e2me.\u2009\u00bb<\/p>\n<p class=\" wall-content\">Personnalisez votre actualit\u00e9 en ajoutant vos villes et m\u00e9dias en favori avec <a href=\"https:\/\/moncompte.actu.fr\" title=\"D\u00e9couvez Mon Actu\" rel=\"nofollow noopener\" data-trk=\"{&quot;cta&quot;:{&quot;action&quot;:&quot;https:\\\/\\\/moncompte.actu.fr&quot;,&quot;category&quot;:&quot;mon compte&quot;,&quot;from&quot;:&quot;article footer&quot;,&quot;name&quot;:&quot;Mon actu&quot;,&quot;type&quot;:&quot;cta&quot;}}\" target=\"_blank\">Mon Actu<\/a>.<\/p>\n","protected":false},"excerpt":{"rendered":"Par Sophie Quesnel Publi\u00e9 le 22 d\u00e9c. 2025 \u00e0 7h20 \u00c9tablissement unique en France, en grande partie enterr\u00e9&hellip;\n","protected":false},"author":2,"featured_media":617255,"comment_status":"","ping_status":"","sticky":false,"template":"","format":"standard","meta":{"footnotes":""},"categories":[1358],"tags":[1348,1384,1385,72774,1386,58,59,1011,27,104],"class_list":{"0":"post-617254","1":"post","2":"type-post","3":"status-publish","4":"format-standard","5":"has-post-thumbnail","7":"category-arts-et-design","8":"tag-arts","9":"tag-arts-and-design","10":"tag-arts-et-design","11":"tag-cid-deauville","12":"tag-design","13":"tag-divertissement","14":"tag-entertainment","15":"tag-fr","16":"tag-france","17":"tag-societe"},"share_on_mastodon":{"url":"https:\/\/pubeurope.com\/@fr\/115767262793289681","error":""},"_links":{"self":[{"href":"https:\/\/www.europesays.com\/fr\/wp-json\/wp\/v2\/posts\/617254","targetHints":{"allow":["GET"]}}],"collection":[{"href":"https:\/\/www.europesays.com\/fr\/wp-json\/wp\/v2\/posts"}],"about":[{"href":"https:\/\/www.europesays.com\/fr\/wp-json\/wp\/v2\/types\/post"}],"author":[{"embeddable":true,"href":"https:\/\/www.europesays.com\/fr\/wp-json\/wp\/v2\/users\/2"}],"replies":[{"embeddable":true,"href":"https:\/\/www.europesays.com\/fr\/wp-json\/wp\/v2\/comments?post=617254"}],"version-history":[{"count":0,"href":"https:\/\/www.europesays.com\/fr\/wp-json\/wp\/v2\/posts\/617254\/revisions"}],"wp:featuredmedia":[{"embeddable":true,"href":"https:\/\/www.europesays.com\/fr\/wp-json\/wp\/v2\/media\/617255"}],"wp:attachment":[{"href":"https:\/\/www.europesays.com\/fr\/wp-json\/wp\/v2\/media?parent=617254"}],"wp:term":[{"taxonomy":"category","embeddable":true,"href":"https:\/\/www.europesays.com\/fr\/wp-json\/wp\/v2\/categories?post=617254"},{"taxonomy":"post_tag","embeddable":true,"href":"https:\/\/www.europesays.com\/fr\/wp-json\/wp\/v2\/tags?post=617254"}],"curies":[{"name":"wp","href":"https:\/\/api.w.org\/{rel}","templated":true}]}}