{"id":617256,"date":"2025-12-23T05:37:29","date_gmt":"2025-12-23T05:37:29","guid":{"rendered":"https:\/\/www.europesays.com\/fr\/617256\/"},"modified":"2025-12-23T05:37:29","modified_gmt":"2025-12-23T05:37:29","slug":"le-showrunner-de-stranger-things-devoile-enfin-la-recette-gagnante-du-spin-off-tales-from-85","status":"publish","type":"post","link":"https:\/\/www.europesays.com\/fr\/617256\/","title":{"rendered":"Le showrunner de Stranger Things d\u00e9voile enfin la recette gagnante du spin-off \u201cTales From \u201985\u201d"},"content":{"rendered":"<p class=\"chapo\">Le showrunner de Stranger Things: Tales From \u201985 d\u00e9voile la m\u00e9thode qui a permis \u00e0 l\u2019\u00e9quipe de r\u00e9ussir le d\u00e9veloppement tant attendu du spin-off, promettant une nouvelle aventure captivante dans l\u2019univers de la s\u00e9rie culte des ann\u00e9es 80.<\/p>\n<p>Tl;dr<\/p>\n<ul>\n<li>Un spin-off \u00ab Tales From \u201985 \u00bb annonc\u00e9 pour 2026.<\/li>\n<li>L\u2019intrigue se situe entre les saisons 2 et 3.<\/li>\n<li>La s\u00e9rie promet de nouveaux monstres et une vraie tension.<\/li>\n<\/ul>\n<p>Un nouvel horizon pour Stranger Things<\/p>\n<p>Apr\u00e8s la conclusion attendue de la saison finale de <strong>Stranger Things<\/strong>, qui s\u2019\u00e9talera sur deux parties et culminera le soir du Nouvel An, les regards se tournent d\u00e9j\u00e0 vers l\u2019avenir du ph\u00e9nom\u00e8ne. \u00c0 ce titre, une nouvelle s\u00e9rie d\u00e9riv\u00e9e, <a href=\"https:\/\/www.begeek.fr\/un-nouveau-venu-rejoint-le-groupe-dans-stranger-things-mais-son-destin-sannonce-deja-sombre-416757\" target=\"_blank\" rel=\"noopener\"><strong>Stranger Things: Tales From \u201985<\/strong><\/a>, a \u00e9t\u00e9 officiellement annonc\u00e9e pour 2026, attisant la curiosit\u00e9 des fans et des observateurs du petit \u00e9cran.<\/p>\n<p>Une intrigue plac\u00e9e entre deux saisons cl\u00e9s<\/p>\n<p>Ce nouveau chapitre s\u2019immiscera dans l\u2019intervalle temporel s\u00e9parant la saison 2 de la saison 3. Un choix narratif qui n\u2019est pas anodin, d\u2019autant que la fermeture du portail vers l\u2019<strong>Upside Down<\/strong> par Eleven \u00e0 la fin de la saison 2 posait un v\u00e9ritable d\u00e9fi sc\u00e9naristique : comment introduire de nouvelles menaces surnaturelles sans acc\u00e8s direct au monde parall\u00e8le ? Le showrunner, Eric Robles, a confi\u00e9 lors d\u2019un entretien accord\u00e9 \u00e0 Entertainment Weekly avoir \u00ab\u00a0diss\u00e9qu\u00e9 la s\u00e9rie \u00e0 la recherche de failles et trouv\u00e9 LA solution\u00a0\u00bb\u00a0\u00bb. Selon lui, l\u2019id\u00e9e centrale repose sur un croisement in\u00e9dit : \u00ab\u00a0la science du laboratoire Hawkins rencontre la mati\u00e8re venue de l\u2019Upside Down\u00a0\u00bb.<\/p>\n<p>Myst\u00e8res, tension et cr\u00e9atures in\u00e9dites<\/p>\n<p>Cette fusion \u00e9trange engendre une \u00ab\u00a0r\u00e9action en cha\u00eene dans notre monde, avec l\u2019apparition de cr\u00e9atures inattendues\u00a0\u00bb, pr\u00e9cise Robles. Il insiste sur le fait que l\u2019enjeu est bien r\u00e9el pour les adolescents au c\u0153ur de l\u2019histoire : \u00ab\u00a0C\u2019est mordant. Ce n\u2019est pas Scooby-Doo, on ne sait pas si tout finira bien\u2026\u00a0\u00bb. Autrement dit, chaque \u00e9pisode s\u2019inscrit dans une ambiance plus sombre, o\u00f9 le danger plane r\u00e9ellement. Les spectateurs peuvent s\u2019attendre \u00e0 d\u00e9couvrir non seulement \u00ab\u00a0des monstres franchement impressionnants\u00a0\u00bb, mais aussi \u00e0 suivre un fil rouge myst\u00e9rieux tout au long de la saison.<\/p>\n<p>Pour rendre la lecture plus claire, voici ce qu\u2019on peut retenir :<\/p>\n<ul>\n<li>L\u2019intrigue progresse lentement \u2013 heure par heure, jour apr\u00e8s jour \u2013 permettant d\u2019\u00e9tirer le suspense sur plusieurs saisons potentielles.<\/li>\n<li>Toute future extension gardera le label \u00ab Tales From \u201985 \u00bb, garantissant une coh\u00e9rence temporelle.<\/li>\n<\/ul>\n<p>Vers une franchise durable ?<\/p>\n<p>Si ce premier volet s\u00e9duit le public, rien n\u2019emp\u00eachera l\u2019\u00e9quipe d\u2019imaginer plusieurs suites au sein de cette p\u00e9riode restreinte. Pour reprendre les mots de Robles, \u00ab\u00a0si nous devons continuer jusqu\u2019\u00e0 une hypoth\u00e9tique saison 25, tout pourra rester coh\u00e9rent avec le fil chronologique original\u2026 tant que les histoires ont quelque chose \u00e0 dire.\u00a0\u00bb Rendez-vous donc en 2026 pour juger sur pi\u00e8ces ce nouvel opus qui entend perp\u00e9tuer l\u2019aura singuli\u00e8re de <a href=\"https:\/\/www.begeek.fr\/le-nouveau-spin-off-de-stranger-things-situe-entre-les-saisons-4-et-5-vient-de-sortir-424963\" target=\"_blank\" rel=\"noopener\"><strong>Stranger Things<\/strong><\/a>.<\/p>\n","protected":false},"excerpt":{"rendered":"Le showrunner de Stranger Things: Tales From \u201985 d\u00e9voile la m\u00e9thode qui a permis \u00e0 l\u2019\u00e9quipe de r\u00e9ussir&hellip;\n","protected":false},"author":2,"featured_media":617257,"comment_status":"","ping_status":"","sticky":false,"template":"","format":"standard","meta":{"footnotes":""},"categories":[1356],"tags":[58,59,1011,27,252,1364],"class_list":{"0":"post-617256","1":"post","2":"type-post","3":"status-publish","4":"format-standard","5":"has-post-thumbnail","7":"category-television","8":"tag-divertissement","9":"tag-entertainment","10":"tag-fr","11":"tag-france","12":"tag-television","13":"tag-tv"},"share_on_mastodon":{"url":"https:\/\/pubeurope.com\/@fr\/115767269473658255","error":""},"_links":{"self":[{"href":"https:\/\/www.europesays.com\/fr\/wp-json\/wp\/v2\/posts\/617256","targetHints":{"allow":["GET"]}}],"collection":[{"href":"https:\/\/www.europesays.com\/fr\/wp-json\/wp\/v2\/posts"}],"about":[{"href":"https:\/\/www.europesays.com\/fr\/wp-json\/wp\/v2\/types\/post"}],"author":[{"embeddable":true,"href":"https:\/\/www.europesays.com\/fr\/wp-json\/wp\/v2\/users\/2"}],"replies":[{"embeddable":true,"href":"https:\/\/www.europesays.com\/fr\/wp-json\/wp\/v2\/comments?post=617256"}],"version-history":[{"count":0,"href":"https:\/\/www.europesays.com\/fr\/wp-json\/wp\/v2\/posts\/617256\/revisions"}],"wp:featuredmedia":[{"embeddable":true,"href":"https:\/\/www.europesays.com\/fr\/wp-json\/wp\/v2\/media\/617257"}],"wp:attachment":[{"href":"https:\/\/www.europesays.com\/fr\/wp-json\/wp\/v2\/media?parent=617256"}],"wp:term":[{"taxonomy":"category","embeddable":true,"href":"https:\/\/www.europesays.com\/fr\/wp-json\/wp\/v2\/categories?post=617256"},{"taxonomy":"post_tag","embeddable":true,"href":"https:\/\/www.europesays.com\/fr\/wp-json\/wp\/v2\/tags?post=617256"}],"curies":[{"name":"wp","href":"https:\/\/api.w.org\/{rel}","templated":true}]}}