{"id":617270,"date":"2025-12-23T05:44:20","date_gmt":"2025-12-23T05:44:20","guid":{"rendered":"https:\/\/www.europesays.com\/fr\/617270\/"},"modified":"2025-12-23T05:44:20","modified_gmt":"2025-12-23T05:44:20","slug":"la-chine-cible-des-produits-laitiers-europeens-vive-reaction-de-lue-22-12-2025-a-2103","status":"publish","type":"post","link":"https:\/\/www.europesays.com\/fr\/617270\/","title":{"rendered":"La Chine cible des produits laitiers europ\u00e9ens, vive r\u00e9action de l&rsquo;UE &#8211; 22\/12\/2025 \u00e0 21:03"},"content":{"rendered":"<p>        <img decoding=\"async\" src=\"https:\/\/www.europesays.com\/fr\/wp-content\/uploads\/2025\/12\/189be41c85ffd7a742ac47aa9345ebb0-760x514.jpg\" alt=\"La Chine va appliquer des droits antisubventions &quot;provisoires&quot; sur &quot;certains produits laitiers&quot; import\u00e9s de l'Union europ\u00e9enne, une mesure condamn\u00e9e par Bruxelles ( AFP \/ THIERRY CHARLIER )\" loading=\"eager\" fetchpriority=\"high\" width=\"760\" height=\"514\" style=\"max-width: 100%!important; height: auto;\"\/><\/p>\n<p class=\"c-image-news__legend\">La Chine va appliquer des droits antisubventions \u00ab\u00a0provisoires\u00a0\u00bb sur \u00ab\u00a0certains produits laitiers\u00a0\u00bb import\u00e9s de l&rsquo;Union europ\u00e9enne, une mesure condamn\u00e9e par Bruxelles ( AFP \/ THIERRY CHARLIER )<\/p>\n<p>\n Un nouveau front s&rsquo;est ouvert dans les relations commerciales d\u00e9j\u00e0 tendues entre la Chine et l&rsquo;UE: P\u00e9kin va imposer des taxes sur certains produits laitiers europ\u00e9ens, une mesure vivement d\u00e9nonc\u00e9e par l&rsquo;UE et les producteurs europ\u00e9ens qui la jugent totalement injustifi\u00e9e.\n<\/p>\n<p>\n Ces droits de douane \u00ab\u00a0provisoires\u00a0\u00bb s&rsquo;\u00e9chelonneront de 21,9% \u00e0 42,7% et entreront en vigueur mardi, a annonc\u00e9 lundi le minist\u00e8re chinois du Commerce.\n<\/p>\n<p>\n Ils concernent toute une s\u00e9rie de produits, notamment les fromages frais et transform\u00e9s, les fromages bleus ainsi que certains laits et cr\u00e8mes, qui b\u00e9n\u00e9ficieraient selon P\u00e9kin de subventions faisant subir un \u00ab\u00a0pr\u00e9judice substantiel\u00a0\u00bb aux concurrents chinois.\n<\/p>\n<p>\n \u00ab\u00a0C&rsquo;est un d\u00e9veloppement tr\u00e8s n\u00e9gatif\u00a0\u00bb dans les relations entre l&rsquo;UE et la Chine, a r\u00e9agi lundi un porte-parole de la Commission europ\u00e9enne.\n<\/p>\n<p>\n \u00ab\u00a0C&rsquo;est un choc, un coup de massue\u00a0\u00bb, a rench\u00e9ri aupr\u00e8s de l&rsquo;AFP Fran\u00e7ois-Xavier Huard, PDG de la F\u00e9d\u00e9ration nationale de l&rsquo;industrie laiti\u00e8re, organisation qui repr\u00e9sente les industriels fran\u00e7ais du secteur comme Lactalis,<br \/>\n <a href=\"https:\/\/www.boursorama.com\/cours\/1rPBN\/\" target=\"_blank\" rel=\"noopener\"><br \/>\n  Danone<br \/>\n <\/a><br \/>\n , Savencia ou Bel.\n<\/p>\n<p>\n Il s&rsquo;agit d&rsquo;un \u00ab\u00a0coup dur pour les entreprises concern\u00e9es (&#8230;) surtout en raison de la situation d\u00e9j\u00e0 tendue sur le march\u00e9\u00a0\u00bb, a r\u00e9agi de son c\u00f4t\u00e9 l&rsquo;Association allemande de l&rsquo;industrie laiti\u00e8re.\n<\/p>\n<p> &#8211; Mesure de r\u00e9torsion &#8211;<\/p>\n<p>\n Le gouvernement chinois a pris cette d\u00e9cision dans le cadre d&rsquo;une enqu\u00eate antisubventions lanc\u00e9e en ao\u00fbt 2024, officiellement \u00e0 la suite d&rsquo;une demande de l&rsquo;Association laiti\u00e8re de Chine.\n<\/p>\n<p>\n Mais pour les Europ\u00e9ens, il s&rsquo;agissait d&rsquo;une mesure de r\u00e9torsion, car cette enqu\u00eate avait \u00e9t\u00e9 annonc\u00e9e au lendemain de l&rsquo;annonce par l&rsquo;UE de sa d\u00e9cision d&rsquo;imposer des droits de douane \u00e9lev\u00e9s sur les v\u00e9hicules \u00e9lectriques fabriqu\u00e9s en Chine.\n<\/p>\n<p>\n Selon la Commission europ\u00e9enne, P\u00e9kin pr\u00e9voit de conclure son enqu\u00eate sur le secteur laitier europ\u00e9en le 21 f\u00e9vrier, date \u00e0 laquelle la taxe douani\u00e8re pourrait devenir d\u00e9finitive.\n<\/p>\n<p>\n Mais Bruxelles veut convaincre la Chine d&rsquo;y renoncer.\n<\/p>\n<p>\n \u00ab\u00a0Notre analyse est que cette enqu\u00eate est bas\u00e9e sur des all\u00e9gations contestables et des preuves insuffisantes, et que les mesures sont par cons\u00e9quent injustifi\u00e9es et infond\u00e9es\u00a0\u00bb, a d\u00e9clar\u00e9 \u00e0 la presse Olof Gill, porte-parole de la Commission.\n<\/p>\n<p>\n \u00ab\u00a0Nous faisons tout ce qu&rsquo;il faut pour d\u00e9fendre les agriculteurs et les exportateurs de l&rsquo;UE, ainsi que la Politique agricole commune, contre l&rsquo;utilisation abusive par la Chine de mesures de protection commerciales\u00a0\u00bb, a-t-il ajout\u00e9, rappelant que la Commission avait d\u00e9j\u00e0 saisi l&rsquo;Organisation mondiale du commerce (OMC) \u00e0 propos de ce dossier.\n<\/p>\n<p>\n \u00ab\u00a0Nous n&rsquo;acceptons pas cette d\u00e9cision unilat\u00e9rale, et sans fondement\u00a0\u00bb, a dit de son c\u00f4t\u00e9 le ministre fran\u00e7ais du Commerce ext\u00e9rieur Nicolas Forissier.\n<\/p>\n<p>\n \u00ab\u00a0Nous ferons toujours en sorte de prot\u00e9ger nos fili\u00e8res. Dans ce sens, nous travaillons en \u00e9troite collaboration avec toutes les parties prenantes (entreprises, Commission, autres Etats membres) pour d\u00e9fendre les producteurs europ\u00e9ens\u00a0\u00bb, a ajout\u00e9 le ministre.\n<\/p>\n<p>\n La semaine derni\u00e8re, la Chine avait d\u00e9j\u00e0 annonc\u00e9 imposer pour cinq ans des droits \u00ab\u00a0antidumping\u00a0\u00bb allant de 4,9% \u00e0 19,8% sur le porc et ses sous-produits import\u00e9s de l&rsquo;UE, sur la base d&rsquo;une autre enqu\u00eate ouverte en juillet 2024.\n<\/p>\n<p>\n Toutefois, cette mesure avait \u00e9t\u00e9 accueillie avec un certain soulagement par les producteurs porcins europ\u00e9ens, qui subissaient des taux provisoires encore plus prohibitifs, pouvant s&rsquo;\u00e9lever jusqu&rsquo;\u00e0 62,4%.\n<\/p>\n<p> &#8211; Terres rares et puces \u00e9lectroniques &#8211;<\/p>\n<p>\n Les relations commerciales entre l&rsquo;UE et la Chine sont sous tension depuis 2024.\n<\/p>\n<p>\n Apr\u00e8s le bras de fer sur l&rsquo;automobile, la Chine a \u00e9galement cibl\u00e9 les importations de cognac et autres brandys europ\u00e9ens.\n<\/p>\n<p>\n L&rsquo;UE reproche aussi \u00e0 P\u00e9kin d&rsquo;entretenir \u00e0 coup de subventions d&rsquo;\u00e9normes surcapacit\u00e9s dans la production d&rsquo;acier, qui mettent en p\u00e9ril l&rsquo;industrie europ\u00e9enne.\n<\/p>\n<p>\n A tel point que la Commission a propos\u00e9 cet automne des mesures protectionnistes sans pr\u00e9c\u00e9dent pour sauver les aci\u00e9ristes de l&rsquo;UE.\n<\/p>\n<p>\n En outre, des mesures de restriction des exportations de terres rares, des mati\u00e8res premi\u00e8res essentielles pour des pans entiers de l&rsquo;\u00e9conomie europ\u00e9enne, mises en \u0153uvre cette ann\u00e9e par P\u00e9kin, ont exacerb\u00e9 ces tensions, amplifi\u00e9es encore par le diff\u00e9rend entre la Chine et les Pays-Bas autour du fabricant de composants \u00e9lectroniques Nexperia.<\/p>\n","protected":false},"excerpt":{"rendered":"La Chine va appliquer des droits antisubventions \u00ab\u00a0provisoires\u00a0\u00bb sur \u00ab\u00a0certains produits laitiers\u00a0\u00bb import\u00e9s de l&rsquo;Union europ\u00e9enne, une mesure&hellip;\n","protected":false},"author":2,"featured_media":617271,"comment_status":"","ping_status":"","sticky":false,"template":"","format":"standard","meta":{"footnotes":""},"categories":[6],"tags":[400,398,408,35,405,33,34,1011,27,403,402,399,404,401,406,407],"class_list":{"0":"post-617270","1":"post","2":"type-post","3":"status-publish","4":"format-standard","5":"has-post-thumbnail","7":"category-economie","8":"tag-action-cac-40","9":"tag-bourse-de-paris","10":"tag-boursorama","11":"tag-business","12":"tag-cotations","13":"tag-economie","14":"tag-economy","15":"tag-fr","16":"tag-france","17":"tag-indices-devises","18":"tag-investir","19":"tag-investissement","20":"tag-marche-boursier","21":"tag-sicav","22":"tag-trackers","23":"tag-warrants"},"share_on_mastodon":{"url":"https:\/\/pubeurope.com\/@fr\/115767297196791582","error":""},"_links":{"self":[{"href":"https:\/\/www.europesays.com\/fr\/wp-json\/wp\/v2\/posts\/617270","targetHints":{"allow":["GET"]}}],"collection":[{"href":"https:\/\/www.europesays.com\/fr\/wp-json\/wp\/v2\/posts"}],"about":[{"href":"https:\/\/www.europesays.com\/fr\/wp-json\/wp\/v2\/types\/post"}],"author":[{"embeddable":true,"href":"https:\/\/www.europesays.com\/fr\/wp-json\/wp\/v2\/users\/2"}],"replies":[{"embeddable":true,"href":"https:\/\/www.europesays.com\/fr\/wp-json\/wp\/v2\/comments?post=617270"}],"version-history":[{"count":0,"href":"https:\/\/www.europesays.com\/fr\/wp-json\/wp\/v2\/posts\/617270\/revisions"}],"wp:featuredmedia":[{"embeddable":true,"href":"https:\/\/www.europesays.com\/fr\/wp-json\/wp\/v2\/media\/617271"}],"wp:attachment":[{"href":"https:\/\/www.europesays.com\/fr\/wp-json\/wp\/v2\/media?parent=617270"}],"wp:term":[{"taxonomy":"category","embeddable":true,"href":"https:\/\/www.europesays.com\/fr\/wp-json\/wp\/v2\/categories?post=617270"},{"taxonomy":"post_tag","embeddable":true,"href":"https:\/\/www.europesays.com\/fr\/wp-json\/wp\/v2\/tags?post=617270"}],"curies":[{"name":"wp","href":"https:\/\/api.w.org\/{rel}","templated":true}]}}