{"id":617272,"date":"2025-12-23T05:45:20","date_gmt":"2025-12-23T05:45:20","guid":{"rendered":"https:\/\/www.europesays.com\/fr\/617272\/"},"modified":"2025-12-23T05:45:20","modified_gmt":"2025-12-23T05:45:20","slug":"espagne-la-gauche-subit-une-lourde-defaite-en-estremadure-mediapart","status":"publish","type":"post","link":"https:\/\/www.europesays.com\/fr\/617272\/","title":{"rendered":"Espagne : la gauche subit une lourde d\u00e9faite en Estr\u00e9madure &#8211; Mediapart"},"content":{"rendered":"<ol>\n<li><a href=\"https:\/\/news.google.com\/rss\/articles\/CBMisAFBVV95cUxOMnlmUjhCU0dGdzR0MlI3N0d6ZUlucnRHMlRXSEpUNXV1YzFpd01iTlpHeHRoeHNkYkNvUlViUzhPSE5yb2F5NGVTR0FQS2xpU3RhS0V4UUZzSDRfdFpoSU0wZjV0T0VUaDkybm9ZT2l6U3g0Q2VnZlJJOTJxTFVtSi02ekdRc2pRRmh3aEVlTmJJU2NXRERnSlc5RDdqWlJUM0pMOTk4ZmhNOVlaTUZQNA?oc=5\" target=\"_blank\" rel=\"noopener\">Espagne : la gauche subit une lourde d\u00e9faite en Estr\u00e9madure<\/a>&nbsp;&nbsp;Mediapart<\/li>\n<li><a href=\"https:\/\/news.google.com\/rss\/articles\/CBMi4wFBVV95cUxPaVJad3lsQ2hQc1dpakhJbEhtQlFIZTFLbGRXbHI4SnFnTmxZajZnTktMZm1welRoaGl0QmYyaHJXMm51M0FIZDhQRktNVzBrZGlZYXNoRlVVblRIdmtSZEJ5eGFya3UtcHVGVWlpb2VhTjJDd1lJUWdwd3ZVYmdUeVh2VWJlcXJId0ZMaXhZZUgtd25YUGtIVUpaNnl2ZkhDSHVQTzR0MllQaUlXSU16RWtRamhhd0taZzlrZEFUSXIyUVNFVlNSR09ld1ZCcFd4R0tYc1gtLTBpWEtoU1ZvVEVqVQ?oc=5\" target=\"_blank\" rel=\"noopener\">En Espagne, d\u00e9route socialiste et pouss\u00e9e de l\u2019extr\u00eame droite en Estr\u00e9madure<\/a>&nbsp;&nbsp;Le Monde.fr<\/li>\n<li><a href=\"https:\/\/news.google.com\/rss\/articles\/CBMiugFBVV95cUxQdVpOVkVDME1XV2RuRTV4V1ZMZGFVZWdBdlBQT0VCSGFaVHJzZi1EZ0NPMzZOQlZKd3VWbFFZdFJ6b1N5S1RFUEZzQ2cxY29UMDJIVWF4WjBCQnRuNXl3d2x5Z04yR0tMVzdHV3dyMVJyX3lQTFFfeXJGdHpqSU5WendwM1A5dE1lZXByZ2phY2xjTHczR3JFTDdhWGtBWHZ0NGs3bTBGdnkzd040YXlZSE8xdExoN0dzckE?oc=5\" target=\"_blank\" rel=\"noopener\">Chahut\u00e9, l&rsquo;Espagnol Pedro S\u00e1nchez remanie l\u00e9g\u00e8rement son gouvernement<\/a>&nbsp;&nbsp;20 Minutes<\/li>\n<li><a href=\"https:\/\/news.google.com\/rss\/articles\/CBMi7gFBVV95cUxQaXRFTzRwN2FoaDhlRHZQWENjTVBTQnJwWC1OLUFQUmRwQkJ1ZUs4SzVSNnoyS0lHLURubzBXRl9tTE5yeGlIYlhBMGo1aVlzenNCemFQQmNaMVJUUjNoSGcwcFdtQWxMNGwzaWJEX09saGVNaTZFMUQ1Rkx6dHgyLXowRlhIbW11UWNMTGVaY1NjYjRMQTRNWUY4eUtTVmdud29KY28tUDBuVk9NRTVpY2hQMzhMZWtkXzdtcmVmbWJlNnB5U1dGaG1WVGJ3YU9RemZjYXVpZTlhSUdBbkE5UEFjaEdnMjU1a1ljY05n?oc=5\" target=\"_blank\" rel=\"noopener\">Espagne : La perc\u00e9e de Vox dans la r\u00e9gion d&rsquo;Estr\u00e9madure pourrait peser sur le prochain scrutin r\u00e9gional<\/a>&nbsp;&nbsp;Boursier.com<\/li>\n<li><a href=\"https:\/\/news.google.com\/rss\/articles\/CBMi2wFBVV95cUxPSDdDTE1TVWQ4UzRCWi1sM2NLWEcwMjFxbkdudG1CQ0MweURjQXc2Smp6VEVuRi0tNWltSzg3OXk3a2VfalhGRXZJZnRXb2JTSkdBbmdGZ3FrLXlpTGw4S2xpbEhWQjVkWWk3YVgxYkdNMWgyM0VZZzF1NkRIN1p4alRyRksybmpiazhqb1RrNHoxTVVoS2x4a01Yek5WbTdkWlVFUjFqX01UcTlRMjJDS1U1SjZnZGZxZlIzdFB2ZmN4QlJHMnZmZVVkMzdPTkFTaVVZSHNQWjRfMEE?oc=5\" target=\"_blank\" rel=\"noopener\">En Espagne, d\u00e9route socialiste et pouss\u00e9e de l\u2019extr\u00eame droite<\/a>&nbsp;&nbsp;Lib\u00e9ration<\/li>\n<\/ol>\n","protected":false},"excerpt":{"rendered":"Espagne : la gauche subit une lourde d\u00e9faite en Estr\u00e9madure&nbsp;&nbsp;Mediapart En Espagne, d\u00e9route socialiste et pouss\u00e9e de l\u2019extr\u00eame&hellip;\n","protected":false},"author":2,"featured_media":617273,"comment_status":"","ping_status":"","sticky":false,"template":"","format":"standard","meta":{"footnotes":""},"categories":[5],"tags":[11,72775,123,1011,27,14,12,122,28],"class_list":{"0":"post-617272","1":"post","2":"type-post","3":"status-publish","4":"format-standard","5":"has-post-thumbnail","7":"category-international","8":"tag-actualites","9":"tag-elections-regionales","10":"tag-espagne","11":"tag-fr","12":"tag-france","13":"tag-international","14":"tag-news","15":"tag-pedro-sanchez","16":"tag-world"},"share_on_mastodon":{"url":"https:\/\/pubeurope.com\/@fr\/115767300874921934","error":""},"_links":{"self":[{"href":"https:\/\/www.europesays.com\/fr\/wp-json\/wp\/v2\/posts\/617272","targetHints":{"allow":["GET"]}}],"collection":[{"href":"https:\/\/www.europesays.com\/fr\/wp-json\/wp\/v2\/posts"}],"about":[{"href":"https:\/\/www.europesays.com\/fr\/wp-json\/wp\/v2\/types\/post"}],"author":[{"embeddable":true,"href":"https:\/\/www.europesays.com\/fr\/wp-json\/wp\/v2\/users\/2"}],"replies":[{"embeddable":true,"href":"https:\/\/www.europesays.com\/fr\/wp-json\/wp\/v2\/comments?post=617272"}],"version-history":[{"count":0,"href":"https:\/\/www.europesays.com\/fr\/wp-json\/wp\/v2\/posts\/617272\/revisions"}],"wp:featuredmedia":[{"embeddable":true,"href":"https:\/\/www.europesays.com\/fr\/wp-json\/wp\/v2\/media\/617273"}],"wp:attachment":[{"href":"https:\/\/www.europesays.com\/fr\/wp-json\/wp\/v2\/media?parent=617272"}],"wp:term":[{"taxonomy":"category","embeddable":true,"href":"https:\/\/www.europesays.com\/fr\/wp-json\/wp\/v2\/categories?post=617272"},{"taxonomy":"post_tag","embeddable":true,"href":"https:\/\/www.europesays.com\/fr\/wp-json\/wp\/v2\/tags?post=617272"}],"curies":[{"name":"wp","href":"https:\/\/api.w.org\/{rel}","templated":true}]}}