{"id":617292,"date":"2025-12-23T06:02:20","date_gmt":"2025-12-23T06:02:20","guid":{"rendered":"https:\/\/www.europesays.com\/fr\/617292\/"},"modified":"2025-12-23T06:02:20","modified_gmt":"2025-12-23T06:02:20","slug":"grenoble-expulsees-de-leur-logement-depuis-un-mois-ces-familles-ont-retrouve-un-toit","status":"publish","type":"post","link":"https:\/\/www.europesays.com\/fr\/617292\/","title":{"rendered":"Grenoble. Expuls\u00e9es de leur logement depuis un mois, ces familles ont retrouv\u00e9 un toit"},"content":{"rendered":"<p>                    Par<br \/>\n        <strong><br \/>\n            <a href=\"https:\/\/actu.fr\/auteur\/lisa-rodrigues\" title=\"Consulter tous les articles de Lisa Rodrigues\" target=\"_blank\" rel=\"noopener\">Lisa Rodrigues<\/a><br \/>\n                    <\/strong><\/p>\n<p>        Publi\u00e9 le<\/p>\n<p>            23 d\u00e9c. 2025 \u00e0 6h38        <\/p>\n<p>Cela fait un peu plus d\u2019un mois que des familles, expuls\u00e9es de leurs logements squatt\u00e9s \u00e0 la Villeneuve \u00e0 <a href=\"https:\/\/actu.fr\/auvergne-rhone-alpes\/grenoble_38185\" target=\"_blank\" rel=\"noopener\">Grenoble<\/a>, ont <a href=\"https:\/\/actu.fr\/auvergne-rhone-alpes\/grenoble_38185\/grenoble-des-familles-expulsees-se-retrouvent-sans-logement-la-prefete-interpellee_63479036.html\" target=\"_blank\" rel=\"noopener\">trouv\u00e9 refuge au si\u00e8ge de la M\u00e9tropole<\/a>. Des femmes, enfants, nourrissons et travailleurs isol\u00e9s vivaient dans des appartements sous la menace de marchands de sommeil qui les rackettaient.<br \/>Depuis novembre, la M\u00e9tropole assure faire son possible pour trouver une solution p\u00e9renne pour les <strong>quelque 150 personnes h\u00e9berg\u00e9es<\/strong> et accompagn\u00e9es par des collectifs et associations de droit au logement. Apr\u00e8s des semaines de recherche, une partie d\u2019entre elles va pouvoir passer les f\u00eates avec un toit sur la t\u00eate.<\/p>\n<p>Des logements trouv\u00e9s<\/p>\n<p class=\" wall-content\">Dans un communiqu\u00e9, Christophe Ferrari, pr\u00e9sident de <a href=\"https:\/\/actu.fr\/tag\/grenoble-alpes-metropole\" target=\"_blank\" rel=\"noopener\">Grenoble-Alpes M\u00e9tropole<\/a> indique qu\u2019une \u00ab\u00a0dizaine de maires\u00a0\u00bb a propos\u00e9 \u00ab\u00a0des perspectives concr\u00e8tes pour l\u2019h\u00e9bergement des personnes accueillies\u00a0\u00bb au si\u00e8ge de la collectivit\u00e9.<\/p>\n<blockquote class=\"ac-article-quote wall-content\">\n<p>En tant que maire de Pont-de-Claix, je suis heureux d&rsquo;accueillir ce jour [lundi 22 d\u00e9cembre], sur notre commune, les premi\u00e8res familles qui viennent de quitter Malraux. D&rsquo;autres familles viendront s&rsquo;installer dans les prochains jours sur la commune. <\/p>\n<p>    <strong>Christophe Ferrari<\/strong><br \/>\n        Pr\u00e9sident de Grenoble-Alpes M\u00e9tropole et maire de Pont-de-Claix    <\/p><\/blockquote>\n<p class=\" wall-content\">D\u2019autres communes se sont propos\u00e9es pour accueillir de la m\u00eame mani\u00e8re les familles expuls\u00e9es. \u00ab\u00a0D\u2019ores et d\u00e9j\u00e0, nous avons identifi\u00e9, visit\u00e9 et programm\u00e9 des travaux dans <strong>une quinzaine de biens<\/strong> qui pourront accueillir d\u00e8s demain, dans des conditions dignes, la majorit\u00e9, si ce n\u2019est l\u2019int\u00e9gralit\u00e9 des personnes\u00a0\u00bb, poursuit l\u2019\u00e9lu.<\/p>\n<p class=\" wall-content\">Personnalisez votre actualit\u00e9 en ajoutant vos villes et m\u00e9dias en favori avec <a href=\"https:\/\/moncompte.actu.fr\" title=\"D\u00e9couvez Mon Actu\" rel=\"nofollow noopener\" data-trk=\"{&quot;cta&quot;:{&quot;action&quot;:&quot;https:\\\/\\\/moncompte.actu.fr&quot;,&quot;category&quot;:&quot;mon compte&quot;,&quot;from&quot;:&quot;article footer&quot;,&quot;name&quot;:&quot;Mon actu&quot;,&quot;type&quot;:&quot;cta&quot;}}\" target=\"_blank\">Mon Actu<\/a>.<\/p>\n","protected":false},"excerpt":{"rendered":"Par Lisa Rodrigues Publi\u00e9 le 23 d\u00e9c. 2025 \u00e0 6h38 Cela fait un peu plus d\u2019un mois que&hellip;\n","protected":false},"author":2,"featured_media":617293,"comment_status":"","ping_status":"","sticky":false,"template":"","format":"standard","meta":{"footnotes":""},"categories":[9566],"tags":[1111,11,2430,1777,674,1011,27,2731,19692,1908,12,25,104],"class_list":{"0":"post-617292","1":"post","2":"type-post","3":"status-publish","4":"format-standard","5":"has-post-thumbnail","7":"category-grenoble","8":"tag-actu","9":"tag-actualites","10":"tag-auvergne-rhone-alpes","11":"tag-eu","12":"tag-europe","13":"tag-fr","14":"tag-france","15":"tag-grenoble","16":"tag-grenoble-alpes-metropole","17":"tag-logement","18":"tag-news","19":"tag-republique-francaise","20":"tag-societe"},"share_on_mastodon":{"url":"","error":""},"_links":{"self":[{"href":"https:\/\/www.europesays.com\/fr\/wp-json\/wp\/v2\/posts\/617292","targetHints":{"allow":["GET"]}}],"collection":[{"href":"https:\/\/www.europesays.com\/fr\/wp-json\/wp\/v2\/posts"}],"about":[{"href":"https:\/\/www.europesays.com\/fr\/wp-json\/wp\/v2\/types\/post"}],"author":[{"embeddable":true,"href":"https:\/\/www.europesays.com\/fr\/wp-json\/wp\/v2\/users\/2"}],"replies":[{"embeddable":true,"href":"https:\/\/www.europesays.com\/fr\/wp-json\/wp\/v2\/comments?post=617292"}],"version-history":[{"count":0,"href":"https:\/\/www.europesays.com\/fr\/wp-json\/wp\/v2\/posts\/617292\/revisions"}],"wp:featuredmedia":[{"embeddable":true,"href":"https:\/\/www.europesays.com\/fr\/wp-json\/wp\/v2\/media\/617293"}],"wp:attachment":[{"href":"https:\/\/www.europesays.com\/fr\/wp-json\/wp\/v2\/media?parent=617292"}],"wp:term":[{"taxonomy":"category","embeddable":true,"href":"https:\/\/www.europesays.com\/fr\/wp-json\/wp\/v2\/categories?post=617292"},{"taxonomy":"post_tag","embeddable":true,"href":"https:\/\/www.europesays.com\/fr\/wp-json\/wp\/v2\/tags?post=617292"}],"curies":[{"name":"wp","href":"https:\/\/api.w.org\/{rel}","templated":true}]}}