{"id":617296,"date":"2025-12-23T06:05:11","date_gmt":"2025-12-23T06:05:11","guid":{"rendered":"https:\/\/www.europesays.com\/fr\/617296\/"},"modified":"2025-12-23T06:05:11","modified_gmt":"2025-12-23T06:05:11","slug":"que-faire-pendant-les-vacances-de-noel-voici-trois-activites-a-faire-ce-mardi","status":"publish","type":"post","link":"https:\/\/www.europesays.com\/fr\/617296\/","title":{"rendered":"que faire pendant les vacances de No\u00ebl ? Voici trois activit\u00e9s \u00e0 faire ce mardi"},"content":{"rendered":"<p>                    Par<br \/>\n        <strong><br \/>\n            <a href=\"https:\/\/actu.fr\/auteur\/clemence-pays02-actu-fr\" title=\"Consulter tous les articles de Cl\u00e9mence Pays\" target=\"_blank\" rel=\"noopener\">Cl\u00e9mence Pays<\/a><br \/>\n                    <\/strong><\/p>\n<p>        Publi\u00e9 le<\/p>\n<p>            23 d\u00e9c. 2025 \u00e0 6h02        <\/p>\n<p>Entre les pr\u00e9paratifs du repas, l\u2019emballage des cadeaux et les achats de derni\u00e8re minute, la p\u00e9riode de <a href=\"https:\/\/actu.fr\/tag\/noel-a-rennes\" target=\"_blank\" rel=\"noopener\">No\u00ebl<\/a> est souvent tr\u00e8s charg\u00e9e. La r\u00e9daction d\u2019<a href=\"https:\/\/actu.fr\/rennes\/\" target=\"_blank\" rel=\"noopener\">actu Rennes<\/a> vous propose <strong>trois rendez-vous, ce mardi 23\u00a0d\u00e9cembre 2025,<\/strong> pour s\u2019accorder une petite <strong>pause<\/strong> avant le r\u00e9veillon et profiter des <a href=\"https:\/\/actu.fr\/tag\/vacances-scolaires\" target=\"_blank\" rel=\"noopener\">vacances scolaires<\/a> en famille.<\/p>\n<p>Un go\u00fbter de No\u00ebl au Couvent des Jacobins<\/p>\n<p class=\" wall-content\">Durant les f\u00eates de fin d\u2019ann\u00e9e, <a href=\"https:\/\/actu.fr\/bretagne\/rennes_35238\/illuminations-spectacles-degustations-a-rennes-le-couvent-des-jacobins-ouvre-son-cloitre-au-public_63525296.html\" target=\"_blank\" rel=\"noopener\">le Couvent des Jacobins ouvre son clo\u00eetre au public et propose une s\u00e9rie d\u2019animations<\/a>.<\/p>\n<p class=\" wall-content\">Ce mardi, un<strong> go\u00fbter de No\u00ebl<\/strong> est organis\u00e9 de 14h \u00e0 18h. Un <strong>stand de maquillage<\/strong> sera \u00e9galement ouvert de 15h \u00e0 18h, sur r\u00e9servation sur place.<\/p>\n<p class=\" wall-content\">\u00c0 15h30 et jusqu\u2019\u00e0 16h20, place au <strong>conte<\/strong> Le fabuleux No\u00ebl de Gildas T\u00eate de bois.<\/p>\n<p class=\" wall-content\">\u00c0 17h et jusqu\u2019\u00e0 20h,<strong> le jardin du clo\u00eetre s\u2019illuminera<\/strong> pour une plong\u00e9e dans l\u2019ambiance de No\u00ebl.<\/p>\n<p>Ouvert de 14h \u00e0 20h, derni\u00e8res entr\u00e9es 30\u00a0minutes avant la fermeture. Entr\u00e9e par le Couvent des Jacobins, 20, place Sainte-Anne. Gratuit.<\/p>\n<p>Votre r\u00e9gion, votre actu !<\/p>\n<p>Recevez chaque jour les infos qui comptent pour vous.<\/p>\n<p>\t<a href=\"https:\/\/actu.fr\/newsletter\" class=\"ac-btn ac-btn--corner ac-btn--medium ac-btn--blue800\" target=\"_blank\" rel=\"noopener\">S&rsquo;incrire<\/a><br \/>\nUn cirque de No\u00ebl<\/p>\n<p class=\" wall-content\">Le <strong>Cirque M\u00e9tropole,<\/strong> qui s\u2019installe r\u00e9guli\u00e8rement dans le centre-ville de Rennes, a plant\u00e9 son chapiteau au parc de <a href=\"https:\/\/actu.fr\/bretagne\/treffendel_35340\" target=\"_blank\" rel=\"noopener\">Treffendel<\/a>.<\/p>\n<p class=\" wall-content\">En ce mois de d\u00e9cembre, les artistes circassiens proposent un <strong>spectacle de No\u00ebl<\/strong> qui regroupe \u00ab\u2009des num\u00e9ros visuels, sans animaux, acrobates, jongleurs, magiciens, quick-change, laser man, houla hopp, icariens, m\u00e2ts chinois\u2026 sans oublier les clowns\u2009\u00bb.<\/p>\n<p>\u00c0 15h30, au parc de Treffendel, lieu-dit le Gu\u00e9 Charet \u00e0 Treffendel. Tarifs\u2009: de 14,20\u00a0euros \u00e0 16,40\u00a0euros. Gratuit avec le Pass Rennes. <a href=\"https:\/\/www.tourisme-rennes.com\/sortir\/cirque-de-noel-parc-de-treffendel\/\" target=\"_blank\" rel=\"noopener\">Billetterie en ligne<\/a>.Un film surprise en avant-premi\u00e8re<\/p>\n<p class=\" wall-content\">Le<strong> TNB<\/strong> organise une soir\u00e9e originale au sein de son cin\u00e9ma. Ce mardi soir, l\u2019\u00e9quipe proposera au public l\u2019un de ses<strong> films coup de c\u0153ur<\/strong> en avant-premi\u00e8re. Le titre reste surprise jusqu\u2019aux derni\u00e8res minutes.<\/p>\n<p class=\" wall-content\">Au programme, accueil autour d\u2019un verre, pr\u00e9sentation des \u00e9v\u00e9nements de janvier, <strong>quiz et cadeaux<\/strong> et enfin la <strong>projection surprise.<\/strong><\/p>\n<blockquote class=\"ac-article-quote wall-content\">\n<p>Qu&rsquo;est-ce qu&rsquo;un film surprise ? Un plaisir inattendu. Une \u0153uvre dont on ne sait rien et qui nous transporte plus loin que l&rsquo;attendu car elle nous prend au d\u00e9pourvu et provoque des \u00e9motions. Alors sans pr\u00e9jug\u00e9 mais avec curiosit\u00e9, installez-vous et laissez-vous surprendre par le choix de la programmation !<\/p>\n<p>    <strong>Cin\u00e9ma du TNB<\/strong>\n            <\/p><\/blockquote>\n<p>\u00c0 20h, au cin\u00e9ma du TNB, 1, rue Saint-H\u00e9lier \u00e0 Rennes. Tarifs de 4,50\u00a0euros \u00e0 6,80\u00a0euros. <a href=\"https:\/\/indiv.themisweb.fr\/0146\/fChoixSeanceWidget.aspx?idstructure=0146&amp;EventId=4090&amp;request=QcE+w0WHSuCrdzO19f33cfvmsvdfaTm0wL1LdZJ4nZ1QLo40dyitp4aKolyw31zp9GLLyQ7gNFinHfhUT0jXCw==\" target=\"_blank\" rel=\"noopener\">R\u00e9servation en ligne<\/a>.<\/p>\n<p class=\" wall-content\">Personnalisez votre actualit\u00e9 en ajoutant vos villes et m\u00e9dias en favori avec <a href=\"https:\/\/moncompte.actu.fr\" title=\"D\u00e9couvez Mon Actu\" rel=\"nofollow noopener\" data-trk=\"{&quot;cta&quot;:{&quot;action&quot;:&quot;https:\\\/\\\/moncompte.actu.fr&quot;,&quot;category&quot;:&quot;mon compte&quot;,&quot;from&quot;:&quot;article footer&quot;,&quot;name&quot;:&quot;Mon actu&quot;,&quot;type&quot;:&quot;cta&quot;}}\" target=\"_blank\">Mon Actu<\/a>.<\/p>\n","protected":false},"excerpt":{"rendered":"Par Cl\u00e9mence Pays Publi\u00e9 le 23 d\u00e9c. 2025 \u00e0 6h02 Entre les pr\u00e9paratifs du repas, l\u2019emballage des cadeaux&hellip;\n","protected":false},"author":2,"featured_media":617297,"comment_status":"","ping_status":"","sticky":false,"template":"","format":"standard","meta":{"footnotes":""},"categories":[2821],"tags":[1111,11,1063,829,1777,674,1011,27,1652,12,57084,584,25,3176],"class_list":{"0":"post-617296","1":"post","2":"type-post","3":"status-publish","4":"format-standard","5":"has-post-thumbnail","7":"category-rennes","8":"tag-actu","9":"tag-actualites","10":"tag-animations","11":"tag-bretagne","12":"tag-eu","13":"tag-europe","14":"tag-fr","15":"tag-france","16":"tag-loisirs-culture","17":"tag-news","18":"tag-noel-a-rennes","19":"tag-rennes","20":"tag-republique-francaise","21":"tag-vacances-scolaires"},"share_on_mastodon":{"url":"https:\/\/pubeurope.com\/@fr\/115767379636621700","error":""},"_links":{"self":[{"href":"https:\/\/www.europesays.com\/fr\/wp-json\/wp\/v2\/posts\/617296","targetHints":{"allow":["GET"]}}],"collection":[{"href":"https:\/\/www.europesays.com\/fr\/wp-json\/wp\/v2\/posts"}],"about":[{"href":"https:\/\/www.europesays.com\/fr\/wp-json\/wp\/v2\/types\/post"}],"author":[{"embeddable":true,"href":"https:\/\/www.europesays.com\/fr\/wp-json\/wp\/v2\/users\/2"}],"replies":[{"embeddable":true,"href":"https:\/\/www.europesays.com\/fr\/wp-json\/wp\/v2\/comments?post=617296"}],"version-history":[{"count":0,"href":"https:\/\/www.europesays.com\/fr\/wp-json\/wp\/v2\/posts\/617296\/revisions"}],"wp:featuredmedia":[{"embeddable":true,"href":"https:\/\/www.europesays.com\/fr\/wp-json\/wp\/v2\/media\/617297"}],"wp:attachment":[{"href":"https:\/\/www.europesays.com\/fr\/wp-json\/wp\/v2\/media?parent=617296"}],"wp:term":[{"taxonomy":"category","embeddable":true,"href":"https:\/\/www.europesays.com\/fr\/wp-json\/wp\/v2\/categories?post=617296"},{"taxonomy":"post_tag","embeddable":true,"href":"https:\/\/www.europesays.com\/fr\/wp-json\/wp\/v2\/tags?post=617296"}],"curies":[{"name":"wp","href":"https:\/\/api.w.org\/{rel}","templated":true}]}}