{"id":617300,"date":"2025-12-23T06:07:11","date_gmt":"2025-12-23T06:07:11","guid":{"rendered":"https:\/\/www.europesays.com\/fr\/617300\/"},"modified":"2025-12-23T06:07:11","modified_gmt":"2025-12-23T06:07:11","slug":"cinema-raphael-quenard-et-jean-pascal-zadi-seront-bientot-presents-a-strasbourg-voici-quand","status":"publish","type":"post","link":"https:\/\/www.europesays.com\/fr\/617300\/","title":{"rendered":"Cin\u00e9ma. Rapha\u00ebl Quenard et Jean-Pascal Zadi seront bient\u00f4t pr\u00e9sents \u00e0 Strasbourg, voici quand"},"content":{"rendered":"<p>                    Par<br \/>\n        <strong><br \/>\n            <a href=\"https:\/\/actu.fr\/auteur\/thomas-blanc\" title=\"Consulter tous les articles de Thomas Blanc\" target=\"_blank\" rel=\"noopener\">Thomas Blanc<\/a><br \/>\n                    <\/strong><\/p>\n<p>        Publi\u00e9 le<\/p>\n<p>            23 d\u00e9c. 2025 \u00e0 7h02        <\/p>\n<p>Dans le cadre de la projection de leur <strong>nouveau film<\/strong>, <strong>deux personnalit\u00e9s<\/strong> du <a href=\"https:\/\/actu.fr\/tag\/cinema\" target=\"_blank\" rel=\"noopener\">cin\u00e9ma<\/a> fran\u00e7ais seront pr\u00e9sentes \u00e0 <a href=\"https:\/\/actu.fr\/strasbourg\/\" target=\"_blank\" rel=\"noopener\">Strasbourg<\/a>, voici o\u00f9 et voici quand.<\/p>\n<p>Rapha\u00ebl Quenard et Jean-Pascal Zadi au cin\u00e9ma Vox \u00e0 Strasbourg<\/p>\n<p class=\" wall-content\">L\u2019avant-premi\u00e8re du film, Le R\u00eave am\u00e9ricain, aura lieu le<strong> samedi 7\u00a0f\u00e9vrier \u00e0 13h45 au cin\u00e9ma Vox de Strasbourg<\/strong>.<\/p>\n<p class=\" wall-content\">\u00c0 cette occasion, ses deux t\u00eates d\u2019affiche, l\u2019acteur et r\u00e9alisateur <strong>Rapha\u00ebl Quenard<\/strong> et <strong>Jean-Pascal Zadi<\/strong> seront pr\u00e9sents pour pr\u00e9senter le film. L\u2019\u00e9tablissement pr\u00e9cise qu\u2019il est <strong>conseill\u00e9 de r\u00e9server<\/strong> en suivant <a href=\"https:\/\/www.cine-vox.com\/film\/614708\/?utm_source=ERRATUM%20%F0%9F%8F%80%20Avant-premi%C3%A8re%20%C3%A9v%C3%A8nement%20%3A%20Le%20R%C3%AAve%20am%C3%A9ricain%20-%20en%20pr%C3%A9sence%20de%20Rapha%C3%ABl%20Quenard%20et%20Jean-Pascal%20Zadi%20%F0%9F%94%A5&amp;utm_medium=boost_emailing&amp;utm_campaign=ERRATUM%20%F0%9F%8F%80%20Avant-premi%C3%A8re%20%C3%A9v%C3%A8nement%20%3A%20Le%20R%C3%AAve%20am%C3%A9ricain%20-%20en%20pr%C3%A9sence%20de%20Rapha%C3%ABl%20Quenard%20et%20Jean-Pascal%20Zadi%20%F0%9F%94%A5&amp;utm_content=R%C3%A9servation\" target=\"_blank\" rel=\"noopener\">ce lien<\/a>.<\/p>\n<p class=\" wall-content\">Les deux visages du grand \u00e9cran y incarnent deux outsiders qui, gr\u00e2ce \u00e0 leur passion absolue pour le basket et leur amiti\u00e9 ind\u00e9fectible, ont brav\u00e9 tous les obstacles pour <strong>r\u00e9aliser leur R\u00eave Am\u00e9ricain en NBA<\/strong>.<\/p>\n<p>Samedi 7\u00a0f\u00e9vrier 2026, 13h45<br \/>Cin\u00e9ma Vox<br \/>17 rue des Franc-Bourgeois, Strasbourg<br \/>12,10\u00a0euros le plein tarif<\/p>\n<p class=\" wall-content\">Personnalisez votre actualit\u00e9 en ajoutant vos villes et m\u00e9dias en favori avec <a href=\"https:\/\/moncompte.actu.fr\" title=\"D\u00e9couvez Mon Actu\" rel=\"nofollow noopener\" data-trk=\"{&quot;cta&quot;:{&quot;action&quot;:&quot;https:\\\/\\\/moncompte.actu.fr&quot;,&quot;category&quot;:&quot;mon compte&quot;,&quot;from&quot;:&quot;article footer&quot;,&quot;name&quot;:&quot;Mon actu&quot;,&quot;type&quot;:&quot;cta&quot;}}\" target=\"_blank\">Mon Actu<\/a>.<\/p>\n","protected":false},"excerpt":{"rendered":"Par Thomas Blanc Publi\u00e9 le 23 d\u00e9c. 2025 \u00e0 7h02 Dans le cadre de la projection de leur&hellip;\n","protected":false},"author":2,"featured_media":617301,"comment_status":"","ping_status":"","sticky":false,"template":"","format":"standard","meta":{"footnotes":""},"categories":[2820],"tags":[1111,11,650,1777,674,1011,27,775,12,25,104,640],"class_list":{"0":"post-617300","1":"post","2":"type-post","3":"status-publish","4":"format-standard","5":"has-post-thumbnail","7":"category-strasbourg","8":"tag-actu","9":"tag-actualites","10":"tag-cinema","11":"tag-eu","12":"tag-europe","13":"tag-fr","14":"tag-france","15":"tag-grand-est","16":"tag-news","17":"tag-republique-francaise","18":"tag-societe","19":"tag-strasbourg"},"share_on_mastodon":{"url":"https:\/\/pubeurope.com\/@fr\/115767387382082154","error":""},"_links":{"self":[{"href":"https:\/\/www.europesays.com\/fr\/wp-json\/wp\/v2\/posts\/617300","targetHints":{"allow":["GET"]}}],"collection":[{"href":"https:\/\/www.europesays.com\/fr\/wp-json\/wp\/v2\/posts"}],"about":[{"href":"https:\/\/www.europesays.com\/fr\/wp-json\/wp\/v2\/types\/post"}],"author":[{"embeddable":true,"href":"https:\/\/www.europesays.com\/fr\/wp-json\/wp\/v2\/users\/2"}],"replies":[{"embeddable":true,"href":"https:\/\/www.europesays.com\/fr\/wp-json\/wp\/v2\/comments?post=617300"}],"version-history":[{"count":0,"href":"https:\/\/www.europesays.com\/fr\/wp-json\/wp\/v2\/posts\/617300\/revisions"}],"wp:featuredmedia":[{"embeddable":true,"href":"https:\/\/www.europesays.com\/fr\/wp-json\/wp\/v2\/media\/617301"}],"wp:attachment":[{"href":"https:\/\/www.europesays.com\/fr\/wp-json\/wp\/v2\/media?parent=617300"}],"wp:term":[{"taxonomy":"category","embeddable":true,"href":"https:\/\/www.europesays.com\/fr\/wp-json\/wp\/v2\/categories?post=617300"},{"taxonomy":"post_tag","embeddable":true,"href":"https:\/\/www.europesays.com\/fr\/wp-json\/wp\/v2\/tags?post=617300"}],"curies":[{"name":"wp","href":"https:\/\/api.w.org\/{rel}","templated":true}]}}