{"id":617304,"date":"2025-12-23T06:09:25","date_gmt":"2025-12-23T06:09:25","guid":{"rendered":"https:\/\/www.europesays.com\/fr\/617304\/"},"modified":"2025-12-23T06:09:25","modified_gmt":"2025-12-23T06:09:25","slug":"aix-en-provence-hyeres-et-nice-au-sommaire-dun-nouveau-guide-magazine","status":"publish","type":"post","link":"https:\/\/www.europesays.com\/fr\/617304\/","title":{"rendered":"Aix-en-Provence, Hy\u00e8res et Nice au sommaire d\u2019un nouveau guide-magazine (\u2026)"},"content":{"rendered":"<p>                    <img loading=\"lazy\" decoding=\"async\" src=\"https:\/\/www.europesays.com\/fr\/wp-content\/uploads\/2025\/12\/8224e00d67b0d9cef09c33566b6b2b.jpg\" class=\"img-responsive post-image\" width=\"680\" height=\"510\" alt=\"Aix-en-Provence, Hy\u00e8res\" title=\"Aix-en-Provence, Hy\u00e8res et Nice au sommaire d'un nouveau guide-magazine d\u00e9di\u00e9 aux seniors\"\/><\/p>\n<p class=\"chapo\">S\u00e9r\u00e9nyS Attitude est un guide-magazine d\u00e9di\u00e9 \u00e0 l\u2019autonomie et \u00e0 l\u2019art de vivre des seniors.<\/p>\n<p>Alors que la France comptera pr\u00e8s de 21 millions de personnes de plus de 60 ans d\u2019ici 2030, les enjeux li\u00e9s \u00e0 l\u2019autonomie, au logement et \u00e0 la qualit\u00e9 de vie des seniors occupent une place croissante dans le d\u00e9bat public. Dans ce contexte, le r\u00e9seau S\u00e9r\u00e9nyS, port\u00e9 par l\u2019Association Nationale des Copropri\u00e9t\u00e9s avec Services (ANCS), annonce le lancement en kiosque, d\u00e8s le 18 d\u00e9cembre, de S\u00e9r\u00e9nyS Attitude, un guide-magazine consacr\u00e9 \u00e0 l\u2019autonomie des seniors et \u00e0 l\u2019art de vivre.<\/p>\n<p>3 RESIDENCES EN REGION SUD<\/p>\n<p><strong>Le guide-magazine met ainsi en avant trois r\u00e9sidences services en centre-ville en r\u00e9gion Sud\u00a0:<\/strong> Les Jardins d\u2019Av\u00e9nie Avignon (31 rue Guillaume Puy), Les Jardins d\u2019Arcadie Aix-en-Provence (R\u00e9sidence ind\u00e9pendante de premi\u00e8re g\u00e9n\u00e9ration, 6, avenue du G\u00e9n\u00e9ral Pr\u00e9aud), Les Cardinales Hy\u00e8res (9 rue Georges Simenon) et Les Jardins de Cimiez Nice (5, avenue Michel de Cimiez).<br class=\"autobr\"\/><br \/>\nCes r\u00e9sidences accueillent des seniors autonomes d\u00e9sireux de conjuguer ind\u00e9pendance, confort et vie sociale, sans rupture avec leur mode de vie ni leur environnement urbain.<br class=\"autobr\"\/><br \/>\nCon\u00e7u comme un outil d\u2019information et d\u2019aide \u00e0 la d\u00e9cision, S\u00e9r\u00e9nyS Attitude s\u2019adresse aux seniors autonomes ainsi qu\u2019\u00e0 leurs proches. Plus qu\u2019un simple magazine, il se positionne comme un guide d\u2019orientation, destin\u00e9 \u00e0 accompagner celles et ceux qui souhaitent anticiper ou repenser leur cadre de vie, tout en restant libres de leurs choix, dans un environnement s\u00e9curis\u00e9, convivial et humain.<br class=\"autobr\"\/><br \/>\nLe magazine met en lumi\u00e8re un mod\u00e8le d\u2019habitat encore peu connu (copropri\u00e9t\u00e9 avec services), une alternative \u00e9quilibr\u00e9e entre le logement individuel classique et les structures m\u00e9dicalis\u00e9es. D\u00e9fendu depuis plus de trente ans par l\u2019ANCS, ce mod\u00e8le permet aux seniors de pr\u00e9server leur autonomie, de rester propri\u00e9taires ou locataires de leur logement, tout en b\u00e9n\u00e9ficiant de services mutualis\u00e9s favorisant la s\u00e9curit\u00e9, le lien social et la libert\u00e9 de rythme.<\/p>\n<p>Imprim\u00e9 en r\u00e9gion nantaise par OffSet5, S\u00e9r\u00e9nyS Attitude est diffus\u00e9 par les Messageries Lyonnaises de Presse (MLP) dans la r\u00e9gion nantaise et dans plusieurs grandes villes fran\u00e7aises. Le magazine est disponible en kiosque depuis le 18 d\u00e9cembre, ainsi que dans les gares parisiennes et les a\u00e9roports parisiens. Il est disponible sur demande dans la plupart des r\u00e9sidences adh\u00e9rentes, notamment \u00e0 Bordeaux, Montpellier et Poitiers.<\/p>\n","protected":false},"excerpt":{"rendered":"S\u00e9r\u00e9nyS Attitude est un guide-magazine d\u00e9di\u00e9 \u00e0 l\u2019autonomie et \u00e0 l\u2019art de vivre des seniors. Alors que la&hellip;\n","protected":false},"author":2,"featured_media":617305,"comment_status":"","ping_status":"","sticky":false,"template":"","format":"standard","meta":{"footnotes":""},"categories":[2819],"tags":[1111,11,2408,1777,674,1011,27,12,2401,882,25],"class_list":{"0":"post-617304","1":"post","2":"type-post","3":"status-publish","4":"format-standard","5":"has-post-thumbnail","7":"category-nice","8":"tag-actu","9":"tag-actualites","10":"tag-appels-d","11":"tag-eu","12":"tag-europe","13":"tag-fr","14":"tag-france","15":"tag-news","16":"tag-nice","17":"tag-provence-alpes-cote-dazur","18":"tag-republique-francaise"},"share_on_mastodon":{"url":"https:\/\/pubeurope.com\/@fr\/115767396061187711","error":""},"_links":{"self":[{"href":"https:\/\/www.europesays.com\/fr\/wp-json\/wp\/v2\/posts\/617304","targetHints":{"allow":["GET"]}}],"collection":[{"href":"https:\/\/www.europesays.com\/fr\/wp-json\/wp\/v2\/posts"}],"about":[{"href":"https:\/\/www.europesays.com\/fr\/wp-json\/wp\/v2\/types\/post"}],"author":[{"embeddable":true,"href":"https:\/\/www.europesays.com\/fr\/wp-json\/wp\/v2\/users\/2"}],"replies":[{"embeddable":true,"href":"https:\/\/www.europesays.com\/fr\/wp-json\/wp\/v2\/comments?post=617304"}],"version-history":[{"count":0,"href":"https:\/\/www.europesays.com\/fr\/wp-json\/wp\/v2\/posts\/617304\/revisions"}],"wp:featuredmedia":[{"embeddable":true,"href":"https:\/\/www.europesays.com\/fr\/wp-json\/wp\/v2\/media\/617305"}],"wp:attachment":[{"href":"https:\/\/www.europesays.com\/fr\/wp-json\/wp\/v2\/media?parent=617304"}],"wp:term":[{"taxonomy":"category","embeddable":true,"href":"https:\/\/www.europesays.com\/fr\/wp-json\/wp\/v2\/categories?post=617304"},{"taxonomy":"post_tag","embeddable":true,"href":"https:\/\/www.europesays.com\/fr\/wp-json\/wp\/v2\/tags?post=617304"}],"curies":[{"name":"wp","href":"https:\/\/api.w.org\/{rel}","templated":true}]}}