{"id":617306,"date":"2025-12-23T06:10:15","date_gmt":"2025-12-23T06:10:15","guid":{"rendered":"https:\/\/www.europesays.com\/fr\/617306\/"},"modified":"2025-12-23T06:10:15","modified_gmt":"2025-12-23T06:10:15","slug":"logc-nice-na-plus-le-droit-a-lerreur-dans-ce-mercato-dhiver","status":"publish","type":"post","link":"https:\/\/www.europesays.com\/fr\/617306\/","title":{"rendered":"l\u2019OGC Nice n\u2019a plus le droit \u00e0 l\u2019erreur dans ce mercato d\u2019hiver"},"content":{"rendered":"<p class=\"fs-5 \">Esp\u00e9rer un Gym tout neuf pour la deuxi\u00e8me partie de saison, c\u2019est illusoire. Mais le staff et les dirigeants revendiquent des id\u00e9es pour redresser la barre apr\u00e8s un d\u00e9but de saison chaotique. \u00ab On voit bien qu&rsquo;on a besoin de renforts sur toutes les lignes \u00bb a insist\u00e9 Franck Haise dimanche, \u00e0 la sortie de <a href=\"https:\/\/www.nicematin.com\/sports\/football\/l-ogc-nice-vient-difficilement-a-bout-de-saint-etienne-l2-et-se-qualifie-pour-les-16es-de-finale-de-la-coupe-de-france-10661801\" target=\"_blank\" rel=\"noopener\">sa premi\u00e8re victoire depuis presque deux mois<\/a>, qui plus est poussive contre la Ligue 2 st\u00e9phanoise. Avec un d\u00e9fenseur d\u2019exp\u00e9rience plut\u00f4t, un milieu athl\u00e9tique aussi mais un buteur surtout sur la liste.<\/p>\n<p class=\"fs-5 \">Zoumana Diallo a marqu\u00e9 pour sa premi\u00e8re en professionnel, tant mieux pour le club et le gamin de 20 piges arriv\u00e9 de la N3 de Strasbourg l\u2019\u00e9t\u00e9 dernier. Mais le voir d\u00e9buter le 32e de finale de Coupe de France \u00e0 la place de <a href=\"https:\/\/www.nicematin.com\/sports\/l-ogc-nice-officialise-l-arrivee-de-kevin-carlos-998474\" target=\"_blank\" rel=\"noopener\">Kevin Carlos, achet\u00e9 6 millions d\u2019euros au FC B\u00e2le<\/a>, c\u2019est la preuve ultime qu\u2019une erreur de casting a \u00e9t\u00e9 commise l\u2019\u00e9t\u00e9 dernier. A qui la faute ? Difficile de le savoir tant le coach Haise, l\u2019ex-pr\u00e9sident Bocquet et le directeur sportif Maurice ont tour \u00e0 tour pes\u00e9 de leur influence sur tel ou tel dossier.<\/p>\n<p>        <img src=\"https:\/\/www.europesays.com\/fr\/wp-content\/uploads\/2025\/12\/1766390690_26_cf4457b_upload-1-oqj6z7vzwajt-maxnewsspecialtwo445148.jpg\"   loading=\"lazy\" decoding=\"async\" alt=\"Les Ni\u00e7ois iront \u00e0 Nantes en 16es de finale.\" class=\"img-fluid position-absolute w-100 object-fit-cover rounded-2\" width=\"600\" height=\"400\"\/><\/p>\n<p>                                                                                Wahi donne sa priorit\u00e9 \u00e0 Nice<\/p>\n<p class=\"fs-5 \">L\u2019heure n\u2019est plus aux reproches avec le changement de pr\u00e9sidence, plut\u00f4t au constat. Si<a href=\"https:\/\/www.nicematin.com\/sports\/jean-pierre-rivere-et-maurice-cohen-de-retour-a-l-ogc-nice-ce-qu-il-faut-retenir-de-leur-conference-de-presse-10661600\" target=\"_blank\" rel=\"noopener\"> Jean-Pierre Riv\u00e8re et Maurice Cohen veulent remettre de l\u2019ordre et une autorit\u00e9 dans le club<\/a>, \u00e7a passe par un alignement de toutes les composantes sur les recrues destin\u00e9es \u00e0 renforcer l\u2019\u00e9quipe cet hiver.<\/p>\n<p class=\"fs-5 \">Florian Maurice \u00e9tait accompagn\u00e9 de Fabrice Bocquet lors de son premier appel vid\u00e9o avec Elye Wahi, en d\u00e9but de semaine derni\u00e8re.<a href=\"https:\/\/www.nicematin.com\/sports\/elye-wahi-au-bout-du-fil-10661750\" target=\"_blank\" rel=\"noopener\"> Franck Haise a \u00e9galement t\u00e9l\u00e9phon\u00e9 quelques jours apr\u00e8s au joueur de 22 ans<\/a> pour finir de convaincre son ancien disciple \u00e0 Lens : l\u2019attaquant de Francfort donne sa priorit\u00e9 \u00e0 Nice pour relancer une carri\u00e8re \u00e0 l\u2019arr\u00eat forc\u00e9 (400 minutes de jeu, 1 but, 3 passes d\u00e9cisives), alors qu\u2019un club n\u00e9erlandais pousserait tr\u00e8s fort pour rafler la mise selon son entourage.<\/p>\n<p class=\"fs-5 \">Puisque le club est d\u00e9termin\u00e9 \u00e0 se renforcer au plus vite contrairement \u00e0 un mercato estival fait sur le tard, Fabrice Bocquet aurait d\u00e9j\u00e0 entam\u00e9 les n\u00e9gociations avec son homologue allemand autour d\u2019un pr\u00eat et d\u2019une prise en charge partielle du salaire. Mais l\u2019ex-PDG a \u00e9t\u00e9 remplac\u00e9 vendredi dernier et ses successeurs sont attentifs \u00e0 l\u2019\u00e9tat d\u2019esprit que doivent insuffler les recrues hivernales. L\u2019ex-Marseillais tra\u00eene une r\u00e9putation de gar\u00e7on talentueux mais immature et, m\u00eame si Franck Haise avait r\u00e9ussi \u00e0 le cadrer \u00e0 Lens et que le joueur garde d\u2019ailleurs un excellent souvenir de son ancien coach, c\u2019est un d\u00e9faut qui a s\u00e9rieusement refroidi la piste.<\/p>\n<p>                                                                                Kalimuendo, c\u2019est plus cher<\/p>\n<p class=\"fs-5 \">Un autre jeune attaquant a d\u00e9j\u00e0 r\u00e9clam\u00e9 moins d\u2019investissement sous les ordres de Franck Haise, et se retrouve \u00e9galement dans une situation d\u2019\u00e9chec : Arnaud Kalimuendo. Le Fran\u00e7ais de 23 ans n\u2019a pas d\u00e9pass\u00e9 les 400 minutes de jeu non plus \u00e0 Nottingham Forest (12 matchs, 2 buts), qui l\u2019avait recrut\u00e9 pour 30 millions d\u2019euros l\u2019\u00e9t\u00e9 dernier. Un prix d\u2019achat qui s\u2019accompagne de forts \u00e9moluments et donc de n\u00e9gociations plus serr\u00e9es pour convaincre le club anglais d\u2019un pr\u00eat, m\u00eame si Florian Maurice conna\u00eet parfaitement le joueur aussi pour l\u2019avoir fait signer \u00e0 Rennes, en 2022 et en provenance du PSG (20 millions d\u2019euros). \u00ab Qu&rsquo;est-ce qu\u2019on va pouvoir faire ? Je n\u2019ai aucune prise sur ces aspects-l\u00e0 \u00bb a comment\u00e9 un entra\u00eeneur conscient des limites \u00e9conomiques de son club.<\/p>\n<p class=\"fs-5 \">Et quelles seront les cons\u00e9quences de la nuit du 30 novembre ? Combien rapporteront les d\u00e9parts souhait\u00e9s de Terem Moffi et Jeremie Boga ? Est-ce que le second pourrait avoir gain de cause dans sa requ\u00eate de rupture de contrat pour manquement \u00e0 la s\u00e9curit\u00e9 de la part du club ? Et Clauss, partira ou partira pas alors que Louchet devrait, lui, s\u2019en aller ? Tout un tas de questions seront en suspens pendant les f\u00eates.<\/p>\n","protected":false},"excerpt":{"rendered":"Esp\u00e9rer un Gym tout neuf pour la deuxi\u00e8me partie de saison, c\u2019est illusoire. Mais le staff et les&hellip;\n","protected":false},"author":2,"featured_media":617307,"comment_status":"","ping_status":"","sticky":false,"template":"","format":"standard","meta":{"footnotes":""},"categories":[2819],"tags":[1111,11,1777,674,1011,27,12,2401,882,25],"class_list":{"0":"post-617306","1":"post","2":"type-post","3":"status-publish","4":"format-standard","5":"has-post-thumbnail","7":"category-nice","8":"tag-actu","9":"tag-actualites","10":"tag-eu","11":"tag-europe","12":"tag-fr","13":"tag-france","14":"tag-news","15":"tag-nice","16":"tag-provence-alpes-cote-dazur","17":"tag-republique-francaise"},"share_on_mastodon":{"url":"https:\/\/pubeurope.com\/@fr\/115767400391944804","error":""},"_links":{"self":[{"href":"https:\/\/www.europesays.com\/fr\/wp-json\/wp\/v2\/posts\/617306","targetHints":{"allow":["GET"]}}],"collection":[{"href":"https:\/\/www.europesays.com\/fr\/wp-json\/wp\/v2\/posts"}],"about":[{"href":"https:\/\/www.europesays.com\/fr\/wp-json\/wp\/v2\/types\/post"}],"author":[{"embeddable":true,"href":"https:\/\/www.europesays.com\/fr\/wp-json\/wp\/v2\/users\/2"}],"replies":[{"embeddable":true,"href":"https:\/\/www.europesays.com\/fr\/wp-json\/wp\/v2\/comments?post=617306"}],"version-history":[{"count":0,"href":"https:\/\/www.europesays.com\/fr\/wp-json\/wp\/v2\/posts\/617306\/revisions"}],"wp:featuredmedia":[{"embeddable":true,"href":"https:\/\/www.europesays.com\/fr\/wp-json\/wp\/v2\/media\/617307"}],"wp:attachment":[{"href":"https:\/\/www.europesays.com\/fr\/wp-json\/wp\/v2\/media?parent=617306"}],"wp:term":[{"taxonomy":"category","embeddable":true,"href":"https:\/\/www.europesays.com\/fr\/wp-json\/wp\/v2\/categories?post=617306"},{"taxonomy":"post_tag","embeddable":true,"href":"https:\/\/www.europesays.com\/fr\/wp-json\/wp\/v2\/tags?post=617306"}],"curies":[{"name":"wp","href":"https:\/\/api.w.org\/{rel}","templated":true}]}}