{"id":617308,"date":"2025-12-23T06:11:16","date_gmt":"2025-12-23T06:11:16","guid":{"rendered":"https:\/\/www.europesays.com\/fr\/617308\/"},"modified":"2025-12-23T06:11:16","modified_gmt":"2025-12-23T06:11:16","slug":"une-nouvelle-compagnie-propose-un-vol-vers-une-destination-ensoleillee","status":"publish","type":"post","link":"https:\/\/www.europesays.com\/fr\/617308\/","title":{"rendered":"une nouvelle compagnie propose un vol vers une destination ensoleill\u00e9e"},"content":{"rendered":"<p>                    Par<br \/>\n        <strong><br \/>\n            <a href=\"https:\/\/actu.fr\/auteur\/thomas-bernard\" title=\"Consulter tous les articles de Thomas Bernard\" target=\"_blank\" rel=\"noopener\">Thomas Bernard<\/a><br \/>\n                    <\/strong><\/p>\n<p>        Publi\u00e9 le<\/p>\n<p>            23 d\u00e9c. 2025 \u00e0 6h46        <\/p>\n<p>\u00c0 l\u2019heure des vacances de No\u00ebl, vous pensez peut-\u00eatre \u00e0 vos prochaines vacances vers une destination ensoleill\u00e9e. Une nouvelle compagnie a\u00e9rienne d\u00e9barque \u00e0 <b>l\u2019a\u00e9roport de Nantes<\/b> et propose une destination vers le soleil et la plage.<\/p>\n<p>Direction la Croatie<\/p>\n<p class=\" wall-content\">\u00c0 partir du 5\u00a0mai 2026, la compagnie Croatia Airlines lance une ligne directe entre Nantes et Split (Croatie). En compl\u00e9ment de l\u2019offre existante, <a href=\"https:\/\/actu.fr\/tag\/nantes-atlantique-aeroport\" target=\"_blank\" rel=\"noopener\">Nantes Atlantique<\/a> propose des<b> nouveaux vols directs vers la perle de la Dalmatie<\/b>.<\/p>\n<p class=\" wall-content\"><a href=\"https:\/\/www.instagram.com\/p\/DSe5puHjGLX\/embed\" title=\"Ouvrir le lien sur Instagram\" target=\"_blank\" rel=\"noopener\">Visualiser le contenu sur Instagram<\/a><\/p>\n<p class=\" wall-content\">La ligne directe <b>sera exploit\u00e9e jusqu\u2019au 9\u00a0octobre 2026<\/b>, \u00e0 raison de deux vols par semaine, les mardis et vendredis.<\/p>\n<p class=\" wall-content\">Personnalisez votre actualit\u00e9 en ajoutant vos villes et m\u00e9dias en favori avec <a href=\"https:\/\/moncompte.actu.fr\" title=\"D\u00e9couvez Mon Actu\" rel=\"nofollow noopener\" data-trk=\"{&quot;cta&quot;:{&quot;action&quot;:&quot;https:\\\/\\\/moncompte.actu.fr&quot;,&quot;category&quot;:&quot;mon compte&quot;,&quot;from&quot;:&quot;article footer&quot;,&quot;name&quot;:&quot;Mon actu&quot;,&quot;type&quot;:&quot;cta&quot;}}\" target=\"_blank\">Mon Actu<\/a>.<\/p>\n<p>                    <script async src=\"\/\/www.instagram.com\/embed.js\"><\/script><\/p>\n","protected":false},"excerpt":{"rendered":"Par Thomas Bernard Publi\u00e9 le 23 d\u00e9c. 2025 \u00e0 6h46 \u00c0 l\u2019heure des vacances de No\u00ebl, vous pensez&hellip;\n","protected":false},"author":2,"featured_media":617309,"comment_status":"","ping_status":"","sticky":false,"template":"","format":"standard","meta":{"footnotes":""},"categories":[2818],"tags":[1111,11,754,1777,674,1011,27,766,755,12,2636,25,104],"class_list":{"0":"post-617308","1":"post","2":"type-post","3":"status-publish","4":"format-standard","5":"has-post-thumbnail","7":"category-nantes","8":"tag-actu","9":"tag-actualites","10":"tag-aeroport-de-nantes","11":"tag-eu","12":"tag-europe","13":"tag-fr","14":"tag-france","15":"tag-nantes","16":"tag-nantes-atlantique-aeroport","17":"tag-news","18":"tag-pays-de-la-loire","19":"tag-republique-francaise","20":"tag-societe"},"share_on_mastodon":{"url":"https:\/\/pubeurope.com\/@fr\/115767403170345015","error":""},"_links":{"self":[{"href":"https:\/\/www.europesays.com\/fr\/wp-json\/wp\/v2\/posts\/617308","targetHints":{"allow":["GET"]}}],"collection":[{"href":"https:\/\/www.europesays.com\/fr\/wp-json\/wp\/v2\/posts"}],"about":[{"href":"https:\/\/www.europesays.com\/fr\/wp-json\/wp\/v2\/types\/post"}],"author":[{"embeddable":true,"href":"https:\/\/www.europesays.com\/fr\/wp-json\/wp\/v2\/users\/2"}],"replies":[{"embeddable":true,"href":"https:\/\/www.europesays.com\/fr\/wp-json\/wp\/v2\/comments?post=617308"}],"version-history":[{"count":0,"href":"https:\/\/www.europesays.com\/fr\/wp-json\/wp\/v2\/posts\/617308\/revisions"}],"wp:featuredmedia":[{"embeddable":true,"href":"https:\/\/www.europesays.com\/fr\/wp-json\/wp\/v2\/media\/617309"}],"wp:attachment":[{"href":"https:\/\/www.europesays.com\/fr\/wp-json\/wp\/v2\/media?parent=617308"}],"wp:term":[{"taxonomy":"category","embeddable":true,"href":"https:\/\/www.europesays.com\/fr\/wp-json\/wp\/v2\/categories?post=617308"},{"taxonomy":"post_tag","embeddable":true,"href":"https:\/\/www.europesays.com\/fr\/wp-json\/wp\/v2\/tags?post=617308"}],"curies":[{"name":"wp","href":"https:\/\/api.w.org\/{rel}","templated":true}]}}