{"id":617327,"date":"2025-12-23T06:27:30","date_gmt":"2025-12-23T06:27:30","guid":{"rendered":"https:\/\/www.europesays.com\/fr\/617327\/"},"modified":"2025-12-23T06:27:30","modified_gmt":"2025-12-23T06:27:30","slug":"2025-aura-ete-marque-par-un-rebond-des-prix-et-des-volumes","status":"publish","type":"post","link":"https:\/\/www.europesays.com\/fr\/617327\/","title":{"rendered":"2025 aura \u00e9t\u00e9 marqu\u00e9 par un rebond des prix et des volumes"},"content":{"rendered":"<p><img width=\"487\" height=\"297\" src=\"https:\/\/www.europesays.com\/fr\/wp-content\/uploads\/2025\/07\/Laforet-Immobilier-Agence.jpg\" class=\"attachment-post-thumbnail size-post-thumbnail wp-post-image\" alt=\"\" decoding=\"async\" fetchpriority=\"high\" \/><\/p>\n<p>(Lafor\u00eat)<\/p>\n<p><strong>Le r\u00e9seau immobilier Lafor\u00eat a d\u00e9voil\u00e9 en fin de semaine derni\u00e8re son bilan annuel sur le march\u00e9 immobilier fran\u00e7ais. Lyon ne fait pas exception \u00e0 la tendance nationale.<\/strong><\/p>\n<p>Lafor\u00eat a d\u00e9voil\u00e9 en fin de semaine derni\u00e8re son traditionnel point sur le march\u00e9 immobilier fran\u00e7ais. Selon celui-ci, 2025 s\u2019est termin\u00e9 dans une situation paradoxale.<\/p>\n<blockquote class=\"wp-block-quote is-layout-flow wp-block-quote-is-layout-flow\">\n<p>\u00abApr\u00e8s deux ann\u00e9es de net ralentissement, le march\u00e9 de l\u2019ancien retrouve un volume de transactions conforme \u00e0 ses standards historiques, avec plus de 900.000 ventes attendues. Ce retour \u00e0 la normale r\u00e9sulte d\u2019un double ajustement : une correction des prix en 2023-2024 (baisse cumul\u00e9e de 7 %), suivie d\u2019une reprise mod\u00e9r\u00e9e en 2025 (+1,8 %), et un retour des taux d\u2019emprunt \u00e0 des niveaux soutenables, autour de 3,10 %, apr\u00e8s un pic \u00e0 4,20 % fin 2023.\u00bb<\/p>\n<p>Lafor\u00eat<\/p><\/blockquote>\n<p>Pour le r\u00e9seau, \u00ables conditions du march\u00e9 se sont peu \u00e0 peu \u00e9quilibr\u00e9es, permettant \u00e0 l\u2019activit\u00e9 de retrouver du souffle\u00bb. Mais il temp\u00e8re imm\u00e9diatement en indiquant que derri\u00e8re cette apparente reprise, \u00abl\u2019\u00e9quilibre demeure fragile\u00bb. <\/p>\n<p><img decoding=\"async\" src=\"https:\/\/www.europesays.com\/fr\/wp-content\/uploads\/2025\/04\/abonnezvouslarge.jpg\" alt=\"\" \/><\/p>\n<p>Pour lire la totalit\u00e9 de l&rsquo;article,<strong><a href=\"http:\/\/www.lyonpoleimmo.com\/membership-options-page\/\" target=\"_blank\" rel=\"noopener\">abonnez-vous<\/a> <\/strong>ou <a href=\"http:\/\/www.lyonpoleimmo.com\/senregistrer\/\" target=\"_blank\" rel=\"noopener\"><strong>identifiez-vous<\/strong><\/a>  <\/p>\n<p><strong>Si vous avez appr\u00e9ci\u00e9 cet article, s&rsquo;il vous plait, prenez le temps de <a href=\"#comments\">laisser un commentaire<\/a> ou de <a href=\"http:\/\/www.lyonpoleimmo.com\/feed\/\" target=\"_blank\" rel=\"noopener\">souscrire au flux<\/a> afin de recevoir les futurs articles directement dans votre lecteur de flux.<br \/>\n    <\/strong><\/p>\n<p>\t<a href=\"http:\/\/www.lyonpoleimmo.com\/2025\/12\/14\/93384\/les-prix-en-hausse-dans-les-stations-de-ski\/\" rel=\"bookmark noopener\" title=\"Lien Permanent vers Les prix en hausse dans les stations de ski\" target=\"_blank\">Les prix en hausse dans les stations de ski<\/a><\/p>\n<p>\t<a href=\"http:\/\/www.lyonpoleimmo.com\/2025\/12\/14\/93384\/les-prix-en-hausse-dans-les-stations-de-ski\/\" rel=\"bookmark noopener\" title=\"Lien Permanent vers Les prix en hausse dans les stations de ski\" target=\"_blank\"><\/p>\n<p><img decoding=\"async\" src=\"https:\/\/www.europesays.com\/fr\/wp-content\/uploads\/2025\/12\/FNAIM-Alpes-2025.jpg\" alt=\"null\" \/>La FNAIM a fait part en fin de semaine de sa note sur les stations de ski.<\/p>\n<p><\/a><\/p>\n<p>\t<a href=\"http:\/\/www.lyonpoleimmo.com\/2025\/12\/08\/93306\/immobilier-les-volumes-se-sont-repris-en-2025\/\" rel=\"bookmark noopener\" title=\"Lien Permanent vers Immobilier : les volumes se sont repris en 2025\" target=\"_blank\">Immobilier : les volumes se sont repris en 2025<\/a><\/p>\n<p>\t<a href=\"http:\/\/www.lyonpoleimmo.com\/2025\/12\/08\/93306\/immobilier-les-volumes-se-sont-repris-en-2025\/\" rel=\"bookmark noopener\" title=\"Lien Permanent vers Immobilier : les volumes se sont repris en 2025\" target=\"_blank\"><\/p>\n<p><img decoding=\"async\" src=\"https:\/\/www.europesays.com\/fr\/wp-content\/uploads\/2025\/12\/immeubles30.jpg\" alt=\"null\" \/>Les Notaires de France ont fait part ce lundi du bilan immobilier de l\u2019ann\u00e9e 2025 dans l\u2019ancien, ainsi que des premi\u00e8res tendances pour le d\u00e9but 2026.<\/p>\n<p><\/a><\/p>\n<p>\t<a href=\"http:\/\/www.lyonpoleimmo.com\/2025\/12\/01\/93166\/pour-seloger-meilleursagents-la-reprise-de-limmobilier-se-dessine\/\" rel=\"bookmark noopener\" title=\"Lien Permanent vers Pour Seloger\/Meilleursagents, la reprise de l\u2019immobilier se dessine\" target=\"_blank\">Pour Seloger\/Meilleursagents, la reprise de l\u2019immobilier se dessine<\/a><\/p>\n<p>\t<a href=\"http:\/\/www.lyonpoleimmo.com\/2025\/12\/01\/93166\/pour-seloger-meilleursagents-la-reprise-de-limmobilier-se-dessine\/\" rel=\"bookmark noopener\" title=\"Lien Permanent vers Pour Seloger\/Meilleursagents, la reprise de l\u2019immobilier se dessine\" target=\"_blank\"><\/p>\n<p>Le barom\u00e8tre note que, malgr\u00e9 un automne sans relief, le march\u00e9 immobilier confirme sa lente reprise.<\/p>\n<p><\/a><\/p>\n<p>\t<a href=\"http:\/\/www.lyonpoleimmo.com\/2025\/11\/27\/93139\/la-reprise-de-limmobilier-perd-de-la-vigueur-les-prix-stables-a-lyon\/\" rel=\"bookmark noopener\" title=\"Lien Permanent vers La reprise de l\u2019immobilier perd de la vigueur, les prix stables \u00e0 Lyon\" target=\"_blank\">La reprise de l\u2019immobilier perd de la vigueur, les prix stables \u00e0 Lyon<\/a><\/p>\n<p>\t<a href=\"http:\/\/www.lyonpoleimmo.com\/2025\/11\/27\/93139\/la-reprise-de-limmobilier-perd-de-la-vigueur-les-prix-stables-a-lyon\/\" rel=\"bookmark noopener\" title=\"Lien Permanent vers La reprise de l\u2019immobilier perd de la vigueur, les prix stables \u00e0 Lyon\" target=\"_blank\"><\/p>\n<p>LPI-iad a fait part de son barom\u00e8tre mensuel des prix de l\u2019immobilier.<\/p>\n<p><\/a><\/p>\n<p>\t<a href=\"http:\/\/www.lyonpoleimmo.com\/2025\/11\/25\/93110\/un-marche-immobilier-toujours-partage-selon-bpce\/\" rel=\"bookmark noopener\" title=\"Lien Permanent vers Un march\u00e9 immobilier toujours partag\u00e9, selon BPCE\" target=\"_blank\">Un march\u00e9 immobilier toujours partag\u00e9, selon BPCE<\/a><\/p>\n<p>\t<a href=\"http:\/\/www.lyonpoleimmo.com\/2025\/11\/25\/93110\/un-marche-immobilier-toujours-partage-selon-bpce\/\" rel=\"bookmark noopener\" title=\"Lien Permanent vers Un march\u00e9 immobilier toujours partag\u00e9, selon BPCE\" target=\"_blank\"><\/p>\n<p>Si le march\u00e9 de l\u2019ancien se reprend quelque peu, le march\u00e9 de l\u2019immobilier neuf reste d\u00e9prim\u00e9, selon l\u2019observatoire BPCE pr\u00e9sent\u00e9 ce mardi.<\/p>\n<p><\/a><\/p>\n<p>\t<a href=\"http:\/\/www.lyonpoleimmo.com\/2025\/11\/03\/92778\/laetitia-jossier-presente-sa-feuille-de-route\/\" rel=\"bookmark noopener\" title=\"Lien Permanent vers La\u00ebtitia Jossier pr\u00e9sente sa feuille de route\" target=\"_blank\">La\u00ebtitia Jossier pr\u00e9sente sa feuille de route<\/a><\/p>\n<p>\t<a href=\"http:\/\/www.lyonpoleimmo.com\/2025\/11\/03\/92778\/laetitia-jossier-presente-sa-feuille-de-route\/\" rel=\"bookmark noopener\" title=\"Lien Permanent vers La\u00ebtitia Jossier pr\u00e9sente sa feuille de route\" target=\"_blank\"><\/p>\n<p><img decoding=\"async\" src=\"https:\/\/www.europesays.com\/fr\/wp-content\/uploads\/2025\/11\/LaetitiaJossier.jpg\" \/>La pr\u00e9sidente de la Chambre interd\u00e9partementale des notaires de l\u2019Ain, de la Loire et du Rh\u00f4ne, a pr\u00e9sent\u00e9 mercredi dernier \u00e0 la presse la feuille de route de son mandat.<\/p>\n<p><\/a><\/p>\n<p>\t<a href=\"http:\/\/www.lyonpoleimmo.com\/2025\/10\/28\/92732\/le-marche-immobilier-desormais-nettement-au-dessus-des-900-000-transactions\/\" rel=\"bookmark noopener\" title=\"Lien Permanent vers Le march\u00e9 immobilier d\u00e9sormais nettement au-dessus des 900.000 ventes\" target=\"_blank\">Le march\u00e9 immobilier d\u00e9sormais nettement au-dessus des 900.000 ventes<\/a><\/p>\n<p>\t<a href=\"http:\/\/www.lyonpoleimmo.com\/2025\/10\/28\/92732\/le-marche-immobilier-desormais-nettement-au-dessus-des-900-000-transactions\/\" rel=\"bookmark noopener\" title=\"Lien Permanent vers Le march\u00e9 immobilier d\u00e9sormais nettement au-dessus des 900.000 ventes\" target=\"_blank\"><\/p>\n<p><img decoding=\"async\" src=\"https:\/\/www.europesays.com\/fr\/wp-content\/uploads\/2025\/11\/immeuble74.jpg\" alt=\"null\" \/>Selon les notaires de France qui ont fait part de leur note de conjoncture sur le march\u00e9 des logements anciens, les transactions ont atteint 916.000 unit\u00e9s \u00e0 fin ao\u00fbt 2025.<\/p>\n<p><\/a><\/p>\n<p>\t<a href=\"http:\/\/www.lyonpoleimmo.com\/2025\/10\/08\/92441\/lactivite-en-croissance-de-53-en-auvergne-rhone-alpes\/\" rel=\"bookmark noopener\" title=\"Lien Permanent vers L\u2019activit\u00e9 en croissance de 5,3% en Auvergne-Rh\u00f4ne-Alpes\" target=\"_blank\">L\u2019activit\u00e9 en croissance de 5,3% en Auvergne-Rh\u00f4ne-Alpes<\/a><\/p>\n<p>\t<a href=\"http:\/\/www.lyonpoleimmo.com\/2025\/10\/08\/92441\/lactivite-en-croissance-de-53-en-auvergne-rhone-alpes\/\" rel=\"bookmark noopener\" title=\"Lien Permanent vers L\u2019activit\u00e9 en croissance de 5,3% en Auvergne-Rh\u00f4ne-Alpes\" target=\"_blank\"><\/p>\n<p>Century 21 a fait part en cours de semaine derni\u00e8re de son point march\u00e9 trimestriel sur le march\u00e9 immobilier ancien.<\/p>\n<p><\/a><\/p>\n<p>\t<a href=\"http:\/\/www.lyonpoleimmo.com\/2025\/10\/08\/92437\/un-marche-immobilier-en-amelioration-selon-orpi\/\" rel=\"bookmark noopener\" title=\"Lien Permanent vers Un march\u00e9 immobilier en am\u00e9lioration, selon Orpi\" target=\"_blank\">Un march\u00e9 immobilier en am\u00e9lioration, selon Orpi<\/a><\/p>\n<p>\t<a href=\"http:\/\/www.lyonpoleimmo.com\/2025\/10\/08\/92437\/un-marche-immobilier-en-amelioration-selon-orpi\/\" rel=\"bookmark noopener\" title=\"Lien Permanent vers Un march\u00e9 immobilier en am\u00e9lioration, selon Orpi\" target=\"_blank\"><\/p>\n<p><img decoding=\"async\" src=\"https:\/\/www.europesays.com\/fr\/wp-content\/uploads\/2025\/07\/Orpi-3.jpg\" alt=\"null\" \/>Orpi a publi\u00e9 ce mercredi son bilan trimestriel du march\u00e9 immobilier.<\/p>\n<p><\/a><\/p>\n<p>\t<a href=\"http:\/\/www.lyonpoleimmo.com\/2025\/10\/01\/92349\/vers-un-marche-immobilier-superieur-a-900-000-transactions-en-2025\/\" rel=\"bookmark noopener\" title=\"Lien Permanent vers Vers un march\u00e9 immobilier sup\u00e9rieur \u00e0 900.000 transactions en 2025\" target=\"_blank\">Vers un march\u00e9 immobilier sup\u00e9rieur \u00e0 900.000 transactions en 2025<\/a><\/p>\n<p>\t<a href=\"http:\/\/www.lyonpoleimmo.com\/2025\/10\/01\/92349\/vers-un-marche-immobilier-superieur-a-900-000-transactions-en-2025\/\" rel=\"bookmark noopener\" title=\"Lien Permanent vers Vers un march\u00e9 immobilier sup\u00e9rieur \u00e0 900.000 transactions en 2025\" target=\"_blank\"><\/p>\n<p>C\u2019est ce qu\u2019a indiqu\u00e9 Lafor\u00eat dans son point trimestriel sur le march\u00e9 immobilier.<\/p>\n<p><\/a><\/p>\n<p>\t<a href=\"http:\/\/www.lyonpoleimmo.com\/2025\/09\/07\/92035\/une-activite-immobiliere-a-lyon-toujours-en-repli-sur-un-an-selon-orpi\/\" rel=\"bookmark noopener\" title=\"Lien Permanent vers Une activit\u00e9 immobili\u00e8re \u00e0 Lyon toujours en repli sur un an, selon Orpi\" target=\"_blank\">Une activit\u00e9 immobili\u00e8re \u00e0 Lyon toujours en repli sur un an, selon Orpi<\/a><\/p>\n<p>\t<a href=\"http:\/\/www.lyonpoleimmo.com\/2025\/09\/07\/92035\/une-activite-immobiliere-a-lyon-toujours-en-repli-sur-un-an-selon-orpi\/\" rel=\"bookmark noopener\" title=\"Lien Permanent vers Une activit\u00e9 immobili\u00e8re \u00e0 Lyon toujours en repli sur un an, selon Orpi\" target=\"_blank\"><\/p>\n<p>Au niveau national, le r\u00e9seau coop\u00e9ratif a constat\u00e9 une nette reprise de l\u2019activit\u00e9 sur la p\u00e9riode estivale. Mais cette reprise n\u2019est pas constat\u00e9e dans toutes les m\u00e9tropoles.<\/p>\n<p><\/a><\/p>\n<p>\t<a href=\"http:\/\/www.lyonpoleimmo.com\/2025\/09\/02\/91972\/vers-un-marche-superieur-a-900-000-ventes-en-2025\/\" rel=\"bookmark noopener\" title=\"Lien Permanent vers Vers un march\u00e9 sup\u00e9rieur \u00e0 900.000 ventes en 2025\" target=\"_blank\">Vers un march\u00e9 sup\u00e9rieur \u00e0 900.000 ventes en 2025<\/a><\/p>\n<p>\t<a href=\"http:\/\/www.lyonpoleimmo.com\/2025\/09\/02\/91972\/vers-un-marche-superieur-a-900-000-ventes-en-2025\/\" rel=\"bookmark noopener\" title=\"Lien Permanent vers Vers un march\u00e9 sup\u00e9rieur \u00e0 900.000 ventes en 2025\" target=\"_blank\"><\/p>\n<p><img decoding=\"async\" src=\"https:\/\/www.europesays.com\/fr\/wp-content\/uploads\/2025\/09\/SeLoger-rentree-2025-1.jpg\" \/><br \/>L\u2019\u00e9quipe scientifique de SeLoger \u2013 Meilleurs Agents a livr\u00e9 ce mardi son analyse. Selon elle, la reprise est moins forte qu\u2019attendu.<\/p>\n<p><\/a><\/p>\n<p>\t<a href=\"http:\/\/www.lyonpoleimmo.com\/2025\/08\/24\/91882\/net-rebond-des-prix-sur-trois-mois-a-lyon\/\" rel=\"bookmark noopener\" title=\"Lien Permanent vers Net rebond des prix sur trois mois \u00e0 Lyon\" target=\"_blank\">Net rebond des prix sur trois mois \u00e0 Lyon<\/a><\/p>\n<p>\t<a href=\"http:\/\/www.lyonpoleimmo.com\/2025\/08\/24\/91882\/net-rebond-des-prix-sur-trois-mois-a-lyon\/\" rel=\"bookmark noopener\" title=\"Lien Permanent vers Net rebond des prix sur trois mois \u00e0 Lyon\" target=\"_blank\"><\/p>\n<p><img decoding=\"async\" src=\"https:\/\/www.europesays.com\/fr\/wp-content\/uploads\/2025\/09\/LPI-iad-aout-2025.jpg\" \/>LPI iad a publi\u00e9 en fin de semaine derni\u00e8re son barom\u00e8tre mensuel.<\/p>\n<p><\/a><\/p>\n<p>\t<a href=\"http:\/\/www.lyonpoleimmo.com\/2025\/07\/22\/91731\/les-prix-de-limmobilier-rebondissent-sur-un-an\/\" rel=\"bookmark noopener\" title=\"Lien Permanent vers Les prix de l\u2019immobilier rebondissent sur un an\" target=\"_blank\">Les prix de l\u2019immobilier rebondissent sur un an<\/a><\/p>\n<p>\t<a href=\"http:\/\/www.lyonpoleimmo.com\/2025\/07\/22\/91731\/les-prix-de-limmobilier-rebondissent-sur-un-an\/\" rel=\"bookmark noopener\" title=\"Lien Permanent vers Les prix de l\u2019immobilier rebondissent sur un an\" target=\"_blank\"><\/p>\n<p><img decoding=\"async\" src=\"https:\/\/www.europesays.com\/fr\/wp-content\/uploads\/2025\/09\/immeubles15.jpg\" \/>Selon la derni\u00e8re note de conjoncture des Notaires de France, le volume de transactions de logements anciens sur 12 mois se rapprochait \u00e0 fin avril des 900.000 ventes. Les prix suivent une m\u00eame orientation.<\/p>\n<p><\/a><\/p>\n<p>\t<a href=\"http:\/\/www.lyonpoleimmo.com\/2025\/07\/07\/91562\/une-stabilisation-des-prix-et-un-marche-immobilier-au-ralenti-selon-ladresse\/\" rel=\"bookmark noopener\" title=\"Lien Permanent vers Une stabilisation des prix et un march\u00e9 immobilier au ralenti selon L\u2019Adresse\" target=\"_blank\">Une stabilisation des prix et un march\u00e9 immobilier au ralenti selon L\u2019Adresse<\/a><\/p>\n<p>\t<a href=\"http:\/\/www.lyonpoleimmo.com\/2025\/07\/07\/91562\/une-stabilisation-des-prix-et-un-marche-immobilier-au-ralenti-selon-ladresse\/\" rel=\"bookmark noopener\" title=\"Lien Permanent vers Une stabilisation des prix et un march\u00e9 immobilier au ralenti selon L\u2019Adresse\" target=\"_blank\"><\/p>\n<p>Le r\u00e9seau coop\u00e9ratif a fait part en fin de semaine derni\u00e8re d\u2019un sondage r\u00e9alis\u00e9 aupr\u00e8s de ses agences.<\/p>\n<p><\/a><\/p>\n","protected":false},"excerpt":{"rendered":"(Lafor\u00eat) Le r\u00e9seau immobilier Lafor\u00eat a d\u00e9voil\u00e9 en fin de semaine derni\u00e8re son bilan annuel sur le march\u00e9&hellip;\n","protected":false},"author":2,"featured_media":216933,"comment_status":"","ping_status":"","sticky":false,"template":"","format":"standard","meta":{"footnotes":""},"categories":[1889],"tags":[5265,1111,11,2430,1777,674,1011,27,35636,2428,3238,12,25],"class_list":{"0":"post-617327","1":"post","2":"type-post","3":"status-publish","4":"format-standard","5":"has-post-thumbnail","7":"category-lyon","8":"tag-abonnes","9":"tag-actu","10":"tag-actualites","11":"tag-auvergne-rhone-alpes","12":"tag-eu","13":"tag-europe","14":"tag-fr","15":"tag-france","16":"tag-les-prix","17":"tag-lyon","18":"tag-national","19":"tag-news","20":"tag-republique-francaise"},"share_on_mastodon":{"url":"https:\/\/pubeurope.com\/@fr\/115767467057649364","error":""},"_links":{"self":[{"href":"https:\/\/www.europesays.com\/fr\/wp-json\/wp\/v2\/posts\/617327","targetHints":{"allow":["GET"]}}],"collection":[{"href":"https:\/\/www.europesays.com\/fr\/wp-json\/wp\/v2\/posts"}],"about":[{"href":"https:\/\/www.europesays.com\/fr\/wp-json\/wp\/v2\/types\/post"}],"author":[{"embeddable":true,"href":"https:\/\/www.europesays.com\/fr\/wp-json\/wp\/v2\/users\/2"}],"replies":[{"embeddable":true,"href":"https:\/\/www.europesays.com\/fr\/wp-json\/wp\/v2\/comments?post=617327"}],"version-history":[{"count":0,"href":"https:\/\/www.europesays.com\/fr\/wp-json\/wp\/v2\/posts\/617327\/revisions"}],"wp:featuredmedia":[{"embeddable":true,"href":"https:\/\/www.europesays.com\/fr\/wp-json\/wp\/v2\/media\/216933"}],"wp:attachment":[{"href":"https:\/\/www.europesays.com\/fr\/wp-json\/wp\/v2\/media?parent=617327"}],"wp:term":[{"taxonomy":"category","embeddable":true,"href":"https:\/\/www.europesays.com\/fr\/wp-json\/wp\/v2\/categories?post=617327"},{"taxonomy":"post_tag","embeddable":true,"href":"https:\/\/www.europesays.com\/fr\/wp-json\/wp\/v2\/tags?post=617327"}],"curies":[{"name":"wp","href":"https:\/\/api.w.org\/{rel}","templated":true}]}}