{"id":617330,"date":"2025-12-23T06:30:37","date_gmt":"2025-12-23T06:30:37","guid":{"rendered":"https:\/\/www.europesays.com\/fr\/617330\/"},"modified":"2025-12-23T06:30:37","modified_gmt":"2025-12-23T06:30:37","slug":"temperatures-jusqua-5c-a-paris-et-en-ile-de-france-les-habitants-vont-ils-aussi-devoir-se-preparer-a-la-neige","status":"publish","type":"post","link":"https:\/\/www.europesays.com\/fr\/617330\/","title":{"rendered":"Temp\u00e9ratures jusqu\u2019\u00e0 -5\u00b0C \u00e0 Paris et en \u00cele-de-France ! Les habitants vont-ils aussi devoir se pr\u00e9parer \u00e0 la neige ?"},"content":{"rendered":"<p> <img decoding=\"async\" fetchpriority=\"high\" src=\"https:\/\/www.europesays.com\/fr\/wp-content\/uploads\/2025\/12\/dailymotion-x9w85d8_1024.jpg\"  width=\"768\" height=\"432\" id=\"x9w85d8\"\/>  <\/p>\n<p>Un froid de plus en plus marqu\u00e9 va s\u2019inviter sur Paris et la r\u00e9gion parisienne. Les temp\u00e9ratures vont tr\u00e8s nettement repasser en-dessous des normales de saison et les valeurs en journ\u00e9e auront parfois du mal \u00e0 repasser dans le positif. Faut-il aussi craindre la neige ? Les derni\u00e8res pr\u00e9visions.<\/p>\n<p>    <img decoding=\"async\" fetchpriority=\"high\" src=\"https:\/\/www.europesays.com\/fr\/wp-content\/uploads\/2025\/04\/marc-hay.jpg\" alt=\"Marc Hay\" width=\"40\" height=\"40\"\/>    <a class=\"nombre text-hv\" href=\"https:\/\/www.tameteo.com\/auteur\/marc-hay\/\" title=\"Marc Hay\" target=\"_blank\" rel=\"noopener\">Marc Hay<\/a>         23\/12\/2025 06:47   6 min   <\/p>\n<p>C\u2019est confirm\u00e9 !<strong> Un temps de plus en plus froid va concerner la r\u00e9gion parisienne cette semaine, <\/strong>avec des temp\u00e9ratures qui vont baisser un peu plus chaque jour et qui vont m\u00eame assez rapidement passer en-dessous des normales de saison.<\/p>\n<p><strong>Le ressenti ne s\u2019annonce pas franchement agr\u00e9able, <\/strong>avec un vent de secteur nord-est qui va se lever \u00e0 partir du 24 d\u00e9cembre, <strong>accentuant la sensation de froid.<\/strong> Sous un ciel souvent gris entre aujourd\u2019hui et demain, les temp\u00e9ratures auront parfois beaucoup de mal \u00e0 progresser au fil des heures, notamment demain o\u00f9 Paris pourrait afficher seulement 3 degr\u00e9s au meilleur moment de la journ\u00e9e.<strong> Quel contraste avec les 15 degr\u00e9s de jeudi dernier. <\/strong>En l\u2019espace de quelques jours seulement, le mercure aura chut\u00e9 de plus de 12 degr\u00e9s !<\/p>\n<p>Vous pouvez retrouver nos pr\u00e9visions m\u00e9t\u00e9o au quotidien en nous suivant d\u00e8s maintenant sur <a href=\"https:\/\/whatsapp.com\/channel\/0029Vb5XCzJAjPXEPuVDMZ1H\" target=\"_blank\" rel=\"noopener\">WhatsApp<\/a>.<\/p>\n<p>Ce temps froid va donc s\u2019imposer tout au long de la semaine, <strong>avec des temp\u00e9ratures parfois de plus de 5 degr\u00e9s inf\u00e9rieures aux normales de saison<\/strong> et des gel\u00e9es parfois fortes au petit matin en fonction de la couverture nuageuse la nuit.<\/p>\n<p>Faut-il aussi craindre un risque de neige jusque sur la r\u00e9gion parisienne ? <strong>Et si la neige s\u2019invitait sur la r\u00e9gion pour la soir\u00e9e du 24 d\u00e9cembre ?<\/strong> On fait le point sur les toutes derni\u00e8res pr\u00e9visions.<\/p>\n<p>Un froid de plus en plus prononc\u00e9 <\/p>\n<p><strong>La circulation atmosph\u00e9rique est donc sur le point de basculer, <\/strong>avec un flux de secteur nord-est qui se met en place en direction de la France ; l\u2019air froid qui concerne d\u00e9j\u00e0 l\u2019Ukraine, la Pologne et l\u2019Allemagne va peu \u00e0 peu gagner la France.<\/p>\n<p>D\u00e8s cet apr\u00e8s-midi, les temp\u00e9ratures seront orient\u00e9es \u00e0 la baisse avec une maximale de 7 \u00b0C \u00e0 Paris,<strong> soit une valeur globalement conforme pour la saison.<\/strong><\/p>\n<p>Les temp\u00e9ratures vont rester durablement sous les valeurs de saison. On surveille le risque de neige sur la r\u00e9gion parisienne pour la soir\u00e9e du 24 d\u00e9cembre. <\/p>\n<p>En revanche,<strong> le froid va s\u2019accentuer demain avec des valeurs proches de 0 \u00b0C le matin en r\u00e9gion parisienne et seulement 3 \u00b0C sous un ciel souvent couvert l\u2019apr\u00e8s-midi \u00e0 Paris. <\/strong>L\u2019amplitude thermique s\u2019annonce donc tr\u00e8s faible demain sur l\u2019\u00cele-de-France.<\/p>\n<p>Encore plus froid ensuite <\/p>\n<p>La baisse des temp\u00e9ratures se poursuivra ensuite pour le jeudi 25, <strong>avec des gel\u00e9es g\u00e9n\u00e9ralis\u00e9es sur la r\u00e9gion parisienne jeudi matin <\/strong>et des maximales qui plafonneront l\u2019apr\u00e8s-midi \u00e0 1 ou 2 degr\u00e9s malgr\u00e9 le retour d\u2019un franc soleil.<\/p>\n<p><img loading=\"lazy\" decoding=\"async\" fetchpriority=\"low\" class=\"lazy \" src=\"https:\/\/www.europesays.com\/fr\/wp-content\/uploads\/2025\/12\/temperatures-jusqu-a-5-c-a-paris-et-en-ile-de-france-les-habitants-vont-ils-aussi-devoir-se-preparer.png\"  width=\"768\" height=\"432\" alt=\"Des temp\u00e9ratures parfois plus de 5 degr\u00e9s inf\u00e9rieures aux normales de saison !\" title=\"Des temp\u00e9ratures parfois plus de 5 degr\u00e9s inf\u00e9rieures aux normales de saison !\" data-image=\"rylua3dl4qze\"\/>Des temp\u00e9ratures parfois plus de 5 degr\u00e9s inf\u00e9rieures aux normales de saison !<\/p>\n<p>Des gel\u00e9es de plus en plus fortes sont attendues entre vendredi et samedi, \u00e0 la faveur d\u2019un ciel d\u00e9gag\u00e9 la nuit. <strong>Les minimales pourraient s\u2019abaisser lors de ces deux matin\u00e9es \u00e0 -4 \u00e0 -5 degr\u00e9s localement au petit matin. <\/strong>En journ\u00e9e, les temp\u00e9ratures plafonneront toujours \u00e0 2, 3 ou 4 degr\u00e9s au moment le plus chaud de l\u2019apr\u00e8s-midi.<\/p>\n<p>De la neige pour le r\u00e9veillon de No\u00ebl ?<\/p>\n<p><strong>Une goutte froide va aussi circuler sur la France entre les 24 et 25 d\u00e9cembre.<\/strong> On suit de tr\u00e8s pr\u00e8s l\u2019\u00e9volution de cette goutte froide, car elle pourrait provoquer <strong>de faibles chutes de neige jusque en plaine.<\/strong><\/p>\n<p><a class=\"imagen \" href=\"https:\/\/www.tameteo.com\/actualites\/previsions\/fortes-pluies-et-inondations-l-herault-bascule-en-vigilance-rouge-crues-la-situation-meteo-reste-preoccupante-danger.html\" title=\"Fortes pluies et inondations : l&#039;H\u00e9rault bascule en vigilance rouge &#039;crues&#039; ! La situation m\u00e9t\u00e9o est inqui\u00e9tante !\" target=\"_blank\" rel=\"noopener\"><img loading=\"lazy\" decoding=\"async\" fetchpriority=\"low\" class=\"lazy img-body non-editable\" src=\"https:\/\/www.europesays.com\/fr\/wp-content\/uploads\/2025\/12\/fortes-pluies-et-inondations-l-herault-bascule-en-vigilance-rouge-crues-la-situation-meteo-reste-pre.jpeg\"  width=\"320\" height=\"225\" alt=\"Fortes pluies et inondations : l'H\u00e9rault bascule en vigilance rouge 'crues' ! La situation m\u00e9t\u00e9o est inqui\u00e9tante !\"\/><\/a><\/p>\n<p>Selon le mod\u00e8le europ\u00e9en, <strong>quelques faibles chutes de neige pourraient s\u2019inviter au sud de l\u2019\u00cele-de-France mercredi soir, <\/strong>aux alentours de 22 heures. Ces faibles chutes de neige glisseraient ensuite vers les r\u00e9gions du nord-ouest.<\/p>\n<p><img loading=\"lazy\" decoding=\"async\" fetchpriority=\"low\" class=\"lazy \" src=\"https:\/\/www.europesays.com\/fr\/wp-content\/uploads\/2025\/12\/1766471434_631_temperatures-jusqu-a-5-c-a-paris-et-en-ile-de-france-les-habitants-vont-ils-aussi-devoir-se-preparer.png\"  width=\"768\" height=\"432\" alt=\"De petites chutes de neige envisag\u00e9es par certains mod\u00e8les pour la soir\u00e9e du 24 d\u00e9cembre sur le sud de la r\u00e9gion parisienne.\" title=\"De petites chutes de neige envisag\u00e9es par certains mod\u00e8les pour la soir\u00e9e du 24 d\u00e9cembre sur le sud de la r\u00e9gion parisienne.\" data-image=\"8f0naenujha0\"\/>De petites chutes de neige envisag\u00e9es par certains mod\u00e8les pour la soir\u00e9e du 24 d\u00e9cembre sur le sud de la r\u00e9gion parisienne. <\/p>\n<p><strong>Le mod\u00e8le Arp\u00e8ge voit aussi quelques faibles chutes de neige sur l\u2019ouest et le sud de l\u2019\u00cele-de-France vers 22 heures. <\/strong>Il pourrait donc y avoir quelques averses de neige sur la r\u00e9gion ce mercredi soir. Avec des temp\u00e9ratures n\u00e9gatives, <strong>ces faibles chutes de neige pourraient localement blanchir les sols.<\/strong> Selon les derni\u00e8res pr\u00e9visions, ces petites chutes de neige gagneront ensuite la Normandie, les Pays de la Loire et la Bretagne dans la nuit de mercredi \u00e0 jeudi.<\/p>\n<p><img loading=\"lazy\" decoding=\"async\" fetchpriority=\"low\" class=\"lazy \" src=\"https:\/\/www.europesays.com\/fr\/wp-content\/uploads\/2025\/12\/1766471437_17_temperatures-jusqu-a-5-c-a-paris-et-en-ile-de-france-les-habitants-vont-ils-aussi-devoir-se-preparer.png\"  width=\"768\" height=\"432\" alt=\"Retour d'un grand soleil \u00e0 partir de jeudi apr\u00e8s-midi sur la r\u00e9gion.\" title=\"Retour d'un grand soleil \u00e0 partir de jeudi apr\u00e8s-midi sur la r\u00e9gion.\" data-image=\"i9v7eavmzalb\"\/>Retour d&rsquo;un grand soleil \u00e0 partir de jeudi apr\u00e8s-midi sur la r\u00e9gion. <\/p>\n<p><strong>Il faut toutefois prendre en consid\u00e9ration que les mod\u00e8les divergent encore sur ce qui va se passer entre mercredi et jeudi matin. <\/strong>Les pr\u00e9visions peuvent encore \u00e9voluer. Nous ne manquerons pas de vous apporter<strong> de nouveaux d\u00e9tails<\/strong> concernant ces chutes de neige attendues jusque en plaine pour le r\u00e9veillon du 24 et le jour de No\u00ebl.<\/p>\n","protected":false},"excerpt":{"rendered":"Un froid de plus en plus marqu\u00e9 va s\u2019inviter sur Paris et la r\u00e9gion parisienne. Les temp\u00e9ratures vont&hellip;\n","protected":false},"author":2,"featured_media":617331,"comment_status":"","ping_status":"","sticky":false,"template":"","format":"standard","meta":{"footnotes":""},"categories":[1592],"tags":[1111,11,1777,674,1011,27,3447,65702,662,2487,10584,12,626,25],"class_list":{"0":"post-617330","1":"post","2":"type-post","3":"status-publish","4":"format-standard","5":"has-post-thumbnail","7":"category-ile-de-france","8":"tag-actu","9":"tag-actualites","10":"tag-eu","11":"tag-europe","12":"tag-fr","13":"tag-france","14":"tag-froid","15":"tag-gelees","16":"tag-ile-de-france","17":"tag-meteo","18":"tag-neige","19":"tag-news","20":"tag-paris","21":"tag-republique-francaise"},"share_on_mastodon":{"url":"https:\/\/pubeurope.com\/@fr\/115767478807872161","error":""},"_links":{"self":[{"href":"https:\/\/www.europesays.com\/fr\/wp-json\/wp\/v2\/posts\/617330","targetHints":{"allow":["GET"]}}],"collection":[{"href":"https:\/\/www.europesays.com\/fr\/wp-json\/wp\/v2\/posts"}],"about":[{"href":"https:\/\/www.europesays.com\/fr\/wp-json\/wp\/v2\/types\/post"}],"author":[{"embeddable":true,"href":"https:\/\/www.europesays.com\/fr\/wp-json\/wp\/v2\/users\/2"}],"replies":[{"embeddable":true,"href":"https:\/\/www.europesays.com\/fr\/wp-json\/wp\/v2\/comments?post=617330"}],"version-history":[{"count":0,"href":"https:\/\/www.europesays.com\/fr\/wp-json\/wp\/v2\/posts\/617330\/revisions"}],"wp:featuredmedia":[{"embeddable":true,"href":"https:\/\/www.europesays.com\/fr\/wp-json\/wp\/v2\/media\/617331"}],"wp:attachment":[{"href":"https:\/\/www.europesays.com\/fr\/wp-json\/wp\/v2\/media?parent=617330"}],"wp:term":[{"taxonomy":"category","embeddable":true,"href":"https:\/\/www.europesays.com\/fr\/wp-json\/wp\/v2\/categories?post=617330"},{"taxonomy":"post_tag","embeddable":true,"href":"https:\/\/www.europesays.com\/fr\/wp-json\/wp\/v2\/tags?post=617330"}],"curies":[{"name":"wp","href":"https:\/\/api.w.org\/{rel}","templated":true}]}}