{"id":617332,"date":"2025-12-23T06:32:15","date_gmt":"2025-12-23T06:32:15","guid":{"rendered":"https:\/\/www.europesays.com\/fr\/617332\/"},"modified":"2025-12-23T06:32:15","modified_gmt":"2025-12-23T06:32:15","slug":"au-nigeria-28-personnes-enlevees-lors-dune-fete-musulmane","status":"publish","type":"post","link":"https:\/\/www.europesays.com\/fr\/617332\/","title":{"rendered":"Au Nigeria, 28\u00a0personnes enlev\u00e9es lors d\u2019une f\u00eate musulmane"},"content":{"rendered":"<p>                      <img loading=\"lazy\" decoding=\"async\" src=\"https:\/\/www.europesays.com\/fr\/wp-content\/uploads\/2025\/12\/d5c95f2_ftp-1-hfwgmvelcl4g-f18f45cb10da42cda12ab3671043f625-0-34821806b126438692979a4e87cd901c.jpg\" alt=\"Une manifestation pour d\u00e9noncer l\u2019ins\u00e9curit\u00e9 dans les rues du Nigeria, organis\u00e9e par le syndicat Nigeria Labour Congress, \u00e0 Lagos, le 17\u00a0d\u00e9cembre\u00a02025.\"   width=\"664\" height=\"443\"\/>    Une manifestation pour d\u00e9noncer l\u2019ins\u00e9curit\u00e9 dans les rues du Nigeria, organis\u00e9e par le syndicat Nigeria Labour Congress, \u00e0 Lagos, le 17\u00a0d\u00e9cembre\u00a02025.  SUNDAY ALAMBA \/ AP                        <\/p>\n<p class=\"article__paragraph  \">Vingt-huit personnes ont \u00e9t\u00e9 enlev\u00e9es, dimanche 21\u00a0d\u00e9cembre, alors qu\u2019elles se rendaient \u00e0 une f\u00eate musulmane dans le centre du Nigeria. \u00ab\u00a0Dans la soir\u00e9e du 21\u00a0d\u00e9cembre, des hommes arm\u00e9s ont enlev\u00e9 28 personnes, dont des femmes et des enfants, alors qu\u2019elles se rendaient \u00e0 un rassemblement pour Maouloud\u00a0\u00bb, pr\u00e8s du village de Zak, dans l\u2019Etat du Plateau, selon un rapport de s\u00e9curit\u00e9 pr\u00e9par\u00e9 pour les Nations unies et consult\u00e9 lundi 22\u00a0d\u00e9cembre, par l\u2019Agence France-Presse (AFP).<\/p>\n<p class=\"article__paragraph  \">Le groupe se rendait \u00e0 cet \u00e9v\u00e9nement marquant la naissance du proph\u00e8te Mahomet lorsque leur v\u00e9hicule a \u00e9t\u00e9 \u00ab\u00a0intercept\u00e9\u00a0\u00bb, pr\u00e9cise le rapport, ajoutant que la police avait ouvert une enqu\u00eate. Sollicit\u00e9e par l\u2019AFP, la police de l\u2019Etat du Plateau n\u2019a pas imm\u00e9diatement r\u00e9pondu.<\/p>\n<p class=\"article__paragraph  \">Cet enl\u00e8vement s\u2019est produit le jour de la lib\u00e9ration de 130 \u00e9l\u00e8ves, derniers d\u2019un groupe de 250 enfants enlev\u00e9s il y a un mois dans une \u00e9cole catholique au nord du pays.<\/p>\n<p>                                     Lire aussi |  <a href=\"https:\/\/www.lemonde.fr\/afrique\/article\/2025\/12\/22\/au-nigeria-130-eleves-kidnappes-dans-une-ecole-catholique-liberes-et-remis-aux-autorites_6659134_3212.html\" class=\"js-article-read-also catcher--favoris__link\" data-premium=\"\" id=\"article-title-3452222\" target=\"_blank\" rel=\"noopener\">Au Nigeria, 130\u00a0\u00e9l\u00e8ves kidnapp\u00e9s dans une \u00e9cole catholique lib\u00e9r\u00e9s et\u00a0remis aux autorit\u00e9s<\/a>    <\/p>\n<p>   Lire plus tard  <\/p>\n<p>                        Une recrudescence des kidnappings                  <\/p>\n<p class=\"article__paragraph  \">Depuis novembre, le Nigeria fait l\u2019objet d\u2019une hausse d\u2019attaques. Le pays le plus peupl\u00e9 d\u2019Afrique, avec environ 230\u00a0millions d\u2019habitants, est confront\u00e9 \u00e0 de multiples probl\u00e8mes de s\u00e9curit\u00e9, des djihadistes dans le Nord-Est aux gangs criminels de droit commun dans le Nord-Ouest.<\/p>\n<p class=\"article__paragraph  \">L\u2019ONU a mis en garde contre une \u00ab\u00a0recrudescence des enl\u00e8vements de masse\u00a0\u00bb, impliquant r\u00e9guli\u00e8rement des \u00e9coliers. D\u2019autres personnes ont \u00e9t\u00e9 cibl\u00e9es dans des lieux de culte lors d\u2019enl\u00e8vements distincts.<\/p>\n<p>                                     Lire aussi |  Article r\u00e9serv\u00e9 \u00e0 nos abonn\u00e9s  <a href=\"https:\/\/www.lemonde.fr\/afrique\/article\/2025\/11\/23\/au-nigeria-les-enlevements-a-repetition-mettent-le-gouvernement-sous-pression_6654552_3212.html\" class=\"js-article-read-also catcher--favoris__link\" data-premium=\"1\" id=\"article-title-3447842\" target=\"_blank\" rel=\"noopener\">Au Nigeria, les enl\u00e8vements \u00e0 r\u00e9p\u00e9tition mettent le gouvernement sous pression<\/a>    <\/p>\n<p>   Lire plus tard  <\/p>\n<p class=\"article__paragraph  \">L\u2019un des premiers enl\u00e8vements de masse \u00e0 avoir attir\u00e9 l\u2019attention internationale remonte \u00e0 2014, lorsque pr\u00e8s de 300 filles avaient \u00e9t\u00e9 arrach\u00e9es \u00e0 leur internat dans la ville de Chibok, au nord-est, par les djihadistes de Boko Haram.<\/p>\n<p class=\"article__paragraph  \">Depuis, le ph\u00e9nom\u00e8ne des enl\u00e8vements contre ran\u00e7on s\u2019est \u00ab\u00a0consolid\u00e9 en une industrie structur\u00e9e et \u00e0 but lucratif\u00a0\u00bb qui a r\u00e9colt\u00e9 environ 1,66\u00a0million de dollars (1,40\u00a0million d\u2019euros environ) entre juillet\u00a02024 et juin\u00a02025, selon un r\u00e9cent rapport de SBM Intelligence, un cabinet de conseil bas\u00e9 \u00e0 Lagos.<\/p>\n<p>                                     Lire aussi |  Article r\u00e9serv\u00e9 \u00e0 nos abonn\u00e9s  <a href=\"https:\/\/www.lemonde.fr\/afrique\/article\/2025\/11\/27\/au-nigeria-le-banditisme-marque-le-recul-d-un-etat-incapable-d-exercer-son-mandat-de-monopole-de-la-violence_6655136_3212.html\" class=\"js-article-read-also catcher--favoris__link\" data-premium=\"1\" id=\"article-title-3448391\" target=\"_blank\" rel=\"noopener\">Au Nigeria, le banditisme \u00ab\u00a0marque le recul d\u2019un Etat incapable d\u2019exercer son mandat de monopole de la violence\u00a0\u00bb<\/a>    <\/p>\n<p>   Lire plus tard  <\/p>\n<p class=\"author__detail\">  Le Monde avec AFP  <\/p>\n<p>                <a href=\"https:\/\/www.lemonde.fr\/syndication\/\" class=\"reuse__content\" title=\"R\u00e9utiliser ce contenu\" target=\"_blank\" rel=\"noopener\">R\u00e9utiliser ce contenu<\/a>      <\/p>\n","protected":false},"excerpt":{"rendered":"Une manifestation pour d\u00e9noncer l\u2019ins\u00e9curit\u00e9 dans les rues du Nigeria, organis\u00e9e par le syndicat Nigeria Labour Congress, \u00e0&hellip;\n","protected":false},"author":2,"featured_media":617333,"comment_status":"","ping_status":"","sticky":false,"template":"","format":"standard","meta":{"footnotes":""},"categories":[1888],"tags":[1111,1928,11,1927,1777,674,1011,27,12,1926,626,1925,25],"class_list":{"0":"post-617332","1":"post","2":"type-post","3":"status-publish","4":"format-standard","5":"has-post-thumbnail","7":"category-paris","8":"tag-actu","9":"tag-actu-paris","10":"tag-actualites","11":"tag-actualites-paris","12":"tag-eu","13":"tag-europe","14":"tag-fr","15":"tag-france","16":"tag-news","17":"tag-news-paris","18":"tag-paris","19":"tag-paris-news","20":"tag-republique-francaise"},"share_on_mastodon":{"url":"https:\/\/pubeurope.com\/@fr\/115767486901859633","error":""},"_links":{"self":[{"href":"https:\/\/www.europesays.com\/fr\/wp-json\/wp\/v2\/posts\/617332","targetHints":{"allow":["GET"]}}],"collection":[{"href":"https:\/\/www.europesays.com\/fr\/wp-json\/wp\/v2\/posts"}],"about":[{"href":"https:\/\/www.europesays.com\/fr\/wp-json\/wp\/v2\/types\/post"}],"author":[{"embeddable":true,"href":"https:\/\/www.europesays.com\/fr\/wp-json\/wp\/v2\/users\/2"}],"replies":[{"embeddable":true,"href":"https:\/\/www.europesays.com\/fr\/wp-json\/wp\/v2\/comments?post=617332"}],"version-history":[{"count":0,"href":"https:\/\/www.europesays.com\/fr\/wp-json\/wp\/v2\/posts\/617332\/revisions"}],"wp:featuredmedia":[{"embeddable":true,"href":"https:\/\/www.europesays.com\/fr\/wp-json\/wp\/v2\/media\/617333"}],"wp:attachment":[{"href":"https:\/\/www.europesays.com\/fr\/wp-json\/wp\/v2\/media?parent=617332"}],"wp:term":[{"taxonomy":"category","embeddable":true,"href":"https:\/\/www.europesays.com\/fr\/wp-json\/wp\/v2\/categories?post=617332"},{"taxonomy":"post_tag","embeddable":true,"href":"https:\/\/www.europesays.com\/fr\/wp-json\/wp\/v2\/tags?post=617332"}],"curies":[{"name":"wp","href":"https:\/\/api.w.org\/{rel}","templated":true}]}}