{"id":617336,"date":"2025-12-23T06:35:35","date_gmt":"2025-12-23T06:35:35","guid":{"rendered":"https:\/\/www.europesays.com\/fr\/617336\/"},"modified":"2025-12-23T06:35:35","modified_gmt":"2025-12-23T06:35:35","slug":"patsy-litalie-revisitee-et-ouverte-au-monde","status":"publish","type":"post","link":"https:\/\/www.europesays.com\/fr\/617336\/","title":{"rendered":"Patsy: l\u2019Italie revisit\u00e9e et ouverte au monde"},"content":{"rendered":"<p class=\"p1\">Cuisine ouverte, murs bruts, lumi\u00e8re douce et grande table d\u2019h\u00f4tes confidentielle au sous-sol : Patsy soigne l\u2019ambiance autant que l\u2019assiette.<\/p>\n<p class=\"p1\">La carte, elle, joue la partition du monde : potimarrons r\u00f4tis, sauce cacio e pepe, padr\u00f3n et lardo (15 \u20ac), joue de b\u0153uf po\u00eal\u00e9e, poires, endive et \u00e9pinards, \u00e9mulsion verveine (30 \u20ac)\u2026 Un dialogue de textures, de temp\u00e9ratures et d\u2019influences, toujours guid\u00e9 par la saison et le go\u00fbt juste.<\/p>\n<p class=\"p1\">C\u00f4t\u00e9 douceurs, on fond pour le cr\u00e9meux citron jaune, rehauss\u00e9 d\u2019un sorbet myrtille, de s\u00e9same et d\u2019un \u00e9clat de chocolat noir (13 \u20ac). L\u2019ensemble se d\u00e9guste \u00e0 la carte, ou via un menu en 3 ou 4 s\u00e9quences (de 38 \u20ac \u00e0 54 \u20ac) avec un accord mets et vins bien senti. La cave, elle, fait la part belle aux belles bouteilles de France et d\u2019Italie, s\u00e9lectionn\u00e9es avec justesse.<\/p>\n<p class=\"p1\">Chez <strong>Patsy<\/strong>, on ne parle pas de rupture mais d\u2019\u00e9volution \u2013 une mani\u00e8re subtile de redonner du souffle \u00e0 une adresse qui avait d\u00e9j\u00e0 son public. Aujourd\u2019hui, elle en aura sans doute encore plus. Menus d\u00e9jeuner \u00e0 34 \u20ac et 38 \u20ac.<\/p>\n<p>\u00a0<\/p>\n<p>\u00a0<\/p>\n<p>\u00a0<\/p>\n<p>Informations pratiques:<\/p>\n<ul>\n<li class=\"p1\">12 h 30 \u00e0 14 h et 19 h 30 \u00e0 22 h\u00a0<\/li>\n<li class=\"p1\">Ferm\u00e9 samedi et dimanche\u00a0<\/li>\n<li class=\"p1\">Prix moyen : 60 \u20ac<\/li>\n<\/ul>\n","protected":false},"excerpt":{"rendered":"Cuisine ouverte, murs bruts, lumi\u00e8re douce et grande table d\u2019h\u00f4tes confidentielle au sous-sol : Patsy soigne l\u2019ambiance autant&hellip;\n","protected":false},"author":2,"featured_media":617337,"comment_status":"","ping_status":"","sticky":false,"template":"","format":"standard","meta":{"footnotes":""},"categories":[1888],"tags":[11,1777,674,1011,27,12,626,25,72701],"class_list":{"0":"post-617336","1":"post","2":"type-post","3":"status-publish","4":"format-standard","5":"has-post-thumbnail","7":"category-paris","8":"tag-actualites","9":"tag-eu","10":"tag-europe","11":"tag-fr","12":"tag-france","13":"tag-news","14":"tag-paris","15":"tag-republique-francaise","16":"tag-tables-etrangeres"},"share_on_mastodon":{"url":"https:\/\/pubeurope.com\/@fr\/115767497412544081","error":""},"_links":{"self":[{"href":"https:\/\/www.europesays.com\/fr\/wp-json\/wp\/v2\/posts\/617336","targetHints":{"allow":["GET"]}}],"collection":[{"href":"https:\/\/www.europesays.com\/fr\/wp-json\/wp\/v2\/posts"}],"about":[{"href":"https:\/\/www.europesays.com\/fr\/wp-json\/wp\/v2\/types\/post"}],"author":[{"embeddable":true,"href":"https:\/\/www.europesays.com\/fr\/wp-json\/wp\/v2\/users\/2"}],"replies":[{"embeddable":true,"href":"https:\/\/www.europesays.com\/fr\/wp-json\/wp\/v2\/comments?post=617336"}],"version-history":[{"count":0,"href":"https:\/\/www.europesays.com\/fr\/wp-json\/wp\/v2\/posts\/617336\/revisions"}],"wp:featuredmedia":[{"embeddable":true,"href":"https:\/\/www.europesays.com\/fr\/wp-json\/wp\/v2\/media\/617337"}],"wp:attachment":[{"href":"https:\/\/www.europesays.com\/fr\/wp-json\/wp\/v2\/media?parent=617336"}],"wp:term":[{"taxonomy":"category","embeddable":true,"href":"https:\/\/www.europesays.com\/fr\/wp-json\/wp\/v2\/categories?post=617336"},{"taxonomy":"post_tag","embeddable":true,"href":"https:\/\/www.europesays.com\/fr\/wp-json\/wp\/v2\/tags?post=617336"}],"curies":[{"name":"wp","href":"https:\/\/api.w.org\/{rel}","templated":true}]}}