{"id":617346,"date":"2025-12-23T06:42:14","date_gmt":"2025-12-23T06:42:14","guid":{"rendered":"https:\/\/www.europesays.com\/fr\/617346\/"},"modified":"2025-12-23T06:42:14","modified_gmt":"2025-12-23T06:42:14","slug":"lannee-2025-bien-partie-pour-battre-un-record-de-chaleur-au-royaume-uni","status":"publish","type":"post","link":"https:\/\/www.europesays.com\/fr\/617346\/","title":{"rendered":"l&rsquo;ann\u00e9e 2025 bien partie pour battre un record de chaleur au Royaume-Uni"},"content":{"rendered":"<p>\n    Les donn\u00e9es provisoires indiquent une temp\u00e9rature moyenne record de 10,05\u00b0C. Cette performance s\u2019inscrit dans une ann\u00e9e exceptionnellement ensoleill\u00e9e et confirme la concentration des ann\u00e9es les plus chaudes au cours des deux derni\u00e8res d\u00e9cennies.<\/p>\n<p class=\"fig-paragraph\">L&rsquo;ann\u00e9e 2025 pourrait \u00eatre la plus chaude jamais enregistr\u00e9e au Royaume-Uni, a indiqu\u00e9 mardi l&rsquo;agence nationale de m\u00e9t\u00e9orologie\u00a0<a href=\"https:\/\/www.metoffice.gov.uk\/\" target=\"_blank\" rel=\"sponsored noopener\" data-gtm-custom-categorie=\"navigation\" data-gtm-custom-action=\"crossclick\" data-gtm-custom-label=\"Contextuel\" data-gtm-event=\"customEventSPE\">Met Office<\/a>, avec une temp\u00e9rature moyenne sup\u00e9rieure \u00e0 10\u00b0C. Les chiffres d\u00e9finitifs ne seront connus que le 2 janvier, mais \u00e0 quelques jours de la fin de l&rsquo;ann\u00e9e, la temp\u00e9rature moyenne s&rsquo;affiche \u00e0 10,05\u00b0C, soit au-dessus du pr\u00e9c\u00e9dent record de 10,03\u00b0C enregistr\u00e9 en 2022, selon un communiqu\u00e9 du Met Office.<\/p>\n<p class=\"fig-paragraph\">Si ces donn\u00e9es se confirment, quatre des cinq derni\u00e8res ann\u00e9es appara\u00eetront alors dans le top 5 des plus chaudes jamais enregistr\u00e9es dans le pays depuis le d\u00e9but des mesures en 1884. Les dix ann\u00e9es les plus chaudes ont-elles toutes \u00e9t\u00e9 enregistr\u00e9es durant les deux derni\u00e8res d\u00e9cennies. \u00abSur le plan climatique, nous vivons une p\u00e9riode extraordinaire. Les changements que nous observons sont sans pr\u00e9c\u00e9dent depuis le XIXe si\u00e8cle\u00bb, a soulign\u00e9 Mike Kendon, scientifique au Met Office.<\/p>\n<p>                                            <a class=\"fig-a11y-skip\" href=\"#fig-a11y-skip-main-inarticle\" data-module=\"a11y-skip\" data-context=\"was @visible\"><br \/>\n    Passer la publicit\u00e9<br \/>\n<\/a>            <\/p>\n<p class=\"fig-paragraph\">La semaine derni\u00e8re l&rsquo;agence de m\u00e9t\u00e9orologie a publi\u00e9 des donn\u00e9es montrant que 2025 a \u00e9t\u00e9 l&rsquo;ann\u00e9e la plus ensoleill\u00e9e depuis au moins 1910, avec 1.622 heures de soleil au 15 d\u00e9cembre, au-del\u00e0 du pr\u00e9c\u00e9dent record de 2003. Le printemps a \u00e9t\u00e9 la saison la plus ensoleill\u00e9e, du fait notamment de l&rsquo;influence des hautes pressions qui ont r\u00e9duit la couverture nuageuse. L&rsquo;\u00e9t\u00e9 2025 a lui \u00e9t\u00e9 le plus chaud jamais enregistr\u00e9 au Royaume-Uni, avec quatre vagues de chaleur et des pr\u00e9cipitations inf\u00e9rieures de 16% \u00e0 la moyenne saisonni\u00e8re.<\/p>\n","protected":false},"excerpt":{"rendered":"Les donn\u00e9es provisoires indiquent une temp\u00e9rature moyenne record de 10,05\u00b0C. Cette performance s\u2019inscrit dans une ann\u00e9e exceptionnellement ensoleill\u00e9e&hellip;\n","protected":false},"author":2,"featured_media":617347,"comment_status":"","ping_status":"","sticky":false,"template":"","format":"standard","meta":{"footnotes":""},"categories":[1588],"tags":[11,1129,1777,674,12,5140,473,1853,1851,1850,1852],"class_list":{"0":"post-617346","1":"post","2":"type-post","3":"status-publish","4":"format-standard","5":"has-post-thumbnail","7":"category-royaume-uni","8":"tag-actualites","9":"tag-climat","10":"tag-eu","11":"tag-europe","12":"tag-news","13":"tag-rechauffement-climatique","14":"tag-royaume-uni","15":"tag-royaume-uni-de-grande-bretagne-et-dirlande-du-nord","16":"tag-uk","17":"tag-united-kingdom","18":"tag-united-kingdom-of-great-britain-and-northern-ireland"},"share_on_mastodon":{"url":"https:\/\/pubeurope.com\/@fr\/115767525003006946","error":""},"_links":{"self":[{"href":"https:\/\/www.europesays.com\/fr\/wp-json\/wp\/v2\/posts\/617346","targetHints":{"allow":["GET"]}}],"collection":[{"href":"https:\/\/www.europesays.com\/fr\/wp-json\/wp\/v2\/posts"}],"about":[{"href":"https:\/\/www.europesays.com\/fr\/wp-json\/wp\/v2\/types\/post"}],"author":[{"embeddable":true,"href":"https:\/\/www.europesays.com\/fr\/wp-json\/wp\/v2\/users\/2"}],"replies":[{"embeddable":true,"href":"https:\/\/www.europesays.com\/fr\/wp-json\/wp\/v2\/comments?post=617346"}],"version-history":[{"count":0,"href":"https:\/\/www.europesays.com\/fr\/wp-json\/wp\/v2\/posts\/617346\/revisions"}],"wp:featuredmedia":[{"embeddable":true,"href":"https:\/\/www.europesays.com\/fr\/wp-json\/wp\/v2\/media\/617347"}],"wp:attachment":[{"href":"https:\/\/www.europesays.com\/fr\/wp-json\/wp\/v2\/media?parent=617346"}],"wp:term":[{"taxonomy":"category","embeddable":true,"href":"https:\/\/www.europesays.com\/fr\/wp-json\/wp\/v2\/categories?post=617346"},{"taxonomy":"post_tag","embeddable":true,"href":"https:\/\/www.europesays.com\/fr\/wp-json\/wp\/v2\/tags?post=617346"}],"curies":[{"name":"wp","href":"https:\/\/api.w.org\/{rel}","templated":true}]}}