{"id":617370,"date":"2025-12-23T06:59:14","date_gmt":"2025-12-23T06:59:14","guid":{"rendered":"https:\/\/www.europesays.com\/fr\/617370\/"},"modified":"2025-12-23T06:59:14","modified_gmt":"2025-12-23T06:59:14","slug":"le-photographe-luis-baylon-lastre-noir-de-la-movida","status":"publish","type":"post","link":"https:\/\/www.europesays.com\/fr\/617370\/","title":{"rendered":"Le photographe Luis Bayl\u00f3n, l\u2019astre noir de la Movida"},"content":{"rendered":"\n<p class=\"article__chapeau\">EN PHOTO &#8211; Chaque semaine, focus sur un travail photographique. Aujourd\u2019hui, la galerie de portraits du Madril\u00e8ne, qui, tel un chat des rues, a arpent\u00e9 les moindres recoins de sa ville.<\/p>\n<p class=\"author author--simple\">Par  <a class=\"author author--link\" href=\"https:\/\/www.telerama.fr\/recherche\/articles?q=Laurent+Rigoulet\" target=\"_blank\" rel=\"noopener\"> Laurent Rigoulet <\/a>    <\/p>\n<p class=\"publication__date\">Publi\u00e9 le 22 d\u00e9cembre 2025 \u00e0 17h02<\/p>\n<p>   Partager   <\/p>\n<ul class=\"sharing-popin--results\">\n<li class=\"sharing-popin--item sharing-popin--item-container\"> Partage  <\/li>\n<li data-share=\"linkedin\" class=\"sharing-popin--item\">  LinkedIn <\/li>\n<li data-share=\"facebook\" class=\"sharing-popin--item\">  Facebook <\/li>\n<li data-share=\"mail\" data-social=\"mail\" class=\"sharing-popin--item\">  Envoyer par email <\/li>\n<li data-share=\"copy\" class=\"sharing-popin--item\">  Copier le lien <\/li>\n<\/ul>\n<p>        Favoris       <\/p>\n<p>                <a class=\"openapp__link\" data-event=\"click-open-app\" data-deep-link=\"tlrm:\/\/element?id=\/arts-expositions\/le-photographe-luis-baylon-l-astre-noir-de-la-movida-7028927.php&amp;source=deeplink_site\">  Lire dans l&rsquo;application<br \/>\n  <\/a>                         <\/p>\n<p class=\"paragraph\">Trop peu c\u00e9l\u00e9br\u00e9 de ce c\u00f4t\u00e9-ci des Pyr\u00e9n\u00e9es, Luis Bayl\u00f3n est parti t\u00f4t, en\u00a02023, \u00e0 65\u00a0ans. Les \u00e9ditions Delpire &amp;\u00a0Co lui rendent un hommage \u00e0 hauteur de sa po\u00e9sie en poursuivant avec lui la s\u00e9rie de l\u2019\u00ab\u00a0Encyclop\u00e9die essentielle\u00a0\u00bb imagin\u00e9e par son fondateur, Robert Delpire, pour Les Am\u00e9ricains, en\u00a01959, un album devenu culte chez tous les photographes \u00e0 l\u2019esprit vagabond. Les Allemands, de Ren\u00e9 Burri, leur ont succ\u00e9d\u00e9 en\u00a01963, et Les Italiens, avec des photographies de Bruno Barbey, \u00e9taient sur le point de le faire, mais d\u2019obscures complications ont retard\u00e9 l\u2019ouvrage jusqu\u2019en\u2026 2002.<\/p>\n<p class=\"paragraph\"> \u00c0 la diff\u00e9rence de ses pr\u00e9d\u00e9cesseurs, Luis Bayl\u00f3n n\u2019apporte pas un regard de l\u2019au-del\u00e0 des fronti\u00e8res.<\/p>\n","protected":false},"excerpt":{"rendered":"EN PHOTO &#8211; Chaque semaine, focus sur un travail photographique. Aujourd\u2019hui, la galerie de portraits du Madril\u00e8ne, qui,&hellip;\n","protected":false},"author":2,"featured_media":617371,"comment_status":"","ping_status":"","sticky":false,"template":"","format":"standard","meta":{"footnotes":""},"categories":[1358],"tags":[1348,1384,1385,1386,58,59,1011,27],"class_list":{"0":"post-617370","1":"post","2":"type-post","3":"status-publish","4":"format-standard","5":"has-post-thumbnail","7":"category-arts-et-design","8":"tag-arts","9":"tag-arts-and-design","10":"tag-arts-et-design","11":"tag-design","12":"tag-divertissement","13":"tag-entertainment","14":"tag-fr","15":"tag-france"},"share_on_mastodon":{"url":"https:\/\/pubeurope.com\/@fr\/115767591816299741","error":""},"_links":{"self":[{"href":"https:\/\/www.europesays.com\/fr\/wp-json\/wp\/v2\/posts\/617370","targetHints":{"allow":["GET"]}}],"collection":[{"href":"https:\/\/www.europesays.com\/fr\/wp-json\/wp\/v2\/posts"}],"about":[{"href":"https:\/\/www.europesays.com\/fr\/wp-json\/wp\/v2\/types\/post"}],"author":[{"embeddable":true,"href":"https:\/\/www.europesays.com\/fr\/wp-json\/wp\/v2\/users\/2"}],"replies":[{"embeddable":true,"href":"https:\/\/www.europesays.com\/fr\/wp-json\/wp\/v2\/comments?post=617370"}],"version-history":[{"count":0,"href":"https:\/\/www.europesays.com\/fr\/wp-json\/wp\/v2\/posts\/617370\/revisions"}],"wp:featuredmedia":[{"embeddable":true,"href":"https:\/\/www.europesays.com\/fr\/wp-json\/wp\/v2\/media\/617371"}],"wp:attachment":[{"href":"https:\/\/www.europesays.com\/fr\/wp-json\/wp\/v2\/media?parent=617370"}],"wp:term":[{"taxonomy":"category","embeddable":true,"href":"https:\/\/www.europesays.com\/fr\/wp-json\/wp\/v2\/categories?post=617370"},{"taxonomy":"post_tag","embeddable":true,"href":"https:\/\/www.europesays.com\/fr\/wp-json\/wp\/v2\/tags?post=617370"}],"curies":[{"name":"wp","href":"https:\/\/api.w.org\/{rel}","templated":true}]}}