{"id":617378,"date":"2025-12-23T07:04:12","date_gmt":"2025-12-23T07:04:12","guid":{"rendered":"https:\/\/www.europesays.com\/fr\/617378\/"},"modified":"2025-12-23T07:04:12","modified_gmt":"2025-12-23T07:04:12","slug":"grippe-saisonniere-les-appels-durgence-explosent-en-raison-dune-forte-progression-dans-les-hautes-pyrenees","status":"publish","type":"post","link":"https:\/\/www.europesays.com\/fr\/617378\/","title":{"rendered":"Grippe saisonni\u00e8re\u00a0: Les appels d\u2019urgence explosent en raison \u00ab\u00a0d\u2019une forte progression dans les Hautes-Pyr\u00e9n\u00e9es\u00a0\u00bb"},"content":{"rendered":"<p>\n                                                                    l&rsquo;essentiel<br \/>\n                                                                La grippe saisonni\u00e8re met \u00e0 rude \u00e9preuve le syst\u00e8me de sant\u00e9 des Hautes-Pyr\u00e9n\u00e9es. Les appels d\u2019urgence ont augment\u00e9 de 20\u00a0%, et le pic \u00e9pid\u00e9mique est attendu autour des f\u00eates de fin d\u2019ann\u00e9e. La vaccination et les gestes barri\u00e8res sont fortement recommand\u00e9s.\n                            <\/p>\n<p>\u00ab\u00a0La situation est tendue\u00a0\u00bb sur le d\u00e9partement concernant la grippe saisonni\u00e8re, relaie R\u00e9gine Martinet directrice d\u00e9partementale de l\u2019Agence r\u00e9gionale de sant\u00e9.<\/p>\n<p>Depuis plusieurs jours, \u00ab\u00a0l\u2019\u00e9pid\u00e9mie de grippe progresse et exerce une pression importante sur l\u2019ensemble du syst\u00e8me de sant\u00e9\u00a0\u00bb.<\/p>\n<p>Selon le pr\u00e9fet des Hautes-Pyr\u00e9n\u00e9es et l\u2019Agence r\u00e9gionale de sant\u00e9, \u00ab\u00a0les \u00e9tablissements de sant\u00e9 des Hautes-Pyr\u00e9n\u00e9es font actuellement face \u00e0 une activit\u00e9 tr\u00e8s \u00e9lev\u00e9e, en particulier pour la prise en charge des personnes \u00e2g\u00e9es et des personnes fragiles. Mais toutes les classes d\u2019\u00e2ge sont concern\u00e9es, des enfants aux personnes \u00e2g\u00e9es\u00a0\u00bb.<\/p>\n<p>Les chiffres montrent que \u00ab\u00a0la situation est plus d\u00e9grad\u00e9e dans le d\u00e9partement que dans le reste de la r\u00e9gion\u00a0\u00bb d\u2019apr\u00e8s les autorit\u00e9s.<\/p>\n<p>\u00ab\u00a0Le centre 15 pour les appels d\u2019urgence re\u00e7oit 400 appels par jour, soit 20\u00a0% de plus que la semaine pr\u00e9c\u00e9dente\u00a0\u00bb. \u00ab\u00a0Jusqu\u2019\u00e0 480 appels samedi. Nous enregistrons une hausse exponentielle des appels, d\u2019o\u00f9 un d\u00e9lai d\u2019attente rallong\u00e9\u00a0\u00bb compl\u00e8te la directrice d\u00e9partementale adjointe de l\u2019ARS\u00a0M\u00e9lody Malpel. Par ailleurs, \u00ab\u00a06,5\u00a0% des passages aux urgences concernent la grippe contre 1,9\u00a0% en moyenne en Occitanie, 5,8\u00a0% des hospitalisations font suite \u00e0 un passage aux urgences pour grippe contre 2\u00a0% en Occitanie\u00a0\u00bb.<\/p>\n<p>Selon les autorit\u00e9s sanitaires, \u00ab\u00a0le pic de l\u2019\u00e9pid\u00e9mie est attendu autour de No\u00ebl et du Nouvel An, p\u00e9riode propice \u00e0 la diffusion des virus\u00a0\u00bb.<\/p>\n<p>Vaccination et gestes barri\u00e8res recommand\u00e9s<\/p>\n<p>Certes, les \u00e9tablissements et les professionnels de sant\u00e9 sont \u00ab\u00a0pleinement mobilis\u00e9s mais la situation n\u00e9cessite la responsabilit\u00e9 de chacun\u00a0\u00bb rappellent les pouvoirs publics.<\/p>\n<p>Ainsi, la vaccination contre la grippe reste recommand\u00e9e, y compris en cours de saison, \u00ab\u00a0afin de r\u00e9duire le risque de formes graves et d\u2019hospitalisation\u00a0\u00bb.<\/p>\n<p>Se faire vacciner, c\u2019est toujours possible jusqu\u2019au 21\u00a0janvier 2026\u00a0! \u00c0 noter que les pharmaciens peuvent prescrire et administrer\u00a0les vaccins contre la grippe \u00ab\u00a0\u00e0 toutes les personnes \u00e2g\u00e9es de 11 ans et plus\u00a0\u00bb.<\/p>\n<p>\u00ab\u00a0Pour \u00e9viter l\u2019afflux aux urgences p\u00e9diatriques, la vaccination\u00a0contre la bronchiolite est aussi fortement recommand\u00e9e pour les enfants de moins de six mois et les femmes enceintes, ainsi qu\u2019une vaccination de rattrapage pour les enfants de plus de six mois aupr\u00e8s de leur m\u00e9decin traitant ou de leur p\u00e9diatre\u00a0\u00bb rappelle la directrice d\u00e9partementale adjointe de l\u2019ARS.<\/p>\n<p>Il est fortement recommand\u00e9 aussi d\u2019appliquer les gestes barri\u00e8res, comme porter un masque en cas de sympt\u00f4mes ou au contact de personnes fragiles, se laver r\u00e9guli\u00e8rement les mains et a\u00e9rer les espaces de vie notamment lors des rassemblements familiaux.<\/p>\n<p>\u00ab\u00a0Le port du masque obligatoire a \u00e9t\u00e9 r\u00e9instaur\u00e9 dans les \u00e9tablissements d\u2019h\u00e9bergement pour personnes \u00e2g\u00e9es d\u00e9pendantes (Ehpad) et les \u00e9tablissements de soins\u00a0\u00bb ajoute M\u00e9lody Malpel.<\/p>\n<p>Qui appeler en cas de probl\u00e8me de sant\u00e9\u00a0?<\/p>\n<p>Les patients sont invit\u00e9s aussi \u00e0 \u00ab\u00a0utiliser le syst\u00e8me de sant\u00e9 de fa\u00e7on appropri\u00e9e, pour \u00e9viter de saturer la plate-forme de r\u00e9gulation du 15\u00a0\u00bb.<\/p>\n<p>\u00ab\u00a0Ils doivent contacter leur m\u00e9decin traitant ou effectuer une t\u00e9l\u00e9consultation en premi\u00e8re intention\u00a0\u00bb. Les centres de sant\u00e9 municipaux de Tarbes, Aureilhan et de Juillan, les centres de sant\u00e9 de la R\u00e9gion de Bord\u00e8res-sur-l\u2019\u00c9chez et de Loures-Barousse, ou encore le centre de sant\u00e9 de la communaut\u00e9 Adour Madiran Vic-en-Bigorre, doivent \u00eatre privil\u00e9gi\u00e9s.<\/p>\n<p>Si le\u00a0m\u00e9decin traitant n\u2019est pas disponible et que la personne a\u00a0besoin d\u2019un avis m\u00e9dical rapide sans urgence vitale, elle peut contacter le 116\u00a0117.<\/p>\n<p>\u00ab\u00a0Ce num\u00e9ro n\u2019est pas une centrale de rendez-vous pour les consultations courantes, mais est mis \u00e0 disposition pour donner un avis m\u00e9dical qui ne peut pas attendre. Un professionnel de sant\u00e9 \u00e9value votre situation et vous oriente vers la prise en charge la plus adapt\u00e9e\u00a0\u00bb, \u00e9ventuellement vers la maison m\u00e9dicale de garde \u00e0 S\u00e9m\u00e9ac.<\/p>\n<p>Enfin, en dernier recours, avant de vous rendre aux urgences, vous pouvez\u00a0contacter le 15 seulement en cas d\u2019urgence grave\u00a0\u00bb.<\/p>\n","protected":false},"excerpt":{"rendered":"l&rsquo;essentiel La grippe saisonni\u00e8re met \u00e0 rude \u00e9preuve le syst\u00e8me de sant\u00e9 des Hautes-Pyr\u00e9n\u00e9es. Les appels d\u2019urgence ont&hellip;\n","protected":false},"author":2,"featured_media":617379,"comment_status":"","ping_status":"","sticky":false,"template":"","format":"standard","meta":{"footnotes":""},"categories":[10],"tags":[1011,27,71516,4973,72,71,8755],"class_list":{"0":"post-617378","1":"post","2":"type-post","3":"status-publish","4":"format-standard","5":"has-post-thumbnail","7":"category-sante","8":"tag-fr","9":"tag-france","10":"tag-grippe-saisonniu00e8re","11":"tag-hautes-pyrenees","12":"tag-health","13":"tag-sante","14":"tag-santu00e9"},"share_on_mastodon":{"url":"https:\/\/pubeurope.com\/@fr\/115767611570577635","error":""},"_links":{"self":[{"href":"https:\/\/www.europesays.com\/fr\/wp-json\/wp\/v2\/posts\/617378","targetHints":{"allow":["GET"]}}],"collection":[{"href":"https:\/\/www.europesays.com\/fr\/wp-json\/wp\/v2\/posts"}],"about":[{"href":"https:\/\/www.europesays.com\/fr\/wp-json\/wp\/v2\/types\/post"}],"author":[{"embeddable":true,"href":"https:\/\/www.europesays.com\/fr\/wp-json\/wp\/v2\/users\/2"}],"replies":[{"embeddable":true,"href":"https:\/\/www.europesays.com\/fr\/wp-json\/wp\/v2\/comments?post=617378"}],"version-history":[{"count":0,"href":"https:\/\/www.europesays.com\/fr\/wp-json\/wp\/v2\/posts\/617378\/revisions"}],"wp:featuredmedia":[{"embeddable":true,"href":"https:\/\/www.europesays.com\/fr\/wp-json\/wp\/v2\/media\/617379"}],"wp:attachment":[{"href":"https:\/\/www.europesays.com\/fr\/wp-json\/wp\/v2\/media?parent=617378"}],"wp:term":[{"taxonomy":"category","embeddable":true,"href":"https:\/\/www.europesays.com\/fr\/wp-json\/wp\/v2\/categories?post=617378"},{"taxonomy":"post_tag","embeddable":true,"href":"https:\/\/www.europesays.com\/fr\/wp-json\/wp\/v2\/tags?post=617378"}],"curies":[{"name":"wp","href":"https:\/\/api.w.org\/{rel}","templated":true}]}}