{"id":617382,"date":"2025-12-23T07:07:38","date_gmt":"2025-12-23T07:07:38","guid":{"rendered":"https:\/\/www.europesays.com\/fr\/617382\/"},"modified":"2025-12-23T07:07:38","modified_gmt":"2025-12-23T07:07:38","slug":"le-meilleur-telescope-connecte-du-marche","status":"publish","type":"post","link":"https:\/\/www.europesays.com\/fr\/617382\/","title":{"rendered":"le meilleur t\u00e9lescope connect\u00e9 du march\u00e9 ?"},"content":{"rendered":"<p>Les t\u00e9lescopes connect\u00e9s sont de plus en plus nombreux sur le march\u00e9, mais Vaonis propose quelque chose d\u2019assez unique avec sa gamme Vespera : un r\u00e9sultat bien plus proche de l\u2019astrophotographie classique que ses concurrents. La version Pro promet encore une meilleure qualit\u00e9 d\u2019images et une meilleure autonomie, mais aussi un prix plus \u00e9lev\u00e9. Verdict ?<\/p>\n<p><a target=\"_blank\" href=\"https:\/\/images.frandroid.com\/wp-content\/uploads\/2025\/12\/vaonis-vespera-pro-exterieur-frandroid.jpg\" class=\"article-content__figure\" rel=\"noopener\"><img fetchpriority=\"high\" decoding=\"async\" loading=\"eager\" width=\"1200\" height=\"1009\" src=\"https:\/\/www.europesays.com\/fr\/wp-content\/uploads\/2025\/12\/vaonis-vespera-pro-exterieur-frandroid.jpg\" alt=\"\" class=\"wp-image-2906785 wp-image wp-image\"  \/><\/a>Le Vespera Pro qui pointe vers le Soleil, avec mon chat en premier plan \/\/ Source : Romain RIBOUT pour Frandroid.<\/p>\n<p>L\u2019ann\u00e9e derni\u00e8re, <a href=\"https:\/\/www.frandroid.com\/test\/2026206_test-du-vaonis-vespera-ii-quand-le-telescope-a-un-mode-facile-pilotable-au-smartphone\" target=\"_blank\" rel=\"noreferrer noopener\">j\u2019avais pu tester le Vespera II de Vaonis<\/a>. Un t\u00e9lescope connect\u00e9 pas comme les autres qui m\u2019avait agr\u00e9ablement surpris pour sa compacit\u00e9 et sa tr\u00e8s bonne qualit\u00e9 d\u2019images. Les objets du ciel profond apparaissaient d\u2019une nettet\u00e9 troublante qui m\u2019\u00e9merveillait \u00e0 chaque clich\u00e9, o\u00f9 mon seul regret \u00e9tait une autonomie trop faible pour tenir toute la nuit.<\/p>\n<p>Avec le Vespera Pro, l\u2019entreprise fran\u00e7aise promet un meilleur capteur photo et surtout la possibilit\u00e9 de photographier le ciel du cr\u00e9puscule jusqu\u2019\u00e0 l\u2019aube, sans interruption. Il ne m\u2019en fallait pas plus : j\u2019ai imm\u00e9diatement replong\u00e9 dans la vo\u00fbte c\u00e9leste avec grand plaisir, pour observer les plus belles n\u00e9buleuses et galaxies de notre univers et vous partager les diff\u00e9rences avec le mod\u00e8le pr\u00e9c\u00e9dent de Vaonis, mais aussi avec les concurrents.<\/p>\n<p>Un mod\u00e8le discr\u00e8tement plus premium<\/p>\n<p>Si l\u2019on met le Vespera II et le Vespera Pro l\u2019un \u00e0 c\u00f4t\u00e9 de l\u2019autre, on ne peut discerner presque aucune diff\u00e9rence esth\u00e9tique. C\u2019est la m\u00eame coque blanche avec des dimensions de 40 x 20 x 9 cm pour 5 kg, o\u00f9 seule la mention du nom du produit va changer. Vous reconna\u00eetrez surtout la version Pro une fois allum\u00e9e, gr\u00e2ce \u00e0 la lueur rouge autour du bouton tactile d\u2019allumage, au lieu de bleue. Et, d\u2019un c\u00f4t\u00e9, tant mieux qu\u2019il reprenne le m\u00eame design compact que son pr\u00e9d\u00e9cesseur, car il est tellement pratique. <\/p>\n<p>En revanche, le Vespera Pro montre bel et bien un c\u00f4t\u00e9 plus haut de gamme, ne serait-ce qu\u2019en apercevant la mallette dans laquelle il est livr\u00e9. D\u00e9j\u00e0, c\u2019est un bon moyen de le ranger apr\u00e8s chaque utilisation si vous ne voulez pas qu\u2019il prenne la poussi\u00e8re. De plus, il est livr\u00e9 avec de nombreux accessoires de base, ce qui n\u2019est pas forc\u00e9ment le cas avec le Vespera II. Vous y trouverez un petit tr\u00e9pied, cette fois-ci r\u00e9glable (de pas tr\u00e8s haut, mais r\u00e9glable quand m\u00eame !), une platine de niveau \u00e0 bulle et m\u00eame un syst\u00e8me anti-vol, traduit par un cadenas \u00e0 cl\u00e9s. <\/p>\n<p><a target=\"_blank\" href=\"https:\/\/images.frandroid.com\/wp-content\/uploads\/2025\/12\/malette-vespera-pro-accessoires.jpg\" class=\"article-content__figure\" rel=\"noopener\"><img loading=\"lazy\" decoding=\"async\" width=\"1200\" height=\"900\" src=\"https:\/\/www.europesays.com\/fr\/wp-content\/uploads\/2025\/12\/malette-vespera-pro-accessoires-1200x900.jpg\" alt=\"\" class=\"wp-image-2914567 wp-image\"  \/><\/a>La malette du Vespera Pro avec ses accessoires \/\/ Source : Romain RIBOUT pour Frandroid.<\/p>\n<p>La marque m\u2019a \u00e9galement fait parvenir un sac de transport et trois filtres : solaire, anti-pollution et dual band. Ces derniers sont les m\u00eames que j\u2019ai test\u00e9s avec le Vespera II l\u2019ann\u00e9e derni\u00e8re, ils sont compatibles avec les deux t\u00e9lescopes. Encore une fois, le dual band est un must-have pour faire ressortir tous les d\u00e9tails de la n\u00e9buleuse cibl\u00e9e, mais j\u2019aurais le temps d\u2019y revenir plus tard. <\/p>\n<p>Ce qui change vraiment avec le Vespera Pro, c\u2019est son capteur photo. On passe sur un Sony IMX676 Starvis 2 de 50 m\u00e9gapixels, contre un Sony IMX585 de 24 m\u00e9gapixels, avec une taille des pixels passant de 2,9 \u00e0 2,0 \u03bcm. C\u2019est plut\u00f4t petit et \u00e7a promet une belle nettet\u00e9 de l\u2019image, mais le format change aussi. Alors que le Vespera II prenait des photos en paysage avec une d\u00e9finition de 3 840 x 2 160 pixels en 8,3 m\u00e9gapixels, le Vespera Pro prend des clich\u00e9s parfaitement carr\u00e9s de 3 536 x 3 536 pixels en 12,5 m\u00e9gapixels. <\/p>\n<p>Concr\u00e8tement, les objets c\u00e9lestes sont sublim\u00e9s et mieux cadr\u00e9s, car je me rappelle de <a href=\"https:\/\/www.frandroid.com\/wp-content\/uploads\/2024\/05\/vespera-ii-andromede-scaled.jpg\" data-type=\"link\" data-id=\"https:\/\/www.frandroid.com\/wp-content\/uploads\/2024\/05\/vespera-ii-andromede-scaled.jpg\" target=\"_blank\" rel=\"noreferrer noopener\">cette photo de la Galaxie d\u2019Androm\u00e8de que j\u2019avais prise avec le Vespera II<\/a>, o\u00f9 les bras de la galaxie \u00e9taient rogn\u00e9s. Ici, n\u2019importe quel astre trouve sa place. <\/p>\n<p>Le ciel nocturne comme vous l\u2019avez rarement vu<\/p>\n<p>Je ne vais pas m\u2019attarder ici sur l\u2019utilisation du Vespera Pro, puisque c\u2019est exactement la m\u00eame qu\u2019avec le Vespera II. L\u2019application Singularity, disponible sur iOS et Android, n\u2019a pas ajout\u00e9 de nouvelles fonctionnalit\u00e9s depuis, donc je vous laisse <a href=\"https:\/\/www.frandroid.com\/test\/2026206_test-du-vaonis-vespera-ii-quand-le-telescope-a-un-mode-facile-pilotable-au-smartphone#logiciel\" target=\"_blank\" rel=\"noreferrer noopener\">en apprendre plus juste ici<\/a>. (spoiler : c\u2019est ultra simple \u00e0 utiliser). <\/p>\n<p>Galaxies et n\u00e9buleuses<\/p>\n<p>Il vaut donc mieux se concentrer sur les photos et croyez-moi, le r\u00e9sultat est saisissant. C\u2019est tout simplement le meilleur r\u00e9sultat qu\u2019il m\u2019ait \u00e9t\u00e9 donn\u00e9 de voir sur un t\u00e9lescope connect\u00e9. On ne peut \u00e9videmment pas comparer \u00e7a \u00e0 de la v\u00e9ritable astrophotographie, mais Vaonis fait s\u00fbrement ce qui s\u2019en rapproche le plus dans le domaine. Les clich\u00e9s sont nets, d\u00e9taill\u00e9s, color\u00e9s, et les amateurs savent \u00e0 quel point le chemin est dur pour obtenir une bonne premi\u00e8re photo par la voie traditionnelle. Ici, il suffit d\u2019attendre le temps indiqu\u00e9 par l\u2019application, variant de 10 minutes \u00e0 2 heures, voire plus, et paf, vous avez des galaxies, agr\u00e9ables \u00e0 l\u2019\u0153il et avec de la couleur, s\u2019il vous pla\u00eet. <\/p>\n<p>\t\t\t\t\t\t<a href=\"https:\/\/images.frandroid.com\/wp-content\/uploads\/2025\/12\/galaxie-de-superman.jpg\" itemprop=\"url\" target=\"_blank\" rel=\"noopener\"><\/p>\n<p>\t\t\t\t\t\t\t<img decoding=\"async\" class=\"wp-image\" src=\"https:\/\/www.europesays.com\/fr\/wp-content\/uploads\/2025\/12\/galaxie-de-superman.jpg\"  width=\"468\" height=\"464\" loading=\"lazy\" data-original-width=\"468\" data-original-height=\"464\" itemprop=\"http:\/\/schema.org\/image\" title=\"Galaxie de Superman\" alt=\"NGC7479, Galaxie de Superman\" style=\"width: 468px; height: 464px;\"\/><br \/>\n\t\t\t\t\t\t<\/a><\/p>\n<p>\n\t\t\t\t\t\t\t\tNGC7479, Galaxie de Superman\t\t\t\t\t\t\t<\/p>\n<p>\t\t\t\t\t\t<a href=\"https:\/\/images.frandroid.com\/wp-content\/uploads\/2025\/12\/galaxie-fantome.jpg\" itemprop=\"url\" target=\"_blank\" rel=\"noopener\"><\/p>\n<p>\t\t\t\t\t\t\t<img decoding=\"async\" class=\"wp-image\" src=\"https:\/\/www.europesays.com\/fr\/wp-content\/uploads\/2025\/12\/galaxie-fantome.jpg\"  width=\"452\" height=\"464\" loading=\"lazy\" data-original-width=\"452\" data-original-height=\"464\" itemprop=\"http:\/\/schema.org\/image\" title=\"Galaxie Fant\u00f4me\" alt=\"M74, Galaxie Fant\u00f4me\" style=\"width: 452px; height: 464px;\"\/><br \/>\n\t\t\t\t\t\t<\/a><\/p>\n<p>\n\t\t\t\t\t\t\t\tM74, Galaxie Fant\u00f4me\t\t\t\t\t\t\t<\/p>\n<p>Evidemment, je commence tranquillement avec des galaxies assez \u00e9loign\u00e9es de nous, donc qui apparaissent assez petites sur l\u2019image, mais le r\u00e9sultat est de ce fait encore plus impressionnant, surtout pour le si petit objet qu\u2019est le Vespera Pro. <\/p>\n<p>J\u2019ai ensuite voulu reprendre en photo les astres que j\u2019avais d\u00e9j\u00e0 immortalis\u00e9s avec le Vespera II l\u2019ann\u00e9e derni\u00e8re, notamment NGC 6960, la N\u00e9buleuse du Voile. Pourquoi ? Car, c\u2019\u00e9tait la plus belle photo que j\u2019aie sortie du test en 2024 et je voulais tout simplement voir si le Vespera Pro pouvait faire mieux. La r\u00e9ponse est oui ! Jugez par vous-m\u00eames :<\/p>\n<p>\n            N\u00e9buleuse du Voile prise par le Vespera II\n        <\/p>\n<p>\n            N\u00e9buleuse du Voile prise avec le Vespera Pro\n        <\/p>\n<p>Les d\u00e9tails sont encore plus saisissants et les couleurs bien plus vibrantes, ce qui me fait litt\u00e9ralement red\u00e9couvrir cette n\u00e9buleuse sous un nouveau jour. Et, ce n\u2019est \u00e9videmment pas le seul exemple. Retournons du c\u00f4t\u00e9 des galaxies, avec celle du Tourbillon. Celle-ci est particuli\u00e8rement int\u00e9ressante \u00e0 observer, puisque on y voit la fusion de deux galaxies. L\u00e0 aussi, je l\u2019avais captur\u00e9e avec le Vespera II l\u2019an pass\u00e9, et le constat est le m\u00eame : plus de d\u00e9tails, voire m\u00eame plus de profondeur, avec un aspect moins liss\u00e9. <\/p>\n<p>\n            Galaxie du Tourbillon avec le Vespera II\n        <\/p>\n<p>\n            Galaxie du Tourbillon avec le Vespera Pro\n        <\/p>\n<p>En comparaison, Unistellar, avec ses eVscope et Odyssey, fait moins bien en termes de qualit\u00e9 d\u2019image, mais ce sont deux philosophies diff\u00e9rentes. La marque marseillaise veut rendre l\u2019observation facile et rapide tandis que l\u2019entreprise montpelli\u00e9raine, Vaonis, veut se rapprocher le plus possible de ce qui se fait de mieux en astrophoto amateur. Et pour cela, il faut attendre, parfois assez longtemps, plus de deux heures pour un seul clich\u00e9, l\u00e0 o\u00f9 avec Unistellar, on aurait eu le temps d\u2019observer plus d\u2019une dizaine d\u2019objets c\u00e9lestes dans le m\u00eame laps de temps. <\/p>\n<p><a target=\"_blank\" href=\"https:\/\/images.frandroid.com\/wp-content\/uploads\/2025\/12\/f2c71934-ec74-4932-917c-3831e34544bf.jpg\" class=\"article-content__figure\" rel=\"noopener\"><img loading=\"lazy\" decoding=\"async\" width=\"1200\" height=\"900\" src=\"https:\/\/www.europesays.com\/fr\/wp-content\/uploads\/2025\/12\/f2c71934-ec74-4932-917c-3831e34544bf-1200x900.jpg\" alt=\"\" class=\"wp-image-2915059 wp-image\"  \/><\/a>La Galaxie du Tourbillon prise avec l\u2019Unistellar Odyssey Pro.<\/p>\n<p>Avec ou sans filtre\u00a0?<\/p>\n<p>Comme dit un peu plus haut, il y a trois filtres. Celui pour l\u2019antipollution est assez anecdotique, mais le dual band (vendu s\u00e9par\u00e9ment pour la modique somme de 399 euros) est encore un indispensable si vous voulez que vos photos de n\u00e9buleuses fassent ressortir leur plein potentiel. Voici deux exemples, dont le dernier qui est assez flagrant : <\/p>\n<p>\n            N\u00e9buleuse d\u2019Orion sans filtre\n        <\/p>\n<p>\n            N\u00e9buleuse d\u2019Orion avec filtre\n        <\/p>\n<p>\n            N\u00e9buleuse de l\u2019Am\u00e9rique du Nord sans filtre\n        <\/p>\n<p>\n            N\u00e9buleuse de l\u2019Am\u00e9rique du Nord avec filtre\n        <\/p>\n<p>Pour Orion, il n\u2019est pas surprenant que l\u2019on aper\u00e7oive juste un petit regain de couleurs, puisque c\u2019est la n\u00e9buleuse la plus lumineuse de l\u2019h\u00e9misph\u00e8re Nord. On peut m\u00eame l\u2019observer avec de simples jumelles. Cependant, pour la N\u00e9buleuse de l\u2019Am\u00e9rique du Nord, ce n\u2019est clairement pas la m\u00eame chose. Le r\u00e9sultat est totalement diff\u00e9rent d\u2019une photo \u00e0 l\u2019autre, o\u00f9 l\u2019amas de gaz est bien plus visible gr\u00e2ce au filtre, avec un effet bien plus textur\u00e9. <\/p>\n<p>Bref, c\u2019est le jour et la nuit, mais notez que le filtre dual band n\u2019est utile que pour les n\u00e9buleuses. Autres amas d\u2019\u00e9toiles et galaxies n\u2019en ont pas besoin pour se montrer sous leur meilleur jour avec le Vespera Pro. Et, juste pour le plaisir, voici d\u2019autres photos prises avec le filtre magique. <\/p>\n<p>\t\t\t\t\t\t<a href=\"https:\/\/images.frandroid.com\/wp-content\/uploads\/2025\/12\/nebuleuse-de-la-rosette-avec-vespera-pro.jpg\" itemprop=\"url\" target=\"_blank\" rel=\"noopener\"><\/p>\n<p>\t\t\t\t\t\t\t<img decoding=\"async\" class=\"wp-image\" src=\"https:\/\/www.europesays.com\/fr\/wp-content\/uploads\/2025\/12\/nebuleuse-de-la-rosette-avec-vespera-pro.jpg\"  width=\"610\" height=\"624\" loading=\"lazy\" data-original-width=\"610\" data-original-height=\"624\" itemprop=\"http:\/\/schema.org\/image\" title=\"N\u00e9buleuse de la Rosette avec Vespera Pro\" alt=\"NGC2237 - N\u00e9buleuse de la Rosette\" style=\"width: 610px; height: 624px;\"\/><br \/>\n\t\t\t\t\t\t<\/a><\/p>\n<p>\n\t\t\t\t\t\t\t\tNGC2237 \u2013 N\u00e9buleuse de la Rosette\t\t\t\t\t\t\t<\/p>\n<p>\t\t\t\t\t\t<a href=\"https:\/\/images.frandroid.com\/wp-content\/uploads\/2025\/12\/ngc-6992-nebuleuse-du-voile-avec-vespera-pro.jpg\" itemprop=\"url\" target=\"_blank\" rel=\"noopener\"><\/p>\n<p>\t\t\t\t\t\t\t<img decoding=\"async\" class=\"wp-image\" src=\"https:\/\/www.europesays.com\/fr\/wp-content\/uploads\/2025\/12\/ngc-6992-nebuleuse-du-voile-avec-vespera-pro.jpg\"  width=\"310\" height=\"310\" loading=\"lazy\" data-original-width=\"310\" data-original-height=\"310\" itemprop=\"http:\/\/schema.org\/image\" title=\"NGC 6992 N\u00e9buleuse du Voile avec Vespera Pro\" alt=\"NGC6992 : N\u00e9buleuse du Voile\" style=\"width: 310px; height: 310px;\"\/><br \/>\n\t\t\t\t\t\t<\/a><\/p>\n<p>\n\t\t\t\t\t\t\t\tNGC6992 : N\u00e9buleuse du Voile\t\t\t\t\t\t\t<\/p>\n<p>\t\t\t\t\t\t<a href=\"https:\/\/images.frandroid.com\/wp-content\/uploads\/2025\/12\/nebuleuse-californie-avec-vespera-pro.jpg\" itemprop=\"url\" target=\"_blank\" rel=\"noopener\"><\/p>\n<p>\t\t\t\t\t\t\t<img decoding=\"async\" class=\"wp-image\" src=\"https:\/\/www.europesays.com\/fr\/wp-content\/uploads\/2025\/12\/nebuleuse-californie-avec-vespera-pro.jpg\"  width=\"310\" height=\"310\" loading=\"lazy\" data-original-width=\"310\" data-original-height=\"310\" itemprop=\"http:\/\/schema.org\/image\" title=\"N\u00e9buleuse Californie avec Vespera Pro\" alt=\"NGC1499 - N\u00e9buleuse Californie\" style=\"width: 310px; height: 310px;\"\/><br \/>\n\t\t\t\t\t\t<\/a><\/p>\n<p>\n\t\t\t\t\t\t\t\tNGC1499 \u2013 N\u00e9buleuse Californie\t\t\t\t\t\t\t<\/p>\n<p>Le dernier filtre est celui d\u00e9di\u00e9 \u00e0 l\u2019utilisation en plein jour, pour observer le soleil. C\u2019est s\u00fbrement celui avec le moins cet effet \u00ab\u00a0Waouh\u00a0\u00bb pour le grand public, mais pourtant tellement int\u00e9ressant si vous voulez observer les taches solaires lors des \u00e9jections de masses coronales (c\u2019est ce qui a produit les aurores bor\u00e9ales en France il n\u2019y a pas si longtemps que \u00e7a). Cependant, vous pouvez tout de m\u00eame faire de belles photos quand quelques nuages passent devant. <\/p>\n<p>\t\t\t\t\t\t<a href=\"https:\/\/images.frandroid.com\/wp-content\/uploads\/2025\/12\/soleil-avec-nuage-avec-vespera-pro.jpg\" itemprop=\"url\" target=\"_blank\" rel=\"noopener\"><\/p>\n<p>\t\t\t\t\t\t\t<img decoding=\"async\" class=\"wp-image\" src=\"https:\/\/www.europesays.com\/fr\/wp-content\/uploads\/2025\/12\/soleil-avec-nuage-avec-vespera-pro.jpg\"  width=\"460\" height=\"460\" loading=\"lazy\" data-original-width=\"460\" data-original-height=\"460\" itemprop=\"http:\/\/schema.org\/image\" title=\"Soleil (avec nuage) avec Vespera Pro\" alt=\"Le Soleil, avec des nuages qui passent devant\" style=\"width: 460px; height: 460px;\"\/><br \/>\n\t\t\t\t\t\t<\/a><\/p>\n<p>\n\t\t\t\t\t\t\t\tLe Soleil, avec des nuages qui passent devant\t\t\t\t\t\t\t<\/p>\n<p>\t\t\t\t\t\t<a href=\"https:\/\/images.frandroid.com\/wp-content\/uploads\/2025\/12\/soleil-avec-vespera-pro.jpg\" itemprop=\"url\" target=\"_blank\" rel=\"noopener\"><\/p>\n<p>\t\t\t\t\t\t\t<img decoding=\"async\" class=\"wp-image\" src=\"https:\/\/www.europesays.com\/fr\/wp-content\/uploads\/2025\/12\/soleil-avec-vespera-pro.jpg\"  width=\"460\" height=\"460\" loading=\"lazy\" data-original-width=\"460\" data-original-height=\"460\" itemprop=\"http:\/\/schema.org\/image\" title=\"Soleil avec Vespera Pro\" alt=\"Le Soleil, tout simplement\" style=\"width: 460px; height: 460px;\"\/><br \/>\n\t\t\t\t\t\t<\/a><\/p>\n<p>\n\t\t\t\t\t\t\t\tLe Soleil, tout simplement\t\t\t\t\t\t\t<\/p>\n<p>Quid des plan\u00e8tes et de la Lune\u00a0?<\/p>\n<p>Tout comme le Vespera II, cette version Pro du t\u00e9lescope connect\u00e9 de Vaonis ne brille pas pour ses photos des plan\u00e8tes. On peut les cibler dans l\u2019application, mais ce n\u2019est qu\u2019une bouillie de pixels, o\u00f9 l\u2019on distingue \u00e0 peine les anneaux de Saturne, comme sur la photo ci-dessous. Si vous voulez faire de l\u2019observation plan\u00e9taire, Unistellar fait bien mieux dans ce domaine. <\/p>\n<p><a target=\"_blank\" href=\"https:\/\/www.europesays.com\/fr\/wp-content\/uploads\/2025\/12\/saturne-avec-le-vespera-pro.jpg\" class=\"article-content__figure\"><img loading=\"lazy\" decoding=\"async\" width=\"884\" height=\"884\" src=\"https:\/\/www.europesays.com\/fr\/wp-content\/uploads\/2025\/12\/saturne-avec-le-vespera-pro.jpg\" alt=\"\" class=\"wp-image-2915469 wp-image\"  \/><\/a>La plan\u00e8te Saturne avec le Vespera Pro<\/p>\n<p>Pour la Lune, il semble cependant y avoir de l\u2019am\u00e9lioration gr\u00e2ce au nouveau capteur photo de ce Vespera Pro. Je n\u2019ai pas eu l\u2019occasion de prendre un clich\u00e9 plein de notre satellite naturel, mais sur ce croissant on peut facilement apercevoir les diff\u00e9rentes asp\u00e9rit\u00e9s sur les bords alors que le r\u00e9sultat \u00e9tait beau, mais bien trop liss\u00e9 sur le pr\u00e9c\u00e9dent mod\u00e8le. <\/p>\n<p><a target=\"_blank\" href=\"https:\/\/images.frandroid.com\/wp-content\/uploads\/2025\/12\/la-lune-avec-le-vespera-pro.jpg\" class=\"article-content__figure\" rel=\"noopener\"><img loading=\"lazy\" decoding=\"async\" width=\"1200\" height=\"1200\" src=\"https:\/\/www.europesays.com\/fr\/wp-content\/uploads\/2025\/12\/la-lune-avec-le-vespera-pro-1200x1200.jpg\" alt=\"\" class=\"wp-image-2915483 wp-image\"  \/><\/a>La Lune avec le Vespera Pro<\/p>\n<p>Il m\u2019entra\u00eene, au bout de la nuit\u2026<\/p>\n<p>L\u2019autonomie \u00e9tait un des points n\u00e9gatifs du Vespera II. Si vous l\u2019ameniez loin d\u2019une prise de courant et sans batterie externe, il ne pouvait tenir qu\u2019un peu plus de 3 heures, et dans le langage de Vaonis, \u00e7a veut dire 2 \u00e0 6 photos pas plus, selon le temps recommand\u00e9 pour chaque astre. C\u2019est peu, et on peut facilement rester sur sa faim, ou pas avoir le temps de finir une photo, surtout quand le temps s\u2019allonge \u00e0 cause de mauvaises conditions de seeing. <\/p>\n<p>Heureusement, ce probl\u00e8me est corrig\u00e9 avec le Vespera Pro puisqu\u2019il propose une batterie de 11 heures, selon la marque. Dans les faits, je l\u2019avais lanc\u00e9 \u00e0 22h apr\u00e8s avoir planifi\u00e9 ma nuit dans l\u2019application, il s\u2019est \u00e9teint le lendemain matin vers 7h, donc environ 9h, ce qui est d\u00e9j\u00e0 extr\u00eamement bien, surtout que le gabarit et le poids de l\u2019appareil n\u2019ont pas chang\u00e9. De plus, l\u2019autonomie r\u00e9elle peut \u00e9videmment varier d\u2019une nuit \u00e0 l\u2019autre en fonction de la temp\u00e9rature.<\/p>\n<p>Par contre, le chargeur n\u2019est pas inclus dans la mallette. C\u2019est s\u00fbrement le seul accessoire manquant. Il vous faudra donc vous en procurer un, avec un c\u00e2ble USB-C. Avec un chargeur classique de 30 W, le t\u00e9lescope avait r\u00e9cup\u00e9r\u00e9 environ 30 % en une vingtaine de minutes. <\/p>\n<p>Prix et disponibilit\u00e9<\/p>\n<p>Le Vespera Pro est vendu, avec sa mallette et tous ses accessoires, <a target=\"_blank\" href=\"https:\/\/www.amazon.fr\/Vespera-Observation-Telescope-Station-VEP50\/dp\/B0D2MZ2G9V\" rel=\"noopener\">\u00e0 2 790 euros<\/a>, donc \u00e0 peu pr\u00e8s 1 000 euros de plus que le Vespera II. Il faudra cependant rajouter quelques centaines d\u2019euros pour les filtres dont vous avez besoin. <\/p>\n","protected":false},"excerpt":{"rendered":"Les t\u00e9lescopes connect\u00e9s sont de plus en plus nombreux sur le march\u00e9, mais Vaonis propose quelque chose d\u2019assez&hellip;\n","protected":false},"author":2,"featured_media":617383,"comment_status":"","ping_status":"","sticky":false,"template":"","format":"standard","meta":{"footnotes":""},"categories":[7],"tags":[1011,27,43,40,41,39,42,44,72783],"class_list":{"0":"post-617382","1":"post","2":"type-post","3":"status-publish","4":"format-standard","5":"has-post-thumbnail","7":"category-sciences-et-technologies","8":"tag-fr","9":"tag-france","10":"tag-science","11":"tag-science-and-technology","12":"tag-sciences","13":"tag-sciences-et-technologies","14":"tag-technologies","15":"tag-technology","16":"tag-vaonis-vespera-pro"},"share_on_mastodon":{"url":"https:\/\/pubeurope.com\/@fr\/115767624628904678","error":""},"_links":{"self":[{"href":"https:\/\/www.europesays.com\/fr\/wp-json\/wp\/v2\/posts\/617382","targetHints":{"allow":["GET"]}}],"collection":[{"href":"https:\/\/www.europesays.com\/fr\/wp-json\/wp\/v2\/posts"}],"about":[{"href":"https:\/\/www.europesays.com\/fr\/wp-json\/wp\/v2\/types\/post"}],"author":[{"embeddable":true,"href":"https:\/\/www.europesays.com\/fr\/wp-json\/wp\/v2\/users\/2"}],"replies":[{"embeddable":true,"href":"https:\/\/www.europesays.com\/fr\/wp-json\/wp\/v2\/comments?post=617382"}],"version-history":[{"count":0,"href":"https:\/\/www.europesays.com\/fr\/wp-json\/wp\/v2\/posts\/617382\/revisions"}],"wp:featuredmedia":[{"embeddable":true,"href":"https:\/\/www.europesays.com\/fr\/wp-json\/wp\/v2\/media\/617383"}],"wp:attachment":[{"href":"https:\/\/www.europesays.com\/fr\/wp-json\/wp\/v2\/media?parent=617382"}],"wp:term":[{"taxonomy":"category","embeddable":true,"href":"https:\/\/www.europesays.com\/fr\/wp-json\/wp\/v2\/categories?post=617382"},{"taxonomy":"post_tag","embeddable":true,"href":"https:\/\/www.europesays.com\/fr\/wp-json\/wp\/v2\/tags?post=617382"}],"curies":[{"name":"wp","href":"https:\/\/api.w.org\/{rel}","templated":true}]}}