{"id":617386,"date":"2025-12-23T07:11:18","date_gmt":"2025-12-23T07:11:18","guid":{"rendered":"https:\/\/www.europesays.com\/fr\/617386\/"},"modified":"2025-12-23T07:11:18","modified_gmt":"2025-12-23T07:11:18","slug":"donald-trump-assure-craindre-que-la-publication-du-dossier-nentache-la-reputation-dinnocents","status":"publish","type":"post","link":"https:\/\/www.europesays.com\/fr\/617386\/","title":{"rendered":"Donald Trump assure craindre que la publication du dossier n\u2019entache la r\u00e9putation d\u2019innocents"},"content":{"rendered":"<p>                      <img loading=\"lazy\" decoding=\"async\" src=\"https:\/\/www.europesays.com\/fr\/wp-content\/uploads\/2025\/12\/61d56d2_ftp-1-3rm6oaeqwfle-2025-12-12t172141z-1919061946-rc23fia36kwk-rtrmadp-3-usa-trump-epstein-fi.jpeg\" alt=\"Donald Trump avec Jeffrey Epstein sur une photo publi\u00e9e par les d\u00e9mocrates de la commission de surveillance de la Chambre des repr\u00e9sentants \u00e0 Washington, le 12\u00a0d\u00e9cembre\u00a02025.\"   width=\"664\" height=\"443\"\/>    Donald Trump avec Jeffrey Epstein sur une photo publi\u00e9e par les d\u00e9mocrates de la commission de surveillance de la Chambre des repr\u00e9sentants \u00e0 Washington, le 12\u00a0d\u00e9cembre\u00a02025.  HOUSE OVERSIGHT COMMITTEE DEMOCRATS\/VIA REUTERS                          <\/p>\n<p class=\"article__paragraph  \">Sa premi\u00e8re r\u00e9action \u00e9tait attendue. Alors que victimes et \u00e9lus s\u2019insurgent contre un manque de transparence apr\u00e8s la r\u00e9cente publication incompl\u00e8te d\u2019\u00e9l\u00e9ments du dossier Epstein par le gouvernement am\u00e9ricain, Donald Trump s\u2019est inqui\u00e9t\u00e9 des cons\u00e9quences de la r\u00e9v\u00e9lation totale des \u00e9l\u00e9ments de l\u2019enqu\u00eate de ce dossier explosif.<\/p>\n<p class=\"article__paragraph  \">\u00ab\u00a0Tout le monde \u00e9tait sympa avec ce type\u00a0\u00bb, a lanc\u00e9 le pr\u00e9sident r\u00e9publicain \u00e0 propos du richissime financier accus\u00e9 d\u2019avoir exploit\u00e9 sexuellement plus de mille jeunes femmes, dont des mineures, et mort en\u00a02019 en prison, avant son proc\u00e8s. Figure de la jet-set new-yorkaise, Jeffrey Epstein est connu pour avoir fr\u00e9quent\u00e9 de nombreuses personnalit\u00e9s internationales et am\u00e9ricaines de premier plan, dont l\u2019actuel pr\u00e9sident r\u00e9publicain et son lointain pr\u00e9d\u00e9cesseur d\u00e9mocrate Bill Clinton.<\/p>\n<p class=\"article__paragraph  \">\u00ab\u00a0Bill Clinton \u00e9tait ami avec lui, mais tout le monde l\u2019\u00e9tait\u00a0\u00bb, a-t-il poursuivi, s\u2019inqui\u00e9tant que certaines personnes \u00ab\u00a0ayant innocemment rencontr\u00e9\u00a0\u00bb M.\u00a0Epstein, notamment \u00ab\u00a0parce qu\u2019il \u00e9tait \u00e0 une f\u00eate\u00a0\u00bb, puissent \u00eatre injustement embarrass\u00e9es par la publication de ces documents. \u00ab\u00a0Vous ruinez la r\u00e9putation de quelqu\u2019un\u00a0\u00bb, a ainsi lanc\u00e9 le milliardaire r\u00e9publicain de sa r\u00e9sidence de Mar-a-Lago, en Floride.<\/p>\n<p>                                       Lire aussi |  <a href=\"https:\/\/www.lemonde.fr\/international\/article\/2025\/12\/20\/affaire-epstein-la-publication-partielle-de-documents-par-l-administration-trump-suscite-frustration-et-critiques_6658758_3210.html\" class=\"js-article-read-also catcher--favoris__link\" data-premium=\"\" id=\"article-title-3452025\" target=\"_blank\" rel=\"noopener\">Affaire Epstein\u00a0: la\u00a0publication partielle de\u00a0documents par l\u2019administration Trump suscite frustration et\u00a0critiques<\/a>    <\/p>\n<p>   Lire plus tard  <\/p>\n<p>                          Le minist\u00e8re de la justice demande du temps                    <\/p>\n<p class=\"article__paragraph  \">Alors qu\u2019il s\u2019\u00e9tait dit favorable \u00e0 la publication des documents lors de sa campagne en\u00a02024, Donald Trump avait ensuite fait volte-face, \u00e9voquant un \u00ab\u00a0canular\u00a0\u00bb instrumentalis\u00e9 par les d\u00e9mocrates. Il a finalement c\u00e9d\u00e9 \u00e0 la pression du Congr\u00e8s et de sa base \u00e9lectorale, obs\u00e9d\u00e9e par l\u2019affaire, et promulgu\u00e9 une loi imposant \u00e0 son minist\u00e8re de la justice cet effort de transparence.<\/p>\n<p class=\"article__paragraph  \">Mais seule une partie des documents \u00e9taient disponibles sur le site du minist\u00e8re de la justice, vendredi soir, et de nombreux fichiers ont \u00e9t\u00e9 caviard\u00e9s, comme les 119\u00a0pages de retranscription de d\u00e9lib\u00e9rations du jury, dont la publication \u00e9tait pourtant \u00ab\u00a0autoris\u00e9e par un juge f\u00e9d\u00e9ral\u00a0\u00bb, ont d\u00e9plor\u00e9 les victimes. Le minist\u00e8re a r\u00e9pondu avoir besoin de plus de temps pour publier avec pr\u00e9caution le reste des fichiers, dans le but de prot\u00e9ger au mieux les victimes dont l\u2019identit\u00e9 pourrait \u00eatre d\u00e9voil\u00e9e.<\/p>\n<p>                                       Lire aussi |  Article r\u00e9serv\u00e9 \u00e0 nos abonn\u00e9s  <a href=\"https:\/\/www.lemonde.fr\/international\/article\/2025\/11\/13\/affaire-jeffrey-epstein-des-revelations-relancent-les-interrogations-sur-la-proximite-passee-entre-donald-trump-et-le-predateur-sexuel_6653209_3210.html\" class=\"js-article-read-also catcher--favoris__link\" data-premium=\"1\" id=\"article-title-3446275\" target=\"_blank\" rel=\"noopener\">Affaire Jeffrey Epstein\u00a0: des r\u00e9v\u00e9lations relancent les interrogations sur la proximit\u00e9 pass\u00e9e entre Donald Trump et le pr\u00e9dateur sexuel<\/a>    <\/p>\n<p>   Lire plus tard  <\/p>\n<p class=\"article__paragraph  \">L\u2019opposition d\u00e9mocrate voit cependant ce retard comme une man\u0153uvre politique destin\u00e9e \u00e0 \u00e9viter la publication d\u2019informations suppos\u00e9ment compromettantes pour le pr\u00e9sident Donald Trump, qui appara\u00eet sur des images aux c\u00f4t\u00e9s de Jeffrey Esptein.<\/p>\n<p>                    Bill Clinton dit n\u2019avoir rien \u00e0 cacher                    <\/p>\n<p class=\"article__paragraph  \">\u00ab\u00a0C\u2019est clairement une op\u00e9ration de dissimulation\u00a0\u00bb, a d\u00e9nonc\u00e9, lundi, le chef des d\u00e9mocrates au S\u00e9nat, Chuck Schumer, en soumettant une proposition de loi pour accentuer la pression sur le minist\u00e8re qui, estime le s\u00e9nateur, a \u00ab\u00a0enfreint la loi\u00a0\u00bb en n\u2019ayant pas tout publi\u00e9 vendredi.<\/p>\n<p>                               <img loading=\"lazy\" decoding=\"async\" src=\"https:\/\/www.europesays.com\/fr\/wp-content\/uploads\/2025\/12\/a85f016_ftp-1-xlllroyuexz0-5720625-01-06.jpg\" alt=\"Cette photo fournie par le minist\u00e8re de la justice am\u00e9ricain, le 19\u00a0d\u00e9cembre 2025, montre une image non dat\u00e9e de l\u2019ancien pr\u00e9sident Bill Clinton dans un jacuzzi dans un lieu tenu secret.\"   width=\"664\" height=\"443\"\/>    Cette photo fournie par le minist\u00e8re de la justice am\u00e9ricain, le 19\u00a0d\u00e9cembre 2025, montre une image non dat\u00e9e de l\u2019ancien pr\u00e9sident Bill Clinton dans un jacuzzi dans un lieu tenu secret.  D\u00c9PARTEMENT DE LA JUSTICE DES ETATS-UNIS\/VIA AFP                          <\/p>\n<p class=\"article__paragraph  \">Parmi les quelque 4\u00a0000\u00a0fichiers d\u00e9voil\u00e9s jusque-l\u00e0, plusieurs clich\u00e9s montrent Jeffrey Epstein en compagnie de superstars telles que Michael Jackson et Mick Jagger, ou encore Bill Clinton, lequel appara\u00eet notamment dans un jacuzzi aux c\u00f4t\u00e9s d\u2019une silhouette masqu\u00e9e.<\/p>\n<p> Le Monde M\u00e9morable  <\/p>\n<p> <a href=\"https:\/\/www.lemonde.fr\/memorable\/?rfextension=inread\" class=\"inread__link js-services-inread-link\" target=\"_blank\" rel=\"noopener\">  <\/p>\n<p>Testez votre culture g\u00e9n\u00e9rale avec la r\u00e9daction du \u00ab Monde \u00bb<\/p>\n<p>Testez votre culture g\u00e9n\u00e9rale avec la r\u00e9daction du \u00ab Monde \u00bb<\/p>\n<p>D\u00e9couvrir<\/p>\n<p> <\/a>      <\/p>\n<p> Newsletter  <\/p>\n<p> <a href=\"https:\/\/www.lemonde.fr\/newsletters\/a-la-une\/\" class=\"inread__link js-services-inread-link\" target=\"_blank\" rel=\"noopener\">  <\/p>\n<p>\u00ab A la une \u00bb<\/p>\n<p>Chaque matin, parcourez l&rsquo;essentiel de l&rsquo;actualit\u00e9 du jour avec les derniers titres du \u00ab Monde \u00bb<\/p>\n<p>S&rsquo;inscrire<\/p>\n<p> <\/a>          <\/p>\n<p> Le Monde Application  <\/p>\n<p> <a href=\"https:\/\/lamatinale.onelink.me\/gKMy\/ahw2ubr3\" class=\"inread__link js-services-inread-link\" target=\"_blank\" rel=\"noopener\">  <\/p>\n<p>La Matinale du Monde<\/p>\n<p>Chaque matin, retrouvez notre s\u00e9lection de 20 articles \u00e0 ne pas manquer <\/p>\n<p>T\u00e9l\u00e9charger l&rsquo;application<\/p>\n<p> <\/a>      <\/p>\n<p> Newsletter abonn\u00e9s  <\/p>\n<p> <a href=\"https:\/\/www.lemonde.fr\/newsletters\/international\/\" class=\"inread__link js-services-inread-link\" target=\"_blank\" rel=\"noopener\">  <\/p>\n<p>\u00ab International \u00bb<\/p>\n<p>L\u2019essentiel de l\u2019actualit\u00e9 internationale de la semaine<\/p>\n<p>S&rsquo;inscrire<\/p>\n<p> <\/a>             <\/p>\n<p class=\"article__paragraph  \">L\u2019\u00e9quipe de l\u2019ancien pr\u00e9sident am\u00e9ricain a exhort\u00e9, lundi, le minist\u00e8re de la justice \u00e0 divulguer tous les documents contenus dans les dossiers le concernant, affirmant, dans un communiqu\u00e9, qu\u2019il n\u2019avait rien \u00e0 cacher. \u00ab\u00a0Quelqu\u2019un ou quelque chose est prot\u00e9g\u00e9. Nous ne savons pas qui, quoi et pourquoi. Mais nous savons une chose\u00a0: nous n\u2019avons pas besoin d\u2019une telle protection\u00a0\u00bb, a affirm\u00e9 un porte-parole de l\u2019ex-dirigeant d\u00e9mocrate.<\/p>\n<p>                                       Lire aussi |  Article r\u00e9serv\u00e9 \u00e0 nos abonn\u00e9s  <a href=\"https:\/\/www.lemonde.fr\/m-le-mag\/article\/2025\/11\/20\/jeffrey-epstein-dans-le-monde-de-l-ami-douteux-du-prince-andrew-a-l-epine-dans-le-pied-de-donald-trump_6654178_4500055.html\" class=\"js-article-read-also catcher--favoris__link\" data-premium=\"1\" id=\"article-title-3446774\" target=\"_blank\" rel=\"noopener\">Jeffrey Epstein dans \u00ab\u00a0Le\u00a0Monde\u00a0\u00bb, de l\u2019ami douteux du prince Andrew \u00e0 l\u2019\u00e9pine dans le pied de Donald Trump<\/a>    <\/p>\n<p>   Lire plus tard  <\/p>\n<p class=\"author__detail\">  Le Monde avec AFP  <\/p>\n<p>                <a href=\"https:\/\/www.lemonde.fr\/syndication\/\" class=\"reuse__content\" title=\"R\u00e9utiliser ce contenu\" target=\"_blank\" rel=\"noopener\">R\u00e9utiliser ce contenu<\/a>      <\/p>\n","protected":false},"excerpt":{"rendered":"Donald Trump avec Jeffrey Epstein sur une photo publi\u00e9e par les d\u00e9mocrates de la commission de surveillance de&hellip;\n","protected":false},"author":2,"featured_media":617387,"comment_status":"","ping_status":"","sticky":false,"template":"","format":"standard","meta":{"footnotes":""},"categories":[5],"tags":[11,1011,27,14,12,28],"class_list":{"0":"post-617386","1":"post","2":"type-post","3":"status-publish","4":"format-standard","5":"has-post-thumbnail","7":"category-international","8":"tag-actualites","9":"tag-fr","10":"tag-france","11":"tag-international","12":"tag-news","13":"tag-world"},"share_on_mastodon":{"url":"https:\/\/pubeurope.com\/@fr\/115767643144040711","error":""},"_links":{"self":[{"href":"https:\/\/www.europesays.com\/fr\/wp-json\/wp\/v2\/posts\/617386","targetHints":{"allow":["GET"]}}],"collection":[{"href":"https:\/\/www.europesays.com\/fr\/wp-json\/wp\/v2\/posts"}],"about":[{"href":"https:\/\/www.europesays.com\/fr\/wp-json\/wp\/v2\/types\/post"}],"author":[{"embeddable":true,"href":"https:\/\/www.europesays.com\/fr\/wp-json\/wp\/v2\/users\/2"}],"replies":[{"embeddable":true,"href":"https:\/\/www.europesays.com\/fr\/wp-json\/wp\/v2\/comments?post=617386"}],"version-history":[{"count":0,"href":"https:\/\/www.europesays.com\/fr\/wp-json\/wp\/v2\/posts\/617386\/revisions"}],"wp:featuredmedia":[{"embeddable":true,"href":"https:\/\/www.europesays.com\/fr\/wp-json\/wp\/v2\/media\/617387"}],"wp:attachment":[{"href":"https:\/\/www.europesays.com\/fr\/wp-json\/wp\/v2\/media?parent=617386"}],"wp:term":[{"taxonomy":"category","embeddable":true,"href":"https:\/\/www.europesays.com\/fr\/wp-json\/wp\/v2\/categories?post=617386"},{"taxonomy":"post_tag","embeddable":true,"href":"https:\/\/www.europesays.com\/fr\/wp-json\/wp\/v2\/tags?post=617386"}],"curies":[{"name":"wp","href":"https:\/\/api.w.org\/{rel}","templated":true}]}}