{"id":617398,"date":"2025-12-23T07:21:29","date_gmt":"2025-12-23T07:21:29","guid":{"rendered":"https:\/\/www.europesays.com\/fr\/617398\/"},"modified":"2025-12-23T07:21:29","modified_gmt":"2025-12-23T07:21:29","slug":"je-prefere-ne-pas-parler-a-chaud-assure-un-mignoni-ecoeure-par-la-defaite-contre-lubb","status":"publish","type":"post","link":"https:\/\/www.europesays.com\/fr\/617398\/","title":{"rendered":"\u00ab Je pr\u00e9f\u00e8re ne pas parler \u00e0 chaud \u00bb assure un Mignoni \u00e9coeur\u00e9 par la d\u00e9faite contre l\u2019UBB"},"content":{"rendered":"<p>Les d\u00e9placements se suivent et se ressemblent pour le Rugby Club Toulonnais. Si le RCT se montre souvent imp\u00e9rial \u00e0 domicile, les joueurs de Pierre Mignoni encha\u00eenent les d\u00e9convenues loin de Mayol. Balay\u00e9s \u00e0 Toulouse ou Edimbourg, les Toulonnais ont affich\u00e9 un visage des plus inqui\u00e9tants <a href=\"https:\/\/www.quinzemondial.com\/top-14\/top-14-pau-et-toulouse-caracolent-en-tete-lubb-se-replaceles-enseignements-de-la-12eme-journee-821383\" target=\"_blank\" rel=\"noopener\">ce dimanche soir \u00e0 Chaban-Delmas.<\/a><\/p>\n<p>\u00ab\u00a0Ce n\u2019est pas acceptable\u00a0\u00bb<\/p>\n<p>Malgr\u00e9 une \u00e9quipe comp\u00e9titive, les co\u00e9quipiers de Baptiste Serin <a href=\"https:\/\/www.quinzemondial.com\/top-14\/ubb-la-nouvelle-partition-exceptionnelle-de-jalibert-face-au-rct-821385\" target=\"_blank\" rel=\"noopener\">n\u2019ont jamais exist\u00e9 face \u00e0 l\u2019Union Bordeaux-B\u00e8gles<\/a> et s\u2019en sortent avec une tr\u00e8s large d\u00e9faite (46-7). Plus que le r\u00e9sultat, le contenu agace un Pierre Mignoni particuli\u00e8rement remont\u00e9 en conf\u00e9rence de presse, comme le rapporte <a href=\"https:\/\/www.sudouest.fr\/sport\/rugby\/bordeaux-begles\/les-reactions-apres-ubb-toulon-j-ai-senti-beaucoup-d-energie-dans-l-equipe-dit-romain-buros-27180382.php\" target=\"_blank\" rel=\"noopener\">Sud Ouest.<\/a><\/p>\n<blockquote>\n<p>\u00ab\u00a0Bordeaux a fait un tr\u00e8s grand match, on n\u2019a pas \u00e9t\u00e9 \u00e0 la hauteur, comme sur la demi-finale (en juin dernier). On ne peut pas passer d\u2019une prestation comme celle de Bath \u00e0 une prestation comme celle-l\u00e0. Je ne sais pas quoi dire, je ne pr\u00e9f\u00e8re pas parler \u00e0 chaud. Quand tu as des ambitions et que tu sors un match comme \u00e7a\u2026 Je suis d\u00e9sol\u00e9. Toulon ne m\u00e9rite pas cette image. Ce n\u2019est pas possible. On va voir ce que je vais d\u00e9cider parce que l\u00e0, ce n\u2019est pas acceptable\u00a0\u00bb <\/p>\n<\/blockquote>\n<p>Partagez cette info avec vos amis et vos proches en cliquant ici<br \/>Pour r\u00e9sumer<\/p>\n<p>Pierre Mignoni n\u2019a pas reconnu son \u00e9quipe lors de la large d\u00e9faite toulonnaise sur la pelouse de l\u2019Union Bordeaux-B\u00e8gles. Le manager du Rugby Club Toulonnais ne comprend pas le visage affich\u00e9 par les siens et ne cache pas sa col\u00e8re.<\/p>\n<p> <img decoding=\"async\" width=\"76\" height=\"76\" loading=\"lazy\" src=\"https:\/\/www.europesays.com\/fr\/wp-content\/uploads\/2025\/04\/avatar-quinze.png\" alt=\"Arnaud D\u00e9chelotte\"\/><\/p>\n","protected":false},"excerpt":{"rendered":"Les d\u00e9placements se suivent et se ressemblent pour le Rugby Club Toulonnais. Si le RCT se montre souvent&hellip;\n","protected":false},"author":2,"featured_media":617399,"comment_status":"","ping_status":"","sticky":false,"template":"","format":"standard","meta":{"footnotes":""},"categories":[9619],"tags":[1111,11,1777,674,1011,27,12,882,25,476,478,2310],"class_list":{"0":"post-617398","1":"post","2":"type-post","3":"status-publish","4":"format-standard","5":"has-post-thumbnail","7":"category-toulon","8":"tag-actu","9":"tag-actualites","10":"tag-eu","11":"tag-europe","12":"tag-fr","13":"tag-france","14":"tag-news","15":"tag-provence-alpes-cote-dazur","16":"tag-republique-francaise","17":"tag-stade-toulousain","18":"tag-top-14","19":"tag-toulon"},"share_on_mastodon":{"url":"https:\/\/pubeurope.com\/@fr\/115767679093356109","error":""},"_links":{"self":[{"href":"https:\/\/www.europesays.com\/fr\/wp-json\/wp\/v2\/posts\/617398","targetHints":{"allow":["GET"]}}],"collection":[{"href":"https:\/\/www.europesays.com\/fr\/wp-json\/wp\/v2\/posts"}],"about":[{"href":"https:\/\/www.europesays.com\/fr\/wp-json\/wp\/v2\/types\/post"}],"author":[{"embeddable":true,"href":"https:\/\/www.europesays.com\/fr\/wp-json\/wp\/v2\/users\/2"}],"replies":[{"embeddable":true,"href":"https:\/\/www.europesays.com\/fr\/wp-json\/wp\/v2\/comments?post=617398"}],"version-history":[{"count":0,"href":"https:\/\/www.europesays.com\/fr\/wp-json\/wp\/v2\/posts\/617398\/revisions"}],"wp:featuredmedia":[{"embeddable":true,"href":"https:\/\/www.europesays.com\/fr\/wp-json\/wp\/v2\/media\/617399"}],"wp:attachment":[{"href":"https:\/\/www.europesays.com\/fr\/wp-json\/wp\/v2\/media?parent=617398"}],"wp:term":[{"taxonomy":"category","embeddable":true,"href":"https:\/\/www.europesays.com\/fr\/wp-json\/wp\/v2\/categories?post=617398"},{"taxonomy":"post_tag","embeddable":true,"href":"https:\/\/www.europesays.com\/fr\/wp-json\/wp\/v2\/tags?post=617398"}],"curies":[{"name":"wp","href":"https:\/\/api.w.org\/{rel}","templated":true}]}}