{"id":617404,"date":"2025-12-23T07:29:20","date_gmt":"2025-12-23T07:29:20","guid":{"rendered":"https:\/\/www.europesays.com\/fr\/617404\/"},"modified":"2025-12-23T07:29:20","modified_gmt":"2025-12-23T07:29:20","slug":"le-suspect-a-des-antecedents-psychiatriques","status":"publish","type":"post","link":"https:\/\/www.europesays.com\/fr\/617404\/","title":{"rendered":"le suspect a des ant\u00e9c\u00e9dents psychiatriques"},"content":{"rendered":"<p><strong>Mise \u00e0 jour le 23 d\u00e9cembre \u00e0 7h<\/strong> : Le parquet a communiqu\u00e9 apr\u00e8s qu&rsquo;un policier a ouvert le feu sur un individu mena\u00e7ant et arm\u00e9 d&rsquo;un couteau.<\/p>\n<p>Le suspect \u00e9tait d\u00e9j\u00e0 connu pour des faits de violences commises en 2017, 2022 et 2023, qui avaient \u00e9t\u00e9 class\u00e9s sans suite, pour la plupart compte tenu de son \u00e9tat psychiatrique.<\/p>\n<p>Pour rappel, lundi peu apr\u00e8s 9h, le trentenaire s&rsquo;est rendu dans une auto-\u00e9cole dont il \u00e9tait client pour contester son exclusion survenue suite \u00e0 des faits de violences le 11 d\u00e9cembre dernier.<\/p>\n<p>Arm\u00e9 d&rsquo;un couteau, il avait ensuite pris la fuite \u00e0 l&rsquo;arriv\u00e9e des forces de l&rsquo;ordre. \u00ab\u00a0Au cours de son interpellation, l\u2019individu tentait de porter des coups de couteau \u00e0 deux des policiers intervenants. L\u2019un d\u2019eux avait, en r\u00e9ponse, fait usage de son arme de service \u00e0 deux reprises. L\u2019individu \u00e9tait touch\u00e9 au niveau de la main et du thorax, et pris en charge par les secours. \u00a0Son pronostic vital n\u2019\u00e9tait pas engag\u00e9. Il faisait l\u2019objet d\u2019une intervention chirurgicale dans l\u2019apr\u00e8s-midi\u00a0\u00bb, pr\u00e9cise le parquet de Grenoble.<\/p>\n<p>A ce stade des investigations, il n\u2019\u00e9tait pas \u00e9tabli que des menaces terroristes aient \u00e9t\u00e9 prof\u00e9r\u00e9es par l\u2019int\u00e9ress\u00e9 \u00e0 l\u2019encontre de quiconque.<\/p>\n<p>Une enqu\u00eate pour tentatives d\u2019homicides contre personnes d\u00e9positaires de l\u2019autorit\u00e9 publique et violences avec arme a \u00e9t\u00e9 ouverte en flagrance, et confi\u00e9e au SLPJ de Grenoble.<\/p>\n<p>Une enqu\u00eate \u00e9tant parall\u00e8lement ouverte des chefs de violences volontaires avec arme par personne d\u00e9positaire de l\u2019autorit\u00e9 publique et confi\u00e9e \u00e0 l\u2019IGPN. \u00ab\u00a0Dans ce cadre, le policier ayant r\u00e9alis\u00e9 les tirs avait \u00e9t\u00e9 plac\u00e9 en garde \u00e0 vue dans la matin\u00e9e, puis lib\u00e9r\u00e9 suite aux auditions de t\u00e9moins et \u00e0 l\u2019exploitation de la cam\u00e9ra-pi\u00e9ton de l\u2019un des policiers intervenants\u00a0\u00bb, conclut le parquet.<\/p>\n<p><strong>Article initial :<\/strong> Ce lundi matin, des coups de feu ont claqu\u00e9 boulevard Jean Pain \u00e0 Grenoble. Car un homme a eu une altercation avec le personnel du Centre d&rsquo;enseignement routier de l&rsquo;Is\u00e8re. Alors que plusieurs personnes passaient un stage de r\u00e9cup\u00e9ration de points, l&rsquo;individu aurait d\u00e9gain\u00e9 un couteau avant de prendre la fuite, direction le parc Paul Mistral, \u00e0 l&rsquo;arriv\u00e9e de la police. C&rsquo;est l\u00e0 que cette derni\u00e8re l&rsquo;a aper\u00e7u et l&rsquo;a somm\u00e9 de jeter son arme blanche.<\/p>\n<p>Selon le Dauphin\u00e9 Lib\u00e9r\u00e9, les forces de l&rsquo;ordre ont d&rsquo;abord fait usage d&rsquo;un pistolet \u00e0 impulsion \u00e9lectrique, puis d&rsquo;un LBD pour tenter de stopper le forcen\u00e9 d\u00e9j\u00e0 connu de leurs services. Mais ce dernier n&rsquo;a pas stopp\u00e9 sa course, se pr\u00e9cipitant sur un policier. Le fonctionnaire a alors fait feu avec son arme, touchant l&rsquo;individu \u00e0 deux reprises.<\/p>\n<p>Gri\u00e8vement bless\u00e9 \u00e0 la main et au thorax, il a \u00e9t\u00e9 pris en charge par les secours et hospitalis\u00e9 au CHU Grenoble Alpes.<\/p>\n<p>Deux enqu\u00eates ont \u00e9t\u00e9 ouvertes. La premi\u00e8re pour \u00e9claircir les faits et comprendre ce qui a motiv\u00e9 ce quadrag\u00e9naire \u00e0 agir de la sorte, la seconde men\u00e9e par l&rsquo;IGPN, comme toujours lorsqu&rsquo;un policier fait usage de son arme \u00e0 feu.<\/p>\n<p>Ces faits ne sont pas sans rappeler ceux survenus \u00e0 Ajaccio, o\u00f9 un homme arm\u00e9 d&rsquo;un couteau a \u00e9t\u00e9 abattu samedi, et \u00e0 Toulouse samedi soir, o\u00f9 un autre individu a \u00e9t\u00e9 bless\u00e9 par balles apr\u00e8s avoir attaqu\u00e9 deux personnes avec une arme blanche.<\/p>\n","protected":false},"excerpt":{"rendered":"Mise \u00e0 jour le 23 d\u00e9cembre \u00e0 7h : Le parquet a communiqu\u00e9 apr\u00e8s qu&rsquo;un policier a ouvert&hellip;\n","protected":false},"author":2,"featured_media":617405,"comment_status":"","ping_status":"","sticky":false,"template":"","format":"standard","meta":{"footnotes":""},"categories":[9566],"tags":[1111,11,2813,2430,1109,251,1112,2811,1777,674,118,1011,27,21780,2731,14004,1922,1110,1114,108,12,316,25,2812,517,800],"class_list":{"0":"post-617404","1":"post","2":"type-post","3":"status-publish","4":"format-standard","5":"has-post-thumbnail","7":"category-grenoble","8":"tag-actu","9":"tag-actualites","10":"tag-article","11":"tag-auvergne-rhone-alpes","12":"tag-breves","13":"tag-culture","14":"tag-depeches","15":"tag-economique","16":"tag-eu","17":"tag-europe","18":"tag-faits-divers","19":"tag-fr","20":"tag-france","21":"tag-gf38","22":"tag-grenoble","23":"tag-grenoblemag","24":"tag-info","25":"tag-informations","26":"tag-infos","27":"tag-isere","28":"tag-news","29":"tag-politique","30":"tag-republique-francaise","31":"tag-sociale","32":"tag-sport","33":"tag-transports"},"share_on_mastodon":{"url":"https:\/\/pubeurope.com\/@fr\/115767709791109479","error":""},"_links":{"self":[{"href":"https:\/\/www.europesays.com\/fr\/wp-json\/wp\/v2\/posts\/617404","targetHints":{"allow":["GET"]}}],"collection":[{"href":"https:\/\/www.europesays.com\/fr\/wp-json\/wp\/v2\/posts"}],"about":[{"href":"https:\/\/www.europesays.com\/fr\/wp-json\/wp\/v2\/types\/post"}],"author":[{"embeddable":true,"href":"https:\/\/www.europesays.com\/fr\/wp-json\/wp\/v2\/users\/2"}],"replies":[{"embeddable":true,"href":"https:\/\/www.europesays.com\/fr\/wp-json\/wp\/v2\/comments?post=617404"}],"version-history":[{"count":0,"href":"https:\/\/www.europesays.com\/fr\/wp-json\/wp\/v2\/posts\/617404\/revisions"}],"wp:featuredmedia":[{"embeddable":true,"href":"https:\/\/www.europesays.com\/fr\/wp-json\/wp\/v2\/media\/617405"}],"wp:attachment":[{"href":"https:\/\/www.europesays.com\/fr\/wp-json\/wp\/v2\/media?parent=617404"}],"wp:term":[{"taxonomy":"category","embeddable":true,"href":"https:\/\/www.europesays.com\/fr\/wp-json\/wp\/v2\/categories?post=617404"},{"taxonomy":"post_tag","embeddable":true,"href":"https:\/\/www.europesays.com\/fr\/wp-json\/wp\/v2\/tags?post=617404"}],"curies":[{"name":"wp","href":"https:\/\/api.w.org\/{rel}","templated":true}]}}