{"id":617406,"date":"2025-12-23T07:32:19","date_gmt":"2025-12-23T07:32:19","guid":{"rendered":"https:\/\/www.europesays.com\/fr\/617406\/"},"modified":"2025-12-23T07:32:19","modified_gmt":"2025-12-23T07:32:19","slug":"en-images-a-rennes-les-spectaculaires-images-de-la-vilaine-qui-progressivement-reapparait-au-3","status":"publish","type":"post","link":"https:\/\/www.europesays.com\/fr\/617406\/","title":{"rendered":"EN IMAGES. \u00c0 Rennes, les spectaculaires images de la Vilaine qui progressivement r\u00e9appara\u00eet au"},"content":{"rendered":"<p>Petit \u00e0 petit, \u00e0 Rennes (Ille-et-Vilaine), le fleuve refait surface. Une m\u00e9tamorphose que nos photographes saisissent sous tous les angles et m\u00eame depuis le ciel.<\/p>\n<p>Le spectacle m\u00e9rite bien de prendre de la hauteur. \u00c0 Rennes (Ille-et-Vilaine), les travaux de d\u00e9construction du parking Vilaine et de la lourde dalle de b\u00e9ton cachant le fleuve coulant en dessous, acc\u00e9l\u00e8rent.<\/p>\n<p>Une pelleteuse de 50\u00a0tonnes, install\u00e9e la semaine derni\u00e8re sur un ponton flottant, grignote la structure qui a \u00e9t\u00e9 install\u00e9e pour couvrir la Vilaine <a target=\"_self\" href=\"https:\/\/rennes.maville.com\/actu\/actudet_-recit.-a-rennes-comment-la-vilaine-a-disparu-sous-le-ciment-d-un-parking-dans-les-annees-1960-_52674-6483278_actu.Htm\" rel=\"noopener\">dans les ann\u00e9es 1960<\/a>.<\/p>\n<p>\t<img decoding=\"async\" src=\"https:\/\/www.europesays.com\/fr\/wp-content\/uploads\/2025\/12\/P35647020D7115252G_px_640_.jpg\" alt=\"photo l\u2019\u00e9quipe a jusqu\u2019au mois d\u2019avril pour d\u00e9truite le reste de la dalle et atteindre la rue de nemours.  \u00a9  david ademas \/ ouest-france\" width=\"640\" title=\" L\u2019\u00e9quipe a jusqu\u2019au mois d\u2019avril pour d\u00e9truite le reste de la dalle et atteindre la rue de Nemours.   DAVID ADEMAS \/ OUEST-FRANCE \"\/><\/p>\n<p class=\"elmt-legende\"> L\u2019\u00e9quipe a jusqu\u2019au mois d\u2019avril pour d\u00e9truite le reste de la dalle et atteindre la rue de Nemours.   DAVID ADEMAS \/ OUEST-FRANCE <\/p>\n<p>Chaque jour d\u00e9sormais,<a target=\"_self\" href=\"https:\/\/rennes.maville.com\/actu\/actudet_-cisaille-en-action-jury-en-visite-et-pieux-en-attente-des-nouvelles-de-la-destruction-du-parking-vilaine-a-rennes-_7-7106866_actu.Htm\" rel=\"noopener\"> l\u2019objectif est d\u2019en grignoter 5\u00a0m\u00e8tres<\/a>, depuis le pont de la Mission jusqu\u2019au niveau de la rue de Nemours, \u00e0 proximit\u00e9 des Galeries Lafayette. Une progression que nos photographes documentent r\u00e9guli\u00e8rement et sous toutes les coutures. Les images saisies \u00e0 l\u2019aide d\u2019un drone, qu\u2019ils ont l\u2019autorisation d\u2019utiliser, sont particuli\u00e8rement spectaculaires.<br \/>Les 270\u00a0m\u00e8tres de la dalle, dont les gravats sont peu \u00e0 peu \u00e9vacu\u00e9s par barges jusqu\u2019\u00e0 la route de Lorient, devraient \u00eatre totalement d\u00e9construits pour le mois d\u2019avril. Encore quatre mois de travaux et la promesse de belles photos.<\/p>\n<p>\u00a0<\/p>\n<p>\u00a0<\/p>\n","protected":false},"excerpt":{"rendered":"Petit \u00e0 petit, \u00e0 Rennes (Ille-et-Vilaine), le fleuve refait surface. Une m\u00e9tamorphose que nos photographes saisissent sous tous&hellip;\n","protected":false},"author":2,"featured_media":615164,"comment_status":"","ping_status":"","sticky":false,"template":"","format":"standard","meta":{"footnotes":""},"categories":[2821],"tags":[1111,11,829,11895,1777,674,1011,27,2515,4430,4432,12,34307,12412,584,25,11894,59647,7009],"class_list":{"0":"post-617406","1":"post","2":"type-post","3":"status-publish","4":"format-standard","5":"has-post-thumbnail","7":"category-rennes","8":"tag-actu","9":"tag-actualites","10":"tag-bretagne","11":"tag-d","12":"tag-eu","13":"tag-europe","14":"tag-fr","15":"tag-france","16":"tag-grand","17":"tag-images","18":"tag-jour","19":"tag-news","20":"tag-progressivement","21":"tag-reapparait","22":"tag-rennes","23":"tag-republique-francaise","24":"tag-sables","25":"tag-spectaculaires","26":"tag-vilaine"},"share_on_mastodon":{"url":"https:\/\/pubeurope.com\/@fr\/115767722274942140","error":""},"_links":{"self":[{"href":"https:\/\/www.europesays.com\/fr\/wp-json\/wp\/v2\/posts\/617406","targetHints":{"allow":["GET"]}}],"collection":[{"href":"https:\/\/www.europesays.com\/fr\/wp-json\/wp\/v2\/posts"}],"about":[{"href":"https:\/\/www.europesays.com\/fr\/wp-json\/wp\/v2\/types\/post"}],"author":[{"embeddable":true,"href":"https:\/\/www.europesays.com\/fr\/wp-json\/wp\/v2\/users\/2"}],"replies":[{"embeddable":true,"href":"https:\/\/www.europesays.com\/fr\/wp-json\/wp\/v2\/comments?post=617406"}],"version-history":[{"count":0,"href":"https:\/\/www.europesays.com\/fr\/wp-json\/wp\/v2\/posts\/617406\/revisions"}],"wp:featuredmedia":[{"embeddable":true,"href":"https:\/\/www.europesays.com\/fr\/wp-json\/wp\/v2\/media\/615164"}],"wp:attachment":[{"href":"https:\/\/www.europesays.com\/fr\/wp-json\/wp\/v2\/media?parent=617406"}],"wp:term":[{"taxonomy":"category","embeddable":true,"href":"https:\/\/www.europesays.com\/fr\/wp-json\/wp\/v2\/categories?post=617406"},{"taxonomy":"post_tag","embeddable":true,"href":"https:\/\/www.europesays.com\/fr\/wp-json\/wp\/v2\/tags?post=617406"}],"curies":[{"name":"wp","href":"https:\/\/api.w.org\/{rel}","templated":true}]}}