{"id":617407,"date":"2025-12-23T07:34:11","date_gmt":"2025-12-23T07:34:11","guid":{"rendered":"https:\/\/www.europesays.com\/fr\/617407\/"},"modified":"2025-12-23T07:34:11","modified_gmt":"2025-12-23T07:34:11","slug":"en-deplacement-a-rennes-pour-supporter-les-sables-vendee-foot-une-famille-se-fait-voler-sa-voiture","status":"publish","type":"post","link":"https:\/\/www.europesays.com\/fr\/617407\/","title":{"rendered":"En d\u00e9placement \u00e0 Rennes pour supporter Les Sables Vend\u00e9e Foot, une famille se fait voler sa voiture"},"content":{"rendered":"<p>                    Par<br \/>\n        <strong><br \/>\n            <a href=\"https:\/\/actu.fr\/auteur\/flavien-fritz-actu-fr\" title=\"Consulter tous les articles de Flavien Fritz\" target=\"_blank\" rel=\"noopener\">Flavien Fritz<\/a><br \/>\n                    <\/strong><\/p>\n<p>        Publi\u00e9 le<\/p>\n<p>            23 d\u00e9c. 2025 \u00e0 8h12        <\/p>\n<p>\u00ab\u00a0On s\u2019octroie rarement des loisirs. L\u00e0 c\u2019\u00e9tait un peu un No\u00ebl en avance pour les enfants. On repart avec un pr\u00e9judice moral et mat\u00e9riel.\u00a0\u00bb<\/p>\n<p class=\" wall-content\">Pour Camille Thiercelin, l<a href=\"https:\/\/actu.fr\/pays-de-la-loire\/les-sables-d-olonne_85194\/en-direct-coupe-de-france-de-football-suivez-le-match-entre-les-sables-dolonne-et-le-stade-rennais_63606916.html\" target=\"_blank\" rel=\"noopener\">e match entre Les Sables Vend\u00e9e Foot et le Stade Rennais<\/a> ne s\u2019est pas pass\u00e9 comme pr\u00e9vu. Elle a fait le d\u00e9placement <b>jusqu\u2019en Bretagne <\/b>avec son compagnon et ses deux enfants pour aller supporter les Sablais. \u00c0 la sortie du stade, leur voiture avait <b>disparue<\/b>.<\/p>\n<p>La voiture n\u2019est plus l\u00e0<\/p>\n<p class=\" wall-content\">D\u00e8s la fin du match, Camille retourne vers sa voiture, \u00ab\u00a0gar\u00e9e \u00e0 une rue adjacente au stade\u00a0\u00bb. Mais elle ne la trouve pas. Ne connaissant pas bien les lieux, l\u2019hypoth\u00e8se de s\u2019\u00eatre tromp\u00e9e de rue traverse l\u2019esprit de la famille. Mais au bout \u00ab\u00a0d\u2019une <b>heure et demi de recherche<\/b>, sous la pluie, avec des enfants de 9 et 10 ans\u00a0\u00bb, le constat est clair : leur voiture a \u00e9t\u00e9 <b>vol\u00e9e<\/b>.\u00a0<\/p>\n<p class=\" wall-content\">La famille toque alors chez des habitants pour leur demander de l\u2019aide. Avec eux, ils cherchent encore \u00ab\u00a0pendant plus de deux heures\u00a0\u00bb leur voiture. Mais toujours rien. Camille pr\u00e9vient alors la police.<\/p>\n<p>Rentrer de nuit<\/p>\n<p class=\" wall-content\">Il est 2h30, dans la nuit du dimanche 21 d\u00e9cembre au lundi 22 d\u00e9cembre 2025 lorsque le p\u00e8re des enfants de Camille <b>vient les chercher jusqu\u2019\u00e0 Rennes<\/b>, pour les ramener aux Sables-d\u2019Olonne.<\/p>\n<p>Vid\u00e9os : en ce moment sur Actu<\/p>\n<blockquote class=\"ac-article-quote wall-content\">\n<p>\u00ab\u00a0On est arriv\u00e9s \u00e0 5h du matin, on devait ouvrir notre boulangerie (la boulangerie de la Pironni\u00e8re) \u00e0 7h. On avait \u00e9videmment mis un petit mot sur la porte pour pr\u00e9venir qu\u2019on allait ouvrir \u00e0 9h.\u00a0\u00bb<\/p>\n<\/blockquote>\n<p class=\" wall-content\">Et dans la matin\u00e9e du lundi 22 d\u00e9cembre, Camille a contact\u00e9 la police de Rennes pour essayer d\u2019en savoir plus. \u00ab\u00a0Notre voiture <b>n\u2019\u00e9tait pas sur la liste <\/b>des v\u00e9hicules \u00e0 la fourri\u00e8re.\u00a0\u00bb\u00a0<\/p>\n<p>Votre r\u00e9gion, votre actu !<\/p>\n<p>Recevez chaque jour les infos qui comptent pour vous.<\/p>\n<p>\t<a href=\"https:\/\/actu.fr\/newsletter\" class=\"ac-btn ac-btn--corner ac-btn--medium ac-btn--blue800\" target=\"_blank\" rel=\"noopener\">S&rsquo;incrire<\/a><\/p>\n<p class=\" wall-content\">La voiture a donc bel et bien \u00e9t\u00e9 vol\u00e9e.<\/p>\n<p>Un pr\u00e9judice juste avant No\u00ebl<\/p>\n<p class=\" wall-content\">\u00ab\u00a0Il y a le pr\u00e9judice de la perte du v\u00e9hicule et de tout ce qu\u2019il y a \u00e0 l\u2019int\u00e9rieur\u00a0\u00bb, explique Camille. Car dans sa voiture, cach\u00e9, Camille avait \u00ab\u00a0300 \u20ac en esp\u00e8ces et un ch\u00e8que, ainsi que deux canifs qui avaient une valeur sentimentale\u00a0\u00bb.<\/p>\n<p class=\" wall-content\">Le tout <b>deux jours avant No\u00ebl<\/b>. \u00ab\u00a0On ne f\u00eate d\u00e9j\u00e0 pas No\u00ebl car on g\u00e8re la boulangerie\u00a0\u00bb, regrette Camille.<\/p>\n<p class=\" wall-content\">La famille a alors lanc\u00e9 un appel \u00e0 t\u00e9moins afin de savoir si\u00a0 quelqu\u2019un avait aper\u00e7u le moindre indice qui pourrait aider \u00e0 retrouver sa voiture, vol\u00e9e dans les rues de Rennes.<\/p>\n<p class=\" wall-content\">Personnalisez votre actualit\u00e9 en ajoutant vos villes et m\u00e9dias en favori avec <a href=\"https:\/\/moncompte.actu.fr\" title=\"D\u00e9couvez Mon Actu\" rel=\"nofollow noopener\" data-trk=\"{&quot;cta&quot;:{&quot;action&quot;:&quot;https:\\\/\\\/moncompte.actu.fr&quot;,&quot;category&quot;:&quot;mon compte&quot;,&quot;from&quot;:&quot;article footer&quot;,&quot;name&quot;:&quot;Mon actu&quot;,&quot;type&quot;:&quot;cta&quot;}}\" target=\"_blank\">Mon Actu<\/a>.<\/p>\n","protected":false},"excerpt":{"rendered":"Par Flavien Fritz Publi\u00e9 le 23 d\u00e9c. 2025 \u00e0 8h12 \u00ab\u00a0On s\u2019octroie rarement des loisirs. L\u00e0 c\u2019\u00e9tait un&hellip;\n","protected":false},"author":2,"featured_media":617408,"comment_status":"","ping_status":"","sticky":false,"template":"","format":"standard","meta":{"footnotes":""},"categories":[2821],"tags":[1111,11,829,1777,674,118,1011,27,12,584,25],"class_list":{"0":"post-617407","1":"post","2":"type-post","3":"status-publish","4":"format-standard","5":"has-post-thumbnail","7":"category-rennes","8":"tag-actu","9":"tag-actualites","10":"tag-bretagne","11":"tag-eu","12":"tag-europe","13":"tag-faits-divers","14":"tag-fr","15":"tag-france","16":"tag-news","17":"tag-rennes","18":"tag-republique-francaise"},"share_on_mastodon":{"url":"","error":""},"_links":{"self":[{"href":"https:\/\/www.europesays.com\/fr\/wp-json\/wp\/v2\/posts\/617407","targetHints":{"allow":["GET"]}}],"collection":[{"href":"https:\/\/www.europesays.com\/fr\/wp-json\/wp\/v2\/posts"}],"about":[{"href":"https:\/\/www.europesays.com\/fr\/wp-json\/wp\/v2\/types\/post"}],"author":[{"embeddable":true,"href":"https:\/\/www.europesays.com\/fr\/wp-json\/wp\/v2\/users\/2"}],"replies":[{"embeddable":true,"href":"https:\/\/www.europesays.com\/fr\/wp-json\/wp\/v2\/comments?post=617407"}],"version-history":[{"count":0,"href":"https:\/\/www.europesays.com\/fr\/wp-json\/wp\/v2\/posts\/617407\/revisions"}],"wp:featuredmedia":[{"embeddable":true,"href":"https:\/\/www.europesays.com\/fr\/wp-json\/wp\/v2\/media\/617408"}],"wp:attachment":[{"href":"https:\/\/www.europesays.com\/fr\/wp-json\/wp\/v2\/media?parent=617407"}],"wp:term":[{"taxonomy":"category","embeddable":true,"href":"https:\/\/www.europesays.com\/fr\/wp-json\/wp\/v2\/categories?post=617407"},{"taxonomy":"post_tag","embeddable":true,"href":"https:\/\/www.europesays.com\/fr\/wp-json\/wp\/v2\/tags?post=617407"}],"curies":[{"name":"wp","href":"https:\/\/api.w.org\/{rel}","templated":true}]}}