{"id":617413,"date":"2025-12-23T07:38:14","date_gmt":"2025-12-23T07:38:14","guid":{"rendered":"https:\/\/www.europesays.com\/fr\/617413\/"},"modified":"2025-12-23T07:38:14","modified_gmt":"2025-12-23T07:38:14","slug":"il-est-possible-de-trouver-son-futur-metier-par-le-jeu-dans-ce-nouveau-centre-a-nice","status":"publish","type":"post","link":"https:\/\/www.europesays.com\/fr\/617413\/","title":{"rendered":"il est possible de trouver son futur m\u00e9tier par le jeu dans ce nouveau centre \u00e0 Nice"},"content":{"rendered":"<p class=\"fs-5 \">Quel m\u00e9tier exercer ? Combien de jeunes se sont pos\u00e9s la question et combien se la posent encore ? S\u2019il n\u2019est pas toujours facile de s\u2019orienter apr\u00e8s le coll\u00e8ge ou le lyc\u00e9e, la M\u00e9tropole tente de trouver des solutions avec ce nouveau Centre des possibles \u00e0 Nice. Gr\u00e2ce au travail d\u2019un chercheur de l\u2019Universit\u00e9 C\u00f4te d\u2019Azur et de plusieurs laboratoires de recherche, les jeunes qui r\u00e9sident dans la M\u00e9tropole peuvent venir, gr\u00e2ce \u00e0 des jeux, cerner leurs comp\u00e9tences et leurs qualit\u00e9s, afin de les associer \u00e0 un m\u00e9tier.<\/p>\n<p class=\"fs-5 \">La salle a \u00e9t\u00e9 inaugur\u00e9e le 21 novembre. Elle se trouve dans le b\u00e2timent baptis\u00e9 \u00ab Hub de l\u2019innovation \u00bb, situ\u00e9 avenue Simone Veil \u00e0 Nice, dans le quartier M\u00e9ridia. Les jeunes qui s\u2019y pr\u00e9sentent peuvent le faire spontan\u00e9ment, sur rendez-vous pris en ligne. Mais le centre \u00e9tant r\u00e9cent et peu connu, la majorit\u00e9 est aujourd\u2019hui envoy\u00e9e par les \u00e9tablissements scolaires.<\/p>\n<p>        <img src=\"https:\/\/www.europesays.com\/fr\/wp-content\/uploads\/2025\/12\/f7e3e97_upload-1-1gbi7jnttooe-image-maxmatinarchtwo164440-small.jpg\"   loading=\"lazy\" decoding=\"async\" alt=\"Le parking Joia Meridia, \u00e0 l\u2019ouest de la ville, le 14\u00a0octobre.\" class=\"img-fluid position-absolute w-100 object-fit-cover rounded-2\" width=\"600\" height=\"400\"\/><\/p>\n<p>                                                                                Des jeux pour mieux se conna\u00eetre<\/p>\n<p class=\"fs-5 \">\u00c0 son arriv\u00e9e, la personne est accueillie puis commence un parcours d\u20191h30 : \u00e0 l\u2019aide d\u2019une tablette, elle r\u00e9pond d\u2019abord \u00e0 un questionnaire pour cibler sa personnalit\u00e9. Ensuite, le jeune se rend sur un ordinateur pour jouer \u00e0 des mini-jeux ludiques et \u00e9valuer sa capacit\u00e9 de raisonnement. Enfin, il reprend en main la tablette pour r\u00e9pondre \u00e0 des questions et identifier ses centres d\u2019int\u00e9r\u00eat.<\/p>\n<p class=\"fs-5 \">\u00ab Tous ces tests, r\u00e9alis\u00e9s dans notre gaming room, ont \u00e9t\u00e9 \u201cgamifi\u00e9s\u201d \u00bb, explique Camille Torrenti, responsable du Centre des possibles pour la M\u00e9tropole, tout de suite corrig\u00e9 par le doctorant chercheur \u00e0 l\u2019origine du projet. \u00ab Ce n\u2019est pas un test mais une mesure : sinon, on a l\u2019aspect \u00e9valuation et contrainte qui ne correspond pas \u00e0 ce que l\u2019on fait \u00bb, nuance Romain Raymondie. Avec ce parcours, les jeunes \u00e9valuent ainsi leurs capacit\u00e9s cognitives (la m\u00e9moire, l\u2019attention), leurs aptitudes psychomotrices, leur int\u00e9r\u00eat professionnel et leur personnalit\u00e9. Et sans avoir l\u2019impression de passer un long entretien avec un conseiller d\u2019orientation. \u00ab Le but, ce n\u2019est pas qu\u2019on dise que le jeune est bon ou mauvais, mais plut\u00f4t qu\u2019il a une meilleure capacit\u00e9 de m\u00e9moire que d\u2019attention \u00bb, image Romain Raymondie.<\/p>\n<p>                                                                                Plus de 300 m\u00e9tiers<\/p>\n<p class=\"fs-5 \">\u00c0 la suite des tests, un algorithme, d\u00e9velopp\u00e9 par le laboratoire Gredeg de l\u2019Universit\u00e9 Nice Sophia Antipolis, associe les r\u00e9sultats \u00e0 une base de donn\u00e9es pour identifier les m\u00e9tiers ad\u00e9quats pour chaque jeune. Ensuite, un psychologue du travail s\u2019entretient un quart d\u2019heure avec lui pour l\u2019orienter au mieux. Le jeune peut ensuite enfiler un casque de r\u00e9alit\u00e9 virtuelle et s\u2019immerger \u00e0 360 degr\u00e9s dans une profession gr\u00e2ce \u00e0 des vid\u00e9os de pr\u00e9sentation de plus de 300 m\u00e9tiers.<\/p>\n<p class=\"fs-5 \">\u00ab Le projet a commenc\u00e9 en 2022. Mais il a fallu trois ans de recherches et de travail pour \u00e9laborer les tests et les exp\u00e9rimenter \u00bb, rappelle Camille Torrenti. Plusieurs laboratoires de l\u2019Universit\u00e9 ont notamment \u00e9t\u00e9 mobilis\u00e9s pour permettre d\u2019interpr\u00e9ter le r\u00e9sultat des mesures et les associer \u00e0 un profil et des m\u00e9tiers.<\/p>\n<p class=\"fs-5 \">Pour ce projet, la M\u00e9tropole a mis la main \u00e0 la poche : 350.000 euros d\u2019investissement, 150.000 euros pour financer les travaux du doctorant et 50.000 euros de subventions pour le Gredeg. La R\u00e9gion, elle, a subventionn\u00e9 la salle \u00e0 hauteur de 70.000 euros.<\/p>\n<p>                                                                                \u00ab Mon CFA m\u2019a envoy\u00e9e \u00bb<\/p>\n<p class=\"fs-5 \">Reste \u00e0 savoir s\u2019il sera vraiment efficace. Il est trop t\u00f4t pour le dire, mais lors de notre visite, beaucoup de jeunes affichaient une certaine apathie. Maelys, 18 ans, termine un CAP de coiffure au CFA de Carros. \u00ab Je compte changer de voie. Ne pas travailler en salon de coiffure, en tout cas. J\u2019aimerais faire une formation de maquillage pour pouvoir coiffer et maquiller sur des \u00e9v\u00e8nements, par exemple \u00bb, explique la jeune femme. Mais quant \u00e0 sa pr\u00e9sence au Centre des possibles, l\u2019enthousiasme est mitig\u00e9. \u00ab C\u2019est mon CFA qui m\u2019a envoy\u00e9e ici. Je ne sais pas trop pourquoi. La s\u00e9ance ne m\u2019a pas vraiment aid\u00e9e, mais je pourrai leur dire que j\u2019y suis all\u00e9e \u00bb, glisse Maelys.<\/p>\n<p class=\"fs-5 \">Un Centre qui pourrait donc porter ses fruits, mais uniquement pour les jeunes volontaires. Pour le moment, le centre est ouvert les mardis et jeudis, de 9h \u00e0 12h et de 14h \u00e0 17h. \u00ab On accueille les jeunes \u00e0 8 par demi-journ\u00e9e, au maximum. S\u2019il y a davantage de demandes, on augmentera les cr\u00e9neaux \u00bb, pr\u00e9cise Camille Torrenti. Si le concept, unique en France, vient \u00e0 fonctionner, la M\u00e9tropole pense d\u00e9j\u00e0 \u00e0 le d\u00e9velopper hors les murs, dans un bus, par exemple.<\/p>\n","protected":false},"excerpt":{"rendered":"Quel m\u00e9tier exercer ? Combien de jeunes se sont pos\u00e9s la question et combien se la posent encore&hellip;\n","protected":false},"author":2,"featured_media":617414,"comment_status":"","ping_status":"","sticky":false,"template":"","format":"standard","meta":{"footnotes":""},"categories":[2819],"tags":[1111,11,1777,674,1011,27,12,2401,882,25],"class_list":{"0":"post-617413","1":"post","2":"type-post","3":"status-publish","4":"format-standard","5":"has-post-thumbnail","7":"category-nice","8":"tag-actu","9":"tag-actualites","10":"tag-eu","11":"tag-europe","12":"tag-fr","13":"tag-france","14":"tag-news","15":"tag-nice","16":"tag-provence-alpes-cote-dazur","17":"tag-republique-francaise"},"share_on_mastodon":{"url":"https:\/\/pubeurope.com\/@fr\/115767746445216662","error":""},"_links":{"self":[{"href":"https:\/\/www.europesays.com\/fr\/wp-json\/wp\/v2\/posts\/617413","targetHints":{"allow":["GET"]}}],"collection":[{"href":"https:\/\/www.europesays.com\/fr\/wp-json\/wp\/v2\/posts"}],"about":[{"href":"https:\/\/www.europesays.com\/fr\/wp-json\/wp\/v2\/types\/post"}],"author":[{"embeddable":true,"href":"https:\/\/www.europesays.com\/fr\/wp-json\/wp\/v2\/users\/2"}],"replies":[{"embeddable":true,"href":"https:\/\/www.europesays.com\/fr\/wp-json\/wp\/v2\/comments?post=617413"}],"version-history":[{"count":0,"href":"https:\/\/www.europesays.com\/fr\/wp-json\/wp\/v2\/posts\/617413\/revisions"}],"wp:featuredmedia":[{"embeddable":true,"href":"https:\/\/www.europesays.com\/fr\/wp-json\/wp\/v2\/media\/617414"}],"wp:attachment":[{"href":"https:\/\/www.europesays.com\/fr\/wp-json\/wp\/v2\/media?parent=617413"}],"wp:term":[{"taxonomy":"category","embeddable":true,"href":"https:\/\/www.europesays.com\/fr\/wp-json\/wp\/v2\/categories?post=617413"},{"taxonomy":"post_tag","embeddable":true,"href":"https:\/\/www.europesays.com\/fr\/wp-json\/wp\/v2\/tags?post=617413"}],"curies":[{"name":"wp","href":"https:\/\/api.w.org\/{rel}","templated":true}]}}