{"id":617415,"date":"2025-12-23T07:39:17","date_gmt":"2025-12-23T07:39:17","guid":{"rendered":"https:\/\/www.europesays.com\/fr\/617415\/"},"modified":"2025-12-23T07:39:17","modified_gmt":"2025-12-23T07:39:17","slug":"la-police-municipale-mise-sur-les-kiosques-mobiles-pour-rencontrer-les-habitants-a-nice","status":"publish","type":"post","link":"https:\/\/www.europesays.com\/fr\/617415\/","title":{"rendered":"la police municipale mise sur les kiosques mobiles pour rencontrer les habitants \u00e0 Nice"},"content":{"rendered":"<p class=\"fs-5 \">Un barnum s\u2019est install\u00e9 lundi 22 d\u00e9cembre 2025 au matin sur la place Garibaldi. Son apparence ne laisse aucun doute puisque l\u2019inscription police municipale tr\u00f4ne sur la tenture. Dessous, une t\u00e9l\u00e9vision diffuse des vid\u00e9os informatives d\u00e9crivant ses missions tandis que trois agents \u00e9changent avec des passants. Un simple bonjour pour les uns, un temps de discussion pour les autres.<\/p>\n<p class=\"fs-5 \">\u00ab Ce dispositif s\u2019inscrit dans le cadre d\u2019une action continue, commente le premier adjoint d\u00e9l\u00e9gu\u00e9 \u00e0 la S\u00e9curit\u00e9, Anthony Borr\u00e9. Il y a toujours eu des kiosques de police municipale mobile, sous diff\u00e9rentes formes, afin d\u2019aller dans les quartiers. L\u2019\u00e9t\u00e9 dernier, la Ville a exp\u00e9riment\u00e9 les kiosques multiservices avec la pr\u00e9sence, notamment, d\u2019agents de l\u2019office du tourisme m\u00e9tropolitain. Cela sera d\u2019ailleurs reconduit l\u2019an prochain. \u00bb <\/p>\n<p class=\"fs-5 \">\u00ab Le succ\u00e8s rencontr\u00e9, avec plus de 3600 personnes accueillies en deux mois &#8211; dont les principales demandes relevaient du champ de la police municipale -, a confirm\u00e9 leur utilit\u00e9 et leur pertinence, abonde le maire Christian Estrosi. C\u2019est pourquoi nous avons fait adopter par le conseil municipal du 1er octobre 2025 le d\u00e9ploiement de kiosques mobiles sur trois lieux strat\u00e9giques de la ville : place Garibaldi, Lib\u00e9ration et avenue Jean-M\u00e9decin. \u00bb<\/p>\n<p>        <img src=\"https:\/\/www.europesays.com\/fr\/wp-content\/uploads\/2025\/09\/placeholder-article-nm.jpg\"   loading=\"lazy\" decoding=\"async\" alt=\"\" class=\"img-fluid position-absolute w-100 object-fit-cover rounded-2\" width=\"600\" height=\"400\"\/><\/p>\n<p>                                                                                Des bo\u00eetes \u00e0 id\u00e9es pour d\u00e9poser ses dol\u00e9ances<\/p>\n<p class=\"fs-5 \">Hier matin, les Ni\u00e7ois n\u2019ont pas h\u00e9sit\u00e9 \u00e0 aller saluer les uniformes. Ces derniers r\u00e9pondent \u00e0 toutes sortes d\u2019interrogations. Des choses tr\u00e8s pr\u00e9cises, des situations personnelles mais aussi des questions&#8230; d\u2019avenir. \u00ab C\u2019est l\u2019occasion d\u2019informer sur les modalit\u00e9s d\u2019entr\u00e9e \u00e0 la police municipale car elle recrute, indique Anthony Borr\u00e9. Les agents rappellent aussi le nouveau num\u00e9ro pour les joindre, le 3606, ainsi que la possibilit\u00e9 de passer par l\u2019appli Allo Mairie et de son espace Allo PM. Le dispositif est aussi d\u00e9ploy\u00e9 en ce moment sur les march\u00e9s de la ville en matin\u00e9e. Les passants peuvent d\u00e9poser leurs suggestions pour am\u00e9liorer la s\u00e9curit\u00e9 dans des bo\u00eetes \u00e0 id\u00e9es, sur place. \u00bb <\/p>\n<p class=\"fs-5 \">\u00ab Nous continuons en permanence d\u2019adapter nos dispositifs aux attentes et aux usages des habitants, poursuit le maire. (&#8230;) La s\u00e9curit\u00e9 est avant tout une question de proximit\u00e9 et de lien humain. C\u2019est cette d\u00e9marche d\u2019adaptation et de dialogue que nous poursuivons aujourd\u2019hui. \u00bb<\/p>\n<p>                                                                                Des gardes champ\u00eatres sur la promenade du Paillon<\/p>\n<p class=\"fs-5 \">La police municipale veut aussi montrer sa pr\u00e9sence sur la promenade du Paillon, en particulier sur son prolongement. \u00ab Des agents de surveillance de la voie publique (ASVP) y patrouillent et 35 cam\u00e9ras ainsi que 9 bornes d\u2019appel y ont \u00e9t\u00e9 install\u00e9es. La Ville est aussi en train de recruter huit gardes champ\u00eatres, informe Anthony Borr\u00e9. La diff\u00e9rence avec des policiers municipaux tient dans leurs comp\u00e9tences : les gardes champ\u00eatres ont des pr\u00e9rogatives diff\u00e9rentes, ils peuvent ainsi verbaliser pour des faits d\u2019atteintes \u00e0 l\u2019environnement. \u00bb<\/p>\n<p class=\"fs-5 \">La pr\u00e9sence de ces \u00ab sh\u00e9rifs verts \u00bb en ville, que l\u2019on s\u2019attend davantage \u00e0 croiser en zone rurale, n\u2019est pas antinomique. La ville de Lyon en a par exemple charg\u00e9 de la surveillance de ses parcs, dont celui de la T\u00eate d\u2019Or.<\/p>\n","protected":false},"excerpt":{"rendered":"Un barnum s\u2019est install\u00e9 lundi 22 d\u00e9cembre 2025 au matin sur la place Garibaldi. Son apparence ne laisse&hellip;\n","protected":false},"author":2,"featured_media":617416,"comment_status":"","ping_status":"","sticky":false,"template":"","format":"standard","meta":{"footnotes":""},"categories":[2819],"tags":[1111,11,1777,674,1011,27,12,2401,882,25],"class_list":{"0":"post-617415","1":"post","2":"type-post","3":"status-publish","4":"format-standard","5":"has-post-thumbnail","7":"category-nice","8":"tag-actu","9":"tag-actualites","10":"tag-eu","11":"tag-europe","12":"tag-fr","13":"tag-france","14":"tag-news","15":"tag-nice","16":"tag-provence-alpes-cote-dazur","17":"tag-republique-francaise"},"share_on_mastodon":{"url":"https:\/\/pubeurope.com\/@fr\/115767749781712825","error":""},"_links":{"self":[{"href":"https:\/\/www.europesays.com\/fr\/wp-json\/wp\/v2\/posts\/617415","targetHints":{"allow":["GET"]}}],"collection":[{"href":"https:\/\/www.europesays.com\/fr\/wp-json\/wp\/v2\/posts"}],"about":[{"href":"https:\/\/www.europesays.com\/fr\/wp-json\/wp\/v2\/types\/post"}],"author":[{"embeddable":true,"href":"https:\/\/www.europesays.com\/fr\/wp-json\/wp\/v2\/users\/2"}],"replies":[{"embeddable":true,"href":"https:\/\/www.europesays.com\/fr\/wp-json\/wp\/v2\/comments?post=617415"}],"version-history":[{"count":0,"href":"https:\/\/www.europesays.com\/fr\/wp-json\/wp\/v2\/posts\/617415\/revisions"}],"wp:featuredmedia":[{"embeddable":true,"href":"https:\/\/www.europesays.com\/fr\/wp-json\/wp\/v2\/media\/617416"}],"wp:attachment":[{"href":"https:\/\/www.europesays.com\/fr\/wp-json\/wp\/v2\/media?parent=617415"}],"wp:term":[{"taxonomy":"category","embeddable":true,"href":"https:\/\/www.europesays.com\/fr\/wp-json\/wp\/v2\/categories?post=617415"},{"taxonomy":"post_tag","embeddable":true,"href":"https:\/\/www.europesays.com\/fr\/wp-json\/wp\/v2\/tags?post=617415"}],"curies":[{"name":"wp","href":"https:\/\/api.w.org\/{rel}","templated":true}]}}