{"id":617417,"date":"2025-12-23T07:42:15","date_gmt":"2025-12-23T07:42:15","guid":{"rendered":"https:\/\/www.europesays.com\/fr\/617417\/"},"modified":"2025-12-23T07:42:15","modified_gmt":"2025-12-23T07:42:15","slug":"un-homme-de-36-ans-gravement-blesse-par-un-tir-darme-a-feu","status":"publish","type":"post","link":"https:\/\/www.europesays.com\/fr\/617417\/","title":{"rendered":"un homme de 36 ans gravement bless\u00e9 par un tir d\u2019arme \u00e0 feu"},"content":{"rendered":"<p>                    Par<br \/>\n        <strong><br \/>\n            <a href=\"https:\/\/actu.fr\/auteur\/gwendal-lepriellec\" title=\"Consulter tous les articles de Gwendal Le Priellec\" target=\"_blank\" rel=\"noopener\">Gwendal Le Priellec<\/a><br \/>\n                    <\/strong><\/p>\n<p>        Publi\u00e9 le<\/p>\n<p>            23 d\u00e9c. 2025 \u00e0 8h21        <\/p>\n<p>Les <b>faits <\/b>se sont produits lundi 22\u00a0d\u00e9cembre 2025, peu avant 21\u2009h, \u00e0 <b>Nantes <\/b>(Loire-Atlantique), au niveau de la rue de la Riveterie, dans l\u2019est de la ville.<\/p>\n<p>Nantes\u2009: un homme de 36\u00a0ans gravement bless\u00e9 par un tir d\u2019arme \u00e0 feu<\/p>\n<p class=\" wall-content\">Un homme a \u00e9t\u00e9<b> gravement bless\u00e9<\/b> par une <b>arme \u00e0 feu<\/b>. Il est \u00e2g\u00e9 de 36\u00a0ans.<\/p>\n<p class=\" wall-content\">Il a \u00e9t\u00e9 transport\u00e9 au <b>CHU<\/b> (Centre hospitalier universitaire) de Nantes, accompagn\u00e9 par la <b>police<\/b>. <b>Six sapeurs-pompiers<\/b> sont intervenus sur place pour lui porter secours.<\/p>\n<p class=\" wall-content\">Personnalisez votre actualit\u00e9 en ajoutant vos villes et m\u00e9dias en favori avec <a href=\"https:\/\/moncompte.actu.fr\" title=\"D\u00e9couvez Mon Actu\" rel=\"nofollow noopener\" data-trk=\"{&quot;cta&quot;:{&quot;action&quot;:&quot;https:\\\/\\\/moncompte.actu.fr&quot;,&quot;category&quot;:&quot;mon compte&quot;,&quot;from&quot;:&quot;article footer&quot;,&quot;name&quot;:&quot;Mon actu&quot;,&quot;type&quot;:&quot;cta&quot;}}\" target=\"_blank\">Mon Actu<\/a>.<\/p>\n","protected":false},"excerpt":{"rendered":"Par Gwendal Le Priellec Publi\u00e9 le 23 d\u00e9c. 2025 \u00e0 8h21 Les faits se sont produits lundi 22\u00a0d\u00e9cembre&hellip;\n","protected":false},"author":2,"featured_media":617418,"comment_status":"","ping_status":"","sticky":false,"template":"","format":"standard","meta":{"footnotes":""},"categories":[2818],"tags":[1111,11,7426,1777,674,118,1011,27,766,12,2636,1072,25],"class_list":{"0":"post-617417","1":"post","2":"type-post","3":"status-publish","4":"format-standard","5":"has-post-thumbnail","7":"category-nantes","8":"tag-actu","9":"tag-actualites","10":"tag-chu-de-nantes","11":"tag-eu","12":"tag-europe","13":"tag-faits-divers","14":"tag-fr","15":"tag-france","16":"tag-nantes","17":"tag-news","18":"tag-pays-de-la-loire","19":"tag-police","20":"tag-republique-francaise"},"share_on_mastodon":{"url":"https:\/\/pubeurope.com\/@fr\/115767760988091988","error":""},"_links":{"self":[{"href":"https:\/\/www.europesays.com\/fr\/wp-json\/wp\/v2\/posts\/617417","targetHints":{"allow":["GET"]}}],"collection":[{"href":"https:\/\/www.europesays.com\/fr\/wp-json\/wp\/v2\/posts"}],"about":[{"href":"https:\/\/www.europesays.com\/fr\/wp-json\/wp\/v2\/types\/post"}],"author":[{"embeddable":true,"href":"https:\/\/www.europesays.com\/fr\/wp-json\/wp\/v2\/users\/2"}],"replies":[{"embeddable":true,"href":"https:\/\/www.europesays.com\/fr\/wp-json\/wp\/v2\/comments?post=617417"}],"version-history":[{"count":0,"href":"https:\/\/www.europesays.com\/fr\/wp-json\/wp\/v2\/posts\/617417\/revisions"}],"wp:featuredmedia":[{"embeddable":true,"href":"https:\/\/www.europesays.com\/fr\/wp-json\/wp\/v2\/media\/617418"}],"wp:attachment":[{"href":"https:\/\/www.europesays.com\/fr\/wp-json\/wp\/v2\/media?parent=617417"}],"wp:term":[{"taxonomy":"category","embeddable":true,"href":"https:\/\/www.europesays.com\/fr\/wp-json\/wp\/v2\/categories?post=617417"},{"taxonomy":"post_tag","embeddable":true,"href":"https:\/\/www.europesays.com\/fr\/wp-json\/wp\/v2\/tags?post=617417"}],"curies":[{"name":"wp","href":"https:\/\/api.w.org\/{rel}","templated":true}]}}