{"id":617421,"date":"2025-12-23T07:44:18","date_gmt":"2025-12-23T07:44:18","guid":{"rendered":"https:\/\/www.europesays.com\/fr\/617421\/"},"modified":"2025-12-23T07:44:18","modified_gmt":"2025-12-23T07:44:18","slug":"une-fete-de-fin-dannee-geante-pour-enfants-sinvite-dans-ce-musee-contemporain-de-bordeaux","status":"publish","type":"post","link":"https:\/\/www.europesays.com\/fr\/617421\/","title":{"rendered":"Une f\u00eate de fin d&rsquo;ann\u00e9e g\u00e9ante pour enfants s&rsquo;invite dans ce mus\u00e9e contemporain de Bordeaux"},"content":{"rendered":"<p>Save the date\u00a0! Le 28 d\u00e9cembre sera plac\u00e9 sous le signe des enfants. En pleine p\u00e9riode de vacances scolaires, le CAPC cr\u00e9e l&rsquo;\u00e9v\u00e8nement avec une <strong>journ\u00e9e gratuite pens\u00e9e pour les familles. <\/strong>D\u00e8s 11h, les visiteurs pourront profiter d\u2019un vaste programme entre <strong>ateliers DIY, s\u00e9rigraphie, visites ludiques, chasse au tr\u00e9sor chocolat\u00e9e et acc\u00e8s libre au Cool Kids Space<\/strong>, la galerie permanente des 2\u20138 ans. Une proposition culturelle et familiale rare au c\u0153ur de Bordeaux, qui transforme le mus\u00e9e en v\u00e9ritable terrain d\u2019aventure artistique.<\/p>\n<p><strong data-start=\"982\" data-end=\"1035\">Ateliers, d\u00e9couvertes et festivit\u00e9s familiales<\/strong><\/p>\n<p data-start=\"1037\" data-end=\"1547\">Au fil de la journ\u00e9e, les familles seront invit\u00e9es \u00e0 cr\u00e9er, d\u00e9corer et recycler lors d\u2019<strong>ateliers accessibles en continu<\/strong>. L\u2019association L\u2019Insoleuse animera un atelier de s\u00e9rigraphie pour fabriquer des cartes de v\u0153ux paillet\u00e9es (14h30\u201317h). Les ateliers DIY permettront de r\u00e9aliser guirlandes et d\u00e9corations originales \u00e0 partir de mat\u00e9riaux de r\u00e9cup\u00e9ration.<\/p>\n<p data-start=\"1549\" data-end=\"1914\">Les plus jeunes pourront \u00e9galement participer \u00e0 la <strong>Carte au tr\u00e9sor chocolat\u00e9e<\/strong>, un jeu de piste dans l\u2019exposition, qui se conclura par une r\u00e9compense gourmande. Des visites ludiques \u00c0 l\u2019abordage, adapt\u00e9es selon l\u2019\u00e2ge, les guideront entre cabanes fantastiques, histoires de pirates et \u0153uvres contemporaines.<\/p>\n<p data-start=\"1549\" data-end=\"1914\"><img loading=\"lazy\" decoding=\"async\" src=\"https:\/\/www.europesays.com\/fr\/wp-content\/uploads\/2025\/12\/capc-kids-bordeaux.jpg\" width=\"1000\" height=\"750\" alt=\"capc-kids-bordeaux\"\/><\/p>\n<p><strong data-start=\"1924\" data-end=\"1997\">Le Cool Kids Space\u00a0: un \u00e9tage con\u00e7u pour jouer, explorer et apprendre<\/strong><\/p>\n<p data-start=\"1999\" data-end=\"2436\">Pens\u00e9 par l\u2019artiste Mathis Collins, le Cool Kids Space offre une exp\u00e9rience immersive unique. <strong>Toboggan d\u2019entr\u00e9e, installations interactives, jardin pour tout-petits, livres g\u00e9ants, espace de construction en mousse<\/strong>\u00a0: l\u2019ensemble forme un univers artistique o\u00f9 les enfants exp\u00e9rimentent librement, entre jeu, narration et expression sensorielle.<\/p>\n<p data-start=\"1999\" data-end=\"2436\">Le Capc Kids s\u2019\u00e9tend \u00e9galement sur tout un \u00e9tage avec des <strong>coins lecture, coloriage, un cycle de films courts<\/strong> (Vid\u00e9odrame Kids), les terrasses ext\u00e9rieures pour une pause au soleil, et les Ateliers du regard propos\u00e9s toute l\u2019ann\u00e9e.<\/p>\n<p data-start=\"1999\" data-end=\"2436\"><img loading=\"lazy\" decoding=\"async\" src=\"https:\/\/www.europesays.com\/fr\/wp-content\/uploads\/2025\/12\/musee-enfants-bordeaux.jpg\" width=\"1000\" height=\"1250\" alt=\"musee-enfants-bordeaux\"\/><\/p>\n<p><strong data-start=\"2681\" data-end=\"2725\">Un Caf\u00e9 du Mus\u00e9e ouvert aux familles<\/strong><\/p>\n<p data-start=\"2727\" data-end=\"3010\">Le Caf\u00e9 du Mus\u00e9e by Vivants sera ouvert toute la journ\u00e9e, avec<strong> brunch, d\u00e9jeuner ou go\u00fbter disponibles dans un espace kids-friendly<\/strong> sp\u00e9cialement imagin\u00e9 pour les familles. Une halte id\u00e9ale entre deux ateliers ou apr\u00e8s une matin\u00e9e d\u2019exploration artistique.<\/p>\n<p data-start=\"2727\" data-end=\"3010\"><img loading=\"lazy\" decoding=\"async\" src=\"https:\/\/www.europesays.com\/fr\/wp-content\/uploads\/2025\/12\/capc-enfants.jpg\" width=\"1000\" height=\"1260\" alt=\"capc-enfants\"\/><\/p>\n<p>CAPC Mus\u00e9e d&rsquo;art Contemporain de Bordeaux<\/p>\n<li class=\"opening-hours\">Mardi &#8211; dimanche : 11:00 &#8211; 18:00<\/li>\n<li class=\"opening-hours close\">Lundi : Ferm\u00e9<\/li>\n","protected":false},"excerpt":{"rendered":"Save the date\u00a0! Le 28 d\u00e9cembre sera plac\u00e9 sous le signe des enfants. En pleine p\u00e9riode de vacances&hellip;\n","protected":false},"author":2,"featured_media":617422,"comment_status":"","ping_status":"","sticky":false,"template":"","format":"standard","meta":{"footnotes":""},"categories":[2817],"tags":[1111,11,1997,1777,674,1011,27,12,2219,25],"class_list":{"0":"post-617421","1":"post","2":"type-post","3":"status-publish","4":"format-standard","5":"has-post-thumbnail","7":"category-bordeaux","8":"tag-actu","9":"tag-actualites","10":"tag-bordeaux","11":"tag-eu","12":"tag-europe","13":"tag-fr","14":"tag-france","15":"tag-news","16":"tag-nouvelle-aquitaine","17":"tag-republique-francaise"},"share_on_mastodon":{"url":"https:\/\/pubeurope.com\/@fr\/115767769532919660","error":""},"_links":{"self":[{"href":"https:\/\/www.europesays.com\/fr\/wp-json\/wp\/v2\/posts\/617421","targetHints":{"allow":["GET"]}}],"collection":[{"href":"https:\/\/www.europesays.com\/fr\/wp-json\/wp\/v2\/posts"}],"about":[{"href":"https:\/\/www.europesays.com\/fr\/wp-json\/wp\/v2\/types\/post"}],"author":[{"embeddable":true,"href":"https:\/\/www.europesays.com\/fr\/wp-json\/wp\/v2\/users\/2"}],"replies":[{"embeddable":true,"href":"https:\/\/www.europesays.com\/fr\/wp-json\/wp\/v2\/comments?post=617421"}],"version-history":[{"count":0,"href":"https:\/\/www.europesays.com\/fr\/wp-json\/wp\/v2\/posts\/617421\/revisions"}],"wp:featuredmedia":[{"embeddable":true,"href":"https:\/\/www.europesays.com\/fr\/wp-json\/wp\/v2\/media\/617422"}],"wp:attachment":[{"href":"https:\/\/www.europesays.com\/fr\/wp-json\/wp\/v2\/media?parent=617421"}],"wp:term":[{"taxonomy":"category","embeddable":true,"href":"https:\/\/www.europesays.com\/fr\/wp-json\/wp\/v2\/categories?post=617421"},{"taxonomy":"post_tag","embeddable":true,"href":"https:\/\/www.europesays.com\/fr\/wp-json\/wp\/v2\/tags?post=617421"}],"curies":[{"name":"wp","href":"https:\/\/api.w.org\/{rel}","templated":true}]}}