{"id":617427,"date":"2025-12-23T07:48:17","date_gmt":"2025-12-23T07:48:17","guid":{"rendered":"https:\/\/www.europesays.com\/fr\/617427\/"},"modified":"2025-12-23T07:48:17","modified_gmt":"2025-12-23T07:48:17","slug":"orientation-rendez-vous-en-janvier-au-salon-du-lyceen-et-de-letudiant-a-amiens-et-a-lille","status":"publish","type":"post","link":"https:\/\/www.europesays.com\/fr\/617427\/","title":{"rendered":"Orientation : rendez-vous en janvier au Salon du lyc\u00e9en et de l\u2019\u00e9tudiant, \u00e0 Amiens et \u00e0 Lille"},"content":{"rendered":"<p>Le Salon du lyc\u00e9en et de l\u2019\u00e9tudiant constitue un v\u00e9ritable temps fort pour pr\u00e9parer son avenir. Les participants peuvent y b\u00e9n\u00e9ficier d\u2019un accompagnement sur Parcoursup, \u00e9changer avec des professionnels de l\u2019\u00e9ducation et assister \u00e0 des conf\u00e9rences et ateliers anim\u00e9s par les experts de L\u2019\u00c9tudiant afin d\u2019approfondir les enjeux de l\u2019orientation et des \u00e9tudes sup\u00e9rieures.<\/p>\n<p>Une porte ouverte sur votre avenir professionnel<\/p>\n<p>Que vous soyez int\u00e9ress\u00e9 par les formations scientifiques, artistiques, techniques ou encore par des cursus en alternance, les salons vous permettront de d\u00e9couvrir toutes les options possibles. C\u2019est aussi une excellente opportunit\u00e9 pour commencer \u00e0 b\u00e2tir votre r\u00e9seau professionnel en \u00e9changeant avec des anciens \u00e9l\u00e8ves, des recruteurs ou des responsables d\u2019organismes.<\/p>\n<p>\u00c0 Amiens du 09 au 10 janvier<\/p>\n<p><a href=\"https:\/\/salon-du-lyceen-et-de-l-etudiant-amiens.salon.letudiant.fr\/\" target=\"_blank\" rel=\"noopener\">Inscrivez-vous au salon<\/a><\/p>\n<p><a href=\"https:\/\/salon-du-lyceen-et-de-l-etudiant-amiens.salon.letudiant.fr\/registration\/6880f4a7866dcbe3d50f24f3?force_new_registration=false\" target=\"_blank\" rel=\"noopener\">Inscrivez un groupe scolaire<\/a><\/p>\n<p>\u00c0 Lille du 15 au 17 janvier<\/p>\n<p><a href=\"https:\/\/salon-du-lyceen-et-de-l-etudiant-lille.salon.letudiant.fr\/\" target=\"_blank\" rel=\"noopener\">Inscrivez-vous au salon<\/a><\/p>\n<p><a href=\"https:\/\/salon-du-lyceen-et-de-l-etudiant-lille.salon.letudiant.fr\/registration\/6880f533cb9ba97ac1c3b09d?force_new_registration=false\" target=\"_blank\" rel=\"noopener\">Inscrivez un groupe scolaire<\/a><\/p>\n<p>L\u2019entr\u00e9e est gratuite et accessible \u00e0 tous. N\u2019oubliez pas de vous inscrire en ligne pour acc\u00e9der rapidement aux conf\u00e9rences et ateliers qui vous int\u00e9ressent.<\/p>\n<p>La R\u00e9gion pr\u00e9sente sur les deux salons<\/p>\n<p>Sur chacun de ces deux salons, la R\u00e9gion disposera d\u2019un stand.<\/p>\n<p>Prenez votre avenir en main d\u00e8s aujourd\u2019hui et venez d\u00e9couvrir toutes les cl\u00e9s pour r\u00e9ussir vos \u00e9tudes et votre carri\u00e8re professionnelle.<\/p>\n<p>Allez-y en TER, gr\u00e2ce \u00e0 la R\u00e9gion !<\/p>\n<p>Profitez des petits prix d\u00e8s 2\u20ac pour vous rendre au salon de l\u2019\u00e9tudiant \u00e0 Lille et \u00e0 Amiens !<\/p>\n<p>Pour le salon \u00e0 Lille, TER propose des petits prix pour se rendre \u00e0 l\u2019\u00e9v\u00e8nement en fonction de la distance parcourue au d\u00e9part de toutes les gares des Hauts-de-France vers Lille.<br \/><a href=\"https:\/\/www.ter.sncf.com\/hauts-de-france\/bons-plans\/salon-etudiant-lille\" target=\"_blank\" rel=\"noopener\">Plus d\u2019infos.<\/a><\/p>\n<p>Pour le salon \u00e0 Amiens, TER propose des petits prix pour se rendre \u00e0 l\u2019\u00e9v\u00e8nement en fonction de la distance parcourue au d\u00e9part de toutes les gares des Hauts-de-France vers Amiens.<br \/><a href=\"https:\/\/www.ter.sncf.com\/hauts-de-france\/bons-plans\/salon-etudiant-amiens\" target=\"_blank\" rel=\"noopener\">Plus d\u2019infos.<\/a><\/p>\n<p>Cet article <a href=\"https:\/\/www.hautsdefrance.fr\/orientation-rendez-vous-en-janvier-au-salon-du-lyceen-et-de-letudiant-a-amiens-et-a-lille\/\" target=\"_blank\" rel=\"noopener\">Orientation : rendez-vous en janvier au Salon du lyc\u00e9en et de l\u2019\u00e9tudiant, \u00e0 Amiens et \u00e0 Lille<\/a> est apparu en premier sur <a href=\"https:\/\/www.hautsdefrance.fr\" target=\"_blank\" rel=\"noopener\">R\u00e9gion Hauts-de-France<\/a>.<\/p>\n<p><a href=\"https:\/\/www.hautsdefrance.fr\/orientation-rendez-vous-en-janvier-au-salon-du-lyceen-et-de-letudiant-a-amiens-et-a-lille\/\" target=\"_blank\" rel=\"noopener\">Lire l\u2019article original sur hautsdefrance.fr<\/a><\/p>\n","protected":false},"excerpt":{"rendered":"Le Salon du lyc\u00e9en et de l\u2019\u00e9tudiant constitue un v\u00e9ritable temps fort pour pr\u00e9parer son avenir. Les participants&hellip;\n","protected":false},"author":2,"featured_media":617428,"comment_status":"","ping_status":"","sticky":false,"template":"","format":"standard","meta":{"footnotes":""},"categories":[2815],"tags":[1111,11,5344,6379,1777,674,1119,1011,27,811,1307,15387,12,25],"class_list":{"0":"post-617427","1":"post","2":"type-post","3":"status-publish","4":"format-standard","5":"has-post-thumbnail","7":"category-lille","8":"tag-actu","9":"tag-actualites","10":"tag-alternance","11":"tag-etudiants","12":"tag-eu","13":"tag-europe","14":"tag-formation","15":"tag-fr","16":"tag-france","17":"tag-hauts-de-france","18":"tag-lille","19":"tag-lyceens","20":"tag-news","21":"tag-republique-francaise"},"share_on_mastodon":{"url":"https:\/\/pubeurope.com\/@fr\/115767784604297797","error":""},"_links":{"self":[{"href":"https:\/\/www.europesays.com\/fr\/wp-json\/wp\/v2\/posts\/617427","targetHints":{"allow":["GET"]}}],"collection":[{"href":"https:\/\/www.europesays.com\/fr\/wp-json\/wp\/v2\/posts"}],"about":[{"href":"https:\/\/www.europesays.com\/fr\/wp-json\/wp\/v2\/types\/post"}],"author":[{"embeddable":true,"href":"https:\/\/www.europesays.com\/fr\/wp-json\/wp\/v2\/users\/2"}],"replies":[{"embeddable":true,"href":"https:\/\/www.europesays.com\/fr\/wp-json\/wp\/v2\/comments?post=617427"}],"version-history":[{"count":0,"href":"https:\/\/www.europesays.com\/fr\/wp-json\/wp\/v2\/posts\/617427\/revisions"}],"wp:featuredmedia":[{"embeddable":true,"href":"https:\/\/www.europesays.com\/fr\/wp-json\/wp\/v2\/media\/617428"}],"wp:attachment":[{"href":"https:\/\/www.europesays.com\/fr\/wp-json\/wp\/v2\/media?parent=617427"}],"wp:term":[{"taxonomy":"category","embeddable":true,"href":"https:\/\/www.europesays.com\/fr\/wp-json\/wp\/v2\/categories?post=617427"},{"taxonomy":"post_tag","embeddable":true,"href":"https:\/\/www.europesays.com\/fr\/wp-json\/wp\/v2\/tags?post=617427"}],"curies":[{"name":"wp","href":"https:\/\/api.w.org\/{rel}","templated":true}]}}