{"id":617429,"date":"2025-12-23T07:49:12","date_gmt":"2025-12-23T07:49:12","guid":{"rendered":"https:\/\/www.europesays.com\/fr\/617429\/"},"modified":"2025-12-23T07:49:12","modified_gmt":"2025-12-23T07:49:12","slug":"apres-48-ans-dabandon-lavenir-se-dessine-pour-leglise-saint-martin-darenc-a-marseille","status":"publish","type":"post","link":"https:\/\/www.europesays.com\/fr\/617429\/","title":{"rendered":"Apr\u00e8s 48\u00a0ans d&rsquo;abandon, l&rsquo;avenir se dessine pour l&rsquo;\u00e9glise Saint-Martin-d&rsquo;Arenc \u00e0 Marseille"},"content":{"rendered":"<p>C\u2019est peut-\u00eatre le happy end <a href=\"https:\/\/www.laprovence.com\/article\/region\/30928466977190\/leglise-darenc-a-marseille-entrevoit-un-avenir-apres-40-ans-doubli\" target=\"_blank\" rel=\"noopener\">d\u2019un feuilleton long de plus de 48\u00a0ans<\/a>. Apr\u00e8s sa fermeture en\u00a01977, son rachat par le D\u00e9partement en\u00a02018 puis sa cession avort\u00e9e en\u00a02022 suite \u00e0 la fronde des riverains, un avenir se dessine enfin pour l\u2019\u00e9glise Saint-Martin-d\u2019Arenc (2e).<\/p>\n<p>Apr\u00e8s plusieurs semaines de concertation avec les <a href=\"https:\/\/www.laprovence.com\/article\/region\/3792713937590215\/eglise-saint-martin-darenc-a-vendre-les-riverains-se-mobilisent\" target=\"_blank\" rel=\"noopener\">associations d\u2019habitants et des riverains<\/a>, une premi\u00e8re r\u00e9union publique rendait compte, mi-d\u00e9cembre, des avanc\u00e9es du projet de r\u00e9habilitation de cet \u00e9difice n\u00e9oroman, \u00e9difi\u00e9 en\u00a01913 par l\u2019architecte Th\u00e9ophile Dupoux, \u00e9galement auteur du Sacr\u00e9-C\u0153ur sur le Prado.<\/p>\n<p>8\u00a0millions de travaux pour le confortement<\/p>\n<p>Dans le secteur d\u2019Eurom\u00e9diterran\u00e9e, o\u00f9 les vestiges patrimoniaux se font rares, l\u2019enjeu pour le D\u00e9partement est donc de conserver le site, sans avoir \u00e0 en assurer la gestion et l\u2019exploitation sur le long terme.<\/p>\n<p>Pour cela, il faut d\u2019abord conforter une structure qui a montr\u00e9 des signes de fragilit\u00e9 au cours des derni\u00e8res ann\u00e9es. \u00ab\u00a0Tous les travaux de confortement\u00a0et de r\u00e9habilitation seront pris en charge par le D\u00e9partement, avec un budget \u00e9valu\u00e9 \u00e0 8\u00a0millions d\u2019euros, confirme <a href=\"https:\/\/www.laprovence.com\/article\/politique\/62245048377118\/marseille-confidentiels-faux-compte-de-soutien-de-lr-a-franck-allisio-laure-agnes-caradec-saisit-le-parti\" target=\"_blank\" rel=\"noopener\">Laure-Agn\u00e8s Caradec, conseill\u00e8re d\u00e9partementale (LR)<\/a> en charge de l\u2019urbanisme et ancienne pr\u00e9side&#8230;<\/p>\n","protected":false},"excerpt":{"rendered":"C\u2019est peut-\u00eatre le happy end d\u2019un feuilleton long de plus de 48\u00a0ans. Apr\u00e8s sa fermeture en\u00a01977, son rachat&hellip;\n","protected":false},"author":2,"featured_media":617430,"comment_status":"","ping_status":"","sticky":false,"template":"","format":"standard","meta":{"footnotes":""},"categories":[2814],"tags":[17,72784,1111,11,150,72785,23196,1777,674,1011,27,28344,22193,884,12,471,882,16,25],"class_list":{"0":"post-617429","1":"post","2":"type-post","3":"status-publish","4":"format-standard","5":"has-post-thumbnail","7":"category-marseille","8":"tag-17","9":"tag-48-ans","10":"tag-actu","11":"tag-actualites","12":"tag-apres","13":"tag-dabandon","14":"tag-dessine","15":"tag-eu","16":"tag-europe","17":"tag-fr","18":"tag-france","19":"tag-lavenir","20":"tag-leglise","21":"tag-marseille","22":"tag-news","23":"tag-pour","24":"tag-provence-alpes-cote-dazur","25":"tag-region","26":"tag-republique-francaise"},"share_on_mastodon":{"url":"https:\/\/pubeurope.com\/@fr\/115767788483439940","error":""},"_links":{"self":[{"href":"https:\/\/www.europesays.com\/fr\/wp-json\/wp\/v2\/posts\/617429","targetHints":{"allow":["GET"]}}],"collection":[{"href":"https:\/\/www.europesays.com\/fr\/wp-json\/wp\/v2\/posts"}],"about":[{"href":"https:\/\/www.europesays.com\/fr\/wp-json\/wp\/v2\/types\/post"}],"author":[{"embeddable":true,"href":"https:\/\/www.europesays.com\/fr\/wp-json\/wp\/v2\/users\/2"}],"replies":[{"embeddable":true,"href":"https:\/\/www.europesays.com\/fr\/wp-json\/wp\/v2\/comments?post=617429"}],"version-history":[{"count":0,"href":"https:\/\/www.europesays.com\/fr\/wp-json\/wp\/v2\/posts\/617429\/revisions"}],"wp:featuredmedia":[{"embeddable":true,"href":"https:\/\/www.europesays.com\/fr\/wp-json\/wp\/v2\/media\/617430"}],"wp:attachment":[{"href":"https:\/\/www.europesays.com\/fr\/wp-json\/wp\/v2\/media?parent=617429"}],"wp:term":[{"taxonomy":"category","embeddable":true,"href":"https:\/\/www.europesays.com\/fr\/wp-json\/wp\/v2\/categories?post=617429"},{"taxonomy":"post_tag","embeddable":true,"href":"https:\/\/www.europesays.com\/fr\/wp-json\/wp\/v2\/tags?post=617429"}],"curies":[{"name":"wp","href":"https:\/\/api.w.org\/{rel}","templated":true}]}}