{"id":617431,"date":"2025-12-23T07:50:13","date_gmt":"2025-12-23T07:50:13","guid":{"rendered":"https:\/\/www.europesays.com\/fr\/617431\/"},"modified":"2025-12-23T07:50:13","modified_gmt":"2025-12-23T07:50:13","slug":"a-marseille-riches-vacances-scolaires-dans-les-musees","status":"publish","type":"post","link":"https:\/\/www.europesays.com\/fr\/617431\/","title":{"rendered":"\u00c0 Marseille, riches vacances scolaires dans les mus\u00e9es"},"content":{"rendered":"\n<p>Alors que l\u2019hiver d\u00e9marre et les frimas poussent \u00e0 la paresse, pourquoi ne pas aller faire un tour au mus\u00e9e afin d\u2019\u00e9viter que les minots ne tournent trop en rond ou qu\u2019ils fassent une pause dans leur d\u00e9glutition de friandises\u00a0? Au Mucem, plus qu\u2019une quinzaine de jours pour aller s\u2019alanguir et s\u2019instruire devant Lire le ciel. Une exposition qui retrace l\u2019histoire du regard port\u00e9 sur les \u00e9toiles depuis l\u2019Antiquit\u00e9. C\u2019est dans ce cadre que le mus\u00e9e de soci\u00e9t\u00e9 marseillais propose une s\u00e9rie d\u2019activit\u00e9s d\u00e9di\u00e9es \u00e0 la jeunesse jusqu\u2019au 4\u00a0janvier. Tandis que des visites guid\u00e9es et cont\u00e9es plongeant les enfants, d\u00e8s 4 ans, dans les mythes stellaires et autres \u00ab\u00a0histoires astrologiques\u00a0\u00bb auront lieu du 26\u00a0d\u00e9cembre au 3\u00a0janvier, le Mucem accueillera aussi \u00e0 deux reprises Nadir. Un spectacle \u00ab\u00a0po\u00e9tique et sensoriel\u00a0\u00bb avec projections d\u2019\u00ab\u00a0images c\u00e9lestes\u00a0\u00bb dans les pas d\u2019une petite fille qui \u00ab\u00a0\u00e9tudie le ciel et les constellations pour surmonter sa peur du noir\u00a0\u00bb. Car Nadir d\u00e9signe par ailleurs, indique le programme, \u00ab\u00a0\u00e0 la fois le point oppos\u00e9 au z\u00e9nith en astronomie et un pr\u00e9nom d\u2019origine arabe signifiant celui qui avertit\u00a0\u00bb. Nimb\u00e9 de l\u2019univers des musiques proche-orientales, un voyage dans les \u00e9toiles guid\u00e9 par Elsa Hourcade et ses cinq \u00e9quipiers. Le mus\u00e9e dentel\u00e9 situ\u00e9 sur le J4 sera aussi habit\u00e9 par les \u00e9toiles, le 31\u00a0d\u00e9cembre \u00e0 15h, avec la conf\u00e9rence spectacle Raoul Lala et les myst\u00e8res du ciel, dans laquelle cette marionnette marseillaise \u00ab\u00a0anime une dr\u00f4le de conf\u00e9rence en direct des \u00e9toiles pour raconter aux enfants l\u2019exposition\u00a0\u00bb.<\/p>\n<p> De Bor\u00e9ly au Mus\u00e9um\n              <\/p>\n<p>En ce qui concerne le r\u00e9seau municipal des mus\u00e9es de Marseille, les propositions sont aussi nombreuses. C\u2019est au Ch\u00e2teau Bor\u00e9ly qu\u2019on en compte le plus avec un panel d\u2019activit\u00e9s s\u2019inscrivant dans le sillage de l\u2019exposition Infiniment bleu, qui explore l\u2019histoire de cette couleur du XVIIIe \u00e0 nos jours \u00e0 travers la mode, la fa\u00efence, les arts graphiques et les bijoux. Prochain rendez-vous mardi 23\u00a0d\u00e9cembre \u00e0 10h avec l\u2019atelier ludique \u00ab\u00a0M\u00e9mo, loto &amp; co\u00a0\u00bb qui invite les tout-petits \u00e0 user de leurs \u00ab\u00a0capacit\u00e9s d\u2019observation\u00a0\u00bb en \u00ab\u00a0jouant au c\u0153ur\u00a0\u00bb du parcours. Le samedi 27\u00a0d\u00e9cembre, les minots pourront aussi participer aux Olympiades d\u2019Apollon, jeu de l\u2019oie g\u00e9ant d\u00e9ploy\u00e9 dans ce ch\u00e2teau o\u00f9 se cache \u00ab\u00a0un cort\u00e8ge de nymphes, muses et autres divinit\u00e9s de l\u2019Olympe\u00a0\u00bb. Sous le nom de Sacrebleu, des visites guid\u00e9es, parsem\u00e9es de jeux et devinettes, auront \u00e9galement lieu le 23\u00a0d\u00e9cembre.<\/p>\n<p>Du c\u00f4t\u00e9 du Mus\u00e9um d\u2019histoire naturelle, la visite valait d\u00e9j\u00e0 le coup pour <a href=\"https:\/\/www.lamarseillaise.fr\/culture\/alice-au-pays-des-merveilles-et-du-bestiaire-du-museum-MI19334923\" target=\"_blank\" rel=\"noopener\">l\u2019exposition Ali\u00e7e et les dr\u00f4les d\u2019oiseaux, qu\u2019il abrite depuis quelques jours<\/a>. Une triple plong\u00e9e dans l\u2019univers du roman de Lewis Caroll Alice au pays des merveilles, dans celui du plasticien qui la r\u00e9alise, Bernard Brian\u00e7on, ainsi que dans les collections du Mus\u00e9um. En plus de cela, un spectacle de contes y sera programm\u00e9 les 24 et 26\u00a0d\u00e9cembre \u00e0 10h, autour des Nouvelles aventures d\u2019Alice de Suzanne Barbaroux. Des visites \u00ab\u00a0flash\u00a0\u00bb de ce parcours aux accents d\u00e9licieusement surann\u00e9s et po\u00e9tiques, ainsi qu\u2019une s\u00e9rie de \u00ab\u00a0Petits jeux du Mus\u00e9um\u00a0\u00bb, quizz ayant trait \u00e0 l\u2019exposition ont aussi lieu tous les jours jusqu\u2019au 4\u00a0janvier, except\u00e9 les 25\u00a0d\u00e9cembre et 1er\u00a0janvier.<\/p>\n<p>D\u2019autres mus\u00e9es municipaux offriront eux aussi quelques activit\u00e9s, mais dans une moindre mesure parmi lesquels celui des Beaux-Arts et son \u00ab\u00a0Myst\u00e8re au mus\u00e9e\u00a0\u00bb, jeu de piste autour de ses tr\u00e9sors cach\u00e9s.<\/p>\n","protected":false},"excerpt":{"rendered":"Alors que l\u2019hiver d\u00e9marre et les frimas poussent \u00e0 la paresse, pourquoi ne pas aller faire un tour&hellip;\n","protected":false},"author":2,"featured_media":617432,"comment_status":"","ping_status":"","sticky":false,"template":"","format":"standard","meta":{"footnotes":""},"categories":[2814],"tags":[1111,11,1777,674,1011,27,884,12,882,25,3176],"class_list":{"0":"post-617431","1":"post","2":"type-post","3":"status-publish","4":"format-standard","5":"has-post-thumbnail","7":"category-marseille","8":"tag-actu","9":"tag-actualites","10":"tag-eu","11":"tag-europe","12":"tag-fr","13":"tag-france","14":"tag-marseille","15":"tag-news","16":"tag-provence-alpes-cote-dazur","17":"tag-republique-francaise","18":"tag-vacances-scolaires"},"share_on_mastodon":{"url":"https:\/\/pubeurope.com\/@fr\/115767792394243423","error":""},"_links":{"self":[{"href":"https:\/\/www.europesays.com\/fr\/wp-json\/wp\/v2\/posts\/617431","targetHints":{"allow":["GET"]}}],"collection":[{"href":"https:\/\/www.europesays.com\/fr\/wp-json\/wp\/v2\/posts"}],"about":[{"href":"https:\/\/www.europesays.com\/fr\/wp-json\/wp\/v2\/types\/post"}],"author":[{"embeddable":true,"href":"https:\/\/www.europesays.com\/fr\/wp-json\/wp\/v2\/users\/2"}],"replies":[{"embeddable":true,"href":"https:\/\/www.europesays.com\/fr\/wp-json\/wp\/v2\/comments?post=617431"}],"version-history":[{"count":0,"href":"https:\/\/www.europesays.com\/fr\/wp-json\/wp\/v2\/posts\/617431\/revisions"}],"wp:featuredmedia":[{"embeddable":true,"href":"https:\/\/www.europesays.com\/fr\/wp-json\/wp\/v2\/media\/617432"}],"wp:attachment":[{"href":"https:\/\/www.europesays.com\/fr\/wp-json\/wp\/v2\/media?parent=617431"}],"wp:term":[{"taxonomy":"category","embeddable":true,"href":"https:\/\/www.europesays.com\/fr\/wp-json\/wp\/v2\/categories?post=617431"},{"taxonomy":"post_tag","embeddable":true,"href":"https:\/\/www.europesays.com\/fr\/wp-json\/wp\/v2\/tags?post=617431"}],"curies":[{"name":"wp","href":"https:\/\/api.w.org\/{rel}","templated":true}]}}