{"id":617438,"date":"2025-12-23T07:56:36","date_gmt":"2025-12-23T07:56:36","guid":{"rendered":"https:\/\/www.europesays.com\/fr\/617438\/"},"modified":"2025-12-23T07:56:36","modified_gmt":"2025-12-23T07:56:36","slug":"mercato-paris-fc-avec-jusqua-cinq-renforts-attendus-le-promu-parisien-est-decide-a-frapper-fort-cet-hiver","status":"publish","type":"post","link":"https:\/\/www.europesays.com\/fr\/617438\/","title":{"rendered":"Mercato Paris FC\u00a0: avec jusqu\u2019\u00e0 cinq renforts attendus, le promu parisien est d\u00e9cid\u00e9 \u00e0 frapper fort cet hiver"},"content":{"rendered":"<p class=\"paragraph text_align_left lp-f-body-02\">Le 4\u00a0janvier prochain, pour affronter le <a href=\"https:\/\/www.leparisien.fr\/sports\/football\/psg\/\" target=\"_blank\" rel=\"noreferrer noopener\">PSG <\/a>dans un derby historique, il y aura peut-\u00eatre d\u00e9j\u00e0 une recrue dans le groupe du <a href=\"https:\/\/www.leparisien.fr\/sports\/football\/paris-fc\/\" target=\"_self\" rel=\"noopener\">Paris FC. <\/a>Le mercato d\u00e9butant le 1er\u00a0janvier, il faudra faire vite pour le qualifier. Mais du c\u00f4t\u00e9 du staff, de la direction sportive et des dirigeants, on s\u2019active dans ce sens depuis plusieurs semaines d\u00e9j\u00e0.<\/p>\n<p class=\"\">Les vacances de No\u00ebl s\u2019annoncent courtes et anim\u00e9es par les \u00e9changes t\u00e9l\u00e9phoniques. La reprise de l\u2019entra\u00eenement est fix\u00e9e au lundi 29\u00a0d\u00e9cembre.<\/p>\n<p class=\"\">\u00ab\u00a0\u00c7a fait partie de notre m\u00e9tier, reconna\u00eet St\u00e9phane Gilli. Apr\u00e8s, le mercato ne va pas commencer l\u00e0, on a d\u00e9j\u00e0 commenc\u00e9 \u00e0 travailler en amont depuis un moment avec nos dirigeants. On va finaliser tout \u00e7a.\u00a0\u00bb<\/p>\n<p class=\"\"><a href=\"https:\/\/www.leparisien.fr\/sports\/football\/coupe-d-afrique-des-nations\/\" target=\"_self\" rel=\"noopener\">La CAN <\/a>pour laquelle cinq joueurs sont concern\u00e9s (Kebbal, Chergui, Simon, Krasso, Traor\u00e9) impactera les deux derbys face au PSG, en <a href=\"https:\/\/www.leparisien.fr\/sports\/football\/ligue-1\/\" target=\"_blank\" rel=\"noreferrer noopener\">Ligue\u00a01<\/a> et en <a href=\"https:\/\/www.leparisien.fr\/sports\/football\/coupe-de-france-derby-parisien-entre-le-psg-et-le-pfc-au-parc-montreuil-face-a-amiens-le-tirage-au-sort-des-16es-21-12-2025-YCQQYG6M4JCSNHQCOHNX2KC7PY.php\" target=\"_blank\" rel=\"noreferrer noopener\">16e de finale de Coupe de France<\/a> la semaine d\u2019apr\u00e8s, et peut-\u00eatre le d\u00e9placement \u00e0 Nantes le 18\u00a0janvier en cas de pr\u00e9sence d\u2019une s\u00e9lection dans le dernier carr\u00e9. Mais au-del\u00e0 de \u00e7a, le Paris FC a l\u2019obligation de se renforcer eu \u00e9gard \u00e0 <a href=\"https:\/\/www.leparisien.fr\/sports\/football\/ligue-1\/classement\/\" target=\"_blank\" rel=\"noreferrer noopener\">son classement en Championnat<\/a> (14e avec 4 points d\u2019avance sur Auxerre, 16e et barragiste).<\/p>\n<p class=\"\">Le staff et la direction ont compris qu\u2019avec ce groupe qui a montr\u00e9 ses limites, le maintien \u00ab\u00a0tranquille\u00a0\u00bb, l\u2019objectif du d\u00e9but de saison, risquait de se transformer en lutte ind\u00e9cise jusqu\u2019au mois de mai.<\/p>\n<p>Des pr\u00eats avec option d\u2019achat sont \u00e0 l\u2019\u00e9tude<\/p>\n<p class=\"\"><a href=\"https:\/\/www.leparisien.fr\/sports\/football\/ligue-1\/si-on-ne-se-reveille-pas-ca-va-devenir-grave-balaye-par-toulouse-0-3-le-paris-fc-en-pleine-zone-de-turbulences-14-12-2025-3V6A6XB24BAHZOCOXBLP7PYXPU.php\" target=\"_self\" rel=\"noopener\">Les derni\u00e8res prestations, assez inqui\u00e9tantes sur la forme,<\/a> ont aussi contribu\u00e9 \u00e0 revoir \u00e0 la hausse les plans initiaux. Oubli\u00e9 les trois joueurs vis\u00e9s au d\u00e9part, c\u2019est au moins cinq qu\u2019on devrait voir d\u00e9barquer au centre d\u2019entra\u00eenement d\u2019Orly. Le Paris FC sera donc sans doute le club de Ligue\u00a01 qui se montrera le plus actif au mois de janvier, pour se renforcer mais aussi pour corriger les rat\u00e9s ou les non-venues du mercato estival.<\/p>\n<p class=\"\">Les deux postes qui n\u2019avaient pas \u00e9t\u00e9 pourvus sont ceux d\u2019avant-centre et de milieu au profil athl\u00e9tique. Ce seront encore les priorit\u00e9s, surtout l\u2019attaquant de pointe, un poste auquel Willem Geubbels et Jean-Philippe Krasso (2 buts chacun) ont d\u00e9\u00e7u. Mais tous les secteurs de jeu sont en r\u00e9flexion. Un attaquant de c\u00f4t\u00e9 devrait ainsi \u00e9galement arriver pour donner davantage de concurrence \u00e0 Moses Simon et \u00e0 <a href=\"https:\/\/www.leparisien.fr\/sports\/football\/paris-fc\/le-bilan-ne-se-fait-pas-sur-un-match-auteur-dun-triple-en-coupe-jonathan-ikone-se-remet-en-jeu-20-12-2025-RSIGT27C5VBHRHZYG4XDR3FZGM.php\" target=\"_self\" rel=\"noopener\">Jonathan Ikon\u00e9, m\u00eame si son tripl\u00e9 inscrit samedi \u00e0 Raon-l\u2019\u00c9tape <\/a>montre qu\u2019il est sur la bonne voie.<\/p>\n<p class=\"\">Le Paris FC pourrait \u00e9galement recruter deux milieux. En d\u00e9fense, il a une r\u00e9flexion sur les postes de lat\u00e9ral droit et de d\u00e9fenseur central. Un concurrent \u00e0 Hamari Traor\u00e9 \u00e0 droite pourrait ainsi arriver. Les difficult\u00e9s du Br\u00e9silien Otavio pourraient aussi pousser les dirigeants \u00e0 recruter un d\u00e9fenseur central suppl\u00e9mentaire. Mais le club ne veut pas condamner non plus les recrues arriv\u00e9es cet \u00e9t\u00e9 et souhaite am\u00e9liorer leur accompagnement.<\/p>\n<p class=\"\">Ces derniers jours, les r\u00e9unions de scouting autour du directeur sportif Marco Neppe et de son adjoint Quentin Rauzier se sont intensifi\u00e9s. Le Paris FC ratisse tr\u00e8s large et explore tous les march\u00e9s (L1, Europe, y compris du Nord). Les actionnaires sont pr\u00eats \u00e0 investir dans des transferts en cas de bonnes opportunit\u00e9s. Mais la direction sportive scrute aussi les effectifs des clubs, y compris des grandes formations europ\u00e9ennes, pour d\u00e9nicher des joueurs d\u00e9j\u00e0 r\u00e9f\u00e9renc\u00e9s, mais qui auraient moins de temps de jeu ces derniers temps. Dans ce cas, la formule de pr\u00eats avec option d\u2019achat serait privil\u00e9gi\u00e9e. On se dirige vers un mix entre achats et pr\u00eats.<\/p>\n<p>Le club s\u2019est renseign\u00e9 sur Arnaud Kalimuendo<\/p>\n<p class=\"\">Au niveau des pistes offensives, Lucas Stassin, qui veut absolument quitter Saint-\u00c9tienne, est toujours dans le viseur. Mais on voit mal Saint-\u00c9tienne qui avait demand\u00e9 au Paris FC 42\u00a0millions (35 +\u00a07 de bonus) le 1er\u00a0septembre dernier, revoir ses pr\u00e9tentions \u00e0 la baisse.<\/p>\n<p class=\"\">Si les noms de Martin Terrier et Elye Wahi ont aussi circul\u00e9, il n\u2019y a eu, selon nos informations, aucune approche \u00e0 ce stade avec les deux joueurs. Le club parisien s\u2019est en revanche bien renseign\u00e9 sur la situation d\u2019Arnaud Kalimuendo qui n\u2019a pas beaucoup jou\u00e9 avec Nottingham Forest.<\/p>\n<p class=\"\">Le Paris FC va aussi d\u00e9graisser en lib\u00e9rant ou en pr\u00eatant certains joueurs dont le temps de jeu risque de diminuer et pour ne pas que l\u2019effectif devienne pl\u00e9thorique. Lohann Doucet va \u00eatre ainsi pr\u00eat\u00e9 ainsi que<a href=\"https:\/\/www.leparisien.fr\/sports\/football\/paris-fc\" target=\"_self\" rel=\"noopener\"> Lamine Gueye, revenu samedi \u00e0 Raon-l\u2019Etape apr\u00e8s plus de deux ans d\u2019absence<\/a> ou Mathieu Cafaro, peu utilis\u00e9.<\/p>\n","protected":false},"excerpt":{"rendered":"Le 4\u00a0janvier prochain, pour affronter le PSG dans un derby historique, il y aura peut-\u00eatre d\u00e9j\u00e0 une recrue&hellip;\n","protected":false},"author":2,"featured_media":617439,"comment_status":"","ping_status":"","sticky":false,"template":"","format":"standard","meta":{"footnotes":""},"categories":[1888],"tags":[1111,1928,11,1927,1777,674,63,1011,27,12,1926,626,445,1925,25,60],"class_list":{"0":"post-617438","1":"post","2":"type-post","3":"status-publish","4":"format-standard","5":"has-post-thumbnail","7":"category-paris","8":"tag-actu","9":"tag-actu-paris","10":"tag-actualites","11":"tag-actualites-paris","12":"tag-eu","13":"tag-europe","14":"tag-football","15":"tag-fr","16":"tag-france","17":"tag-news","18":"tag-news-paris","19":"tag-paris","20":"tag-paris-fc","21":"tag-paris-news","22":"tag-republique-francaise","23":"tag-sports"},"share_on_mastodon":{"url":"https:\/\/pubeurope.com\/@fr\/115767815907669616","error":""},"_links":{"self":[{"href":"https:\/\/www.europesays.com\/fr\/wp-json\/wp\/v2\/posts\/617438","targetHints":{"allow":["GET"]}}],"collection":[{"href":"https:\/\/www.europesays.com\/fr\/wp-json\/wp\/v2\/posts"}],"about":[{"href":"https:\/\/www.europesays.com\/fr\/wp-json\/wp\/v2\/types\/post"}],"author":[{"embeddable":true,"href":"https:\/\/www.europesays.com\/fr\/wp-json\/wp\/v2\/users\/2"}],"replies":[{"embeddable":true,"href":"https:\/\/www.europesays.com\/fr\/wp-json\/wp\/v2\/comments?post=617438"}],"version-history":[{"count":0,"href":"https:\/\/www.europesays.com\/fr\/wp-json\/wp\/v2\/posts\/617438\/revisions"}],"wp:featuredmedia":[{"embeddable":true,"href":"https:\/\/www.europesays.com\/fr\/wp-json\/wp\/v2\/media\/617439"}],"wp:attachment":[{"href":"https:\/\/www.europesays.com\/fr\/wp-json\/wp\/v2\/media?parent=617438"}],"wp:term":[{"taxonomy":"category","embeddable":true,"href":"https:\/\/www.europesays.com\/fr\/wp-json\/wp\/v2\/categories?post=617438"},{"taxonomy":"post_tag","embeddable":true,"href":"https:\/\/www.europesays.com\/fr\/wp-json\/wp\/v2\/tags?post=617438"}],"curies":[{"name":"wp","href":"https:\/\/api.w.org\/{rel}","templated":true}]}}