{"id":617446,"date":"2025-12-23T08:02:17","date_gmt":"2025-12-23T08:02:17","guid":{"rendered":"https:\/\/www.europesays.com\/fr\/617446\/"},"modified":"2025-12-23T08:02:17","modified_gmt":"2025-12-23T08:02:17","slug":"direct-guerre-en-ukraine-attaque-massive-de-drones-et-de-missiles-russes-dans-la-nuit-laviation-polonaise-deployee-et-en-etat-dalerte","status":"publish","type":"post","link":"https:\/\/www.europesays.com\/fr\/617446\/","title":{"rendered":"DIRECT. Guerre en Ukraine\u00a0: attaque massive de drones et de missiles russes dans la nuit, l\u2019aviation polonaise d\u00e9ploy\u00e9e et en \u00e9tat d\u2019alerte"},"content":{"rendered":"<p>08h23.\u00a0\u00ab\u00a0Rappeler certaines lignes rouges\u00a0\u00bb : pourquoi Emmanuel Macron veut renouer le dialogue avec Vladimir Poutine ?<\/p>\n<p class=\"live-post__amorce\">Emmanuel Macron a r\u00e9cemment exprim\u00e9 sa volont\u00e9 de renouer le dialogue avec Vladimir Poutine. Les deux hommes ne sont plus parl\u00e9 depuis juillet dernier. Que faut-il attendre de ces nouveaux \u00e9changes ? C\u00e9line Bayou, sp\u00e9cialiste des \u00c9tats baltes, charg\u00e9e de cours \u00e0 l\u2019Institut national des langues et civilisations orientales (INALCO), livre \u00e0 La D\u00e9p\u00eache des cl\u00e9s d\u2019analyse.<\/p>\n<p class=\"live-post__amorce\"> <a href=\"https:\/\/www.ladepeche.fr\/2025\/12\/23\/entretien-guerre-en-ukraine-rappeler-certaines-lignes-rouges-pourquoi-emmanuel-macron-veut-renouer-le-dialogue-avec-vladimir-poutine-13125913.php\" target=\"_blank\" rel=\"noopener noreferrer nofollow\" class=\"\">\ud83d\udc49Notre entretien ici.<\/a> <\/p>\n<p>08h15.D\u00e9cor\u00e9 \u00e0 plusieurs reprises, sur le terrain en Syrie et en Tch\u00e9tch\u00e9nie\u2026 Qui \u00e9tait le g\u00e9n\u00e9ral russe Fanil Sarvarov ?<\/p>\n<p class=\"live-post__amorce\">Le g\u00e9n\u00e9ral russe Fanil Sarvarov a \u00e9t\u00e9 tu\u00e9 ce hier dans l\u2019explosion d\u2019une voiture \u00e0 Moscou. Un nouvel assassinat d\u2019un haut-grad\u00e9 russe une nouvelle fois imput\u00e9 \u00e0 l\u2019Ukraine par Moscou.<\/p>\n<p class=\"live-post__amorce\"> <a href=\"https:\/\/www.ladepeche.fr\/2025\/12\/22\/general-russe-tue-a-moscou-decore-a-plusieurs-reprises-sur-le-terrain-en-syrie-et-en-tchetchenie-qui-etait-fanil-sarvarov-13125941.php\" target=\"_blank\" rel=\"noopener noreferrer nofollow\" class=\"\">\ud83d\udc49 Notre article ici. <\/a> <\/p>\n<p>08h11.L&rsquo;aviation polonaise en \u00e9tat d&rsquo;alerte<\/p>\n<p class=\"live-post__amorce\">Tout au long de la nuit, l&rsquo;arm\u00e9e ukrainienne a averti de menaces r\u00e9p\u00e9t\u00e9es de drones et missiles de croisi\u00e8re sur plusieurs r\u00e9gions du pays, y compris \u00e0 l&rsquo;ouest, loin du front.<\/p>\n<p class=\"live-post__amorce\">Sur X, l&rsquo;arm\u00e9e polonaise a annonc\u00e9 mardi matin que l&rsquo;aviation \u00ab\u00a0polonaise et alli\u00e9e\u00a0\u00bb avait \u00e9t\u00e9 mise en alerte et d\u00e9ploy\u00e9e dans son espace a\u00e9rien de mani\u00e8re pr\u00e9ventive en raison des frappes russes sur le territoire ukrainien. Cette proc\u00e9dure est r\u00e9guli\u00e8rement enclench\u00e9e lorsque les bombardements visent des zones occidentales proches de la fronti\u00e8re polonaise.<\/p>\n<p>08h09.Des coupures de courant dans plusieurs r\u00e9gions de l&rsquo;Ukraine apr\u00e8s une attaque russe \u00ab\u00a0massive\u00a0\u00bb<\/p>\n<p class=\"live-post__amorce\">\u00ab\u00a0La Russie attaque une fois de plus nos infrastructures \u00e9nerg\u00e9tiques. En cons\u00e9quence, des coupures de courant d&rsquo;urgence ont \u00e9t\u00e9 d\u00e9clench\u00e9es dans plusieurs r\u00e9gions d&rsquo;Ukraine\u00a0\u00bb, a annonc\u00e9 le minist\u00e8re ukrainien de l&rsquo;\u00c9nergie sur Telegram. L&rsquo;op\u00e9rateur \u00e9lectrique Ukrenergo a fait \u00e9tat d&rsquo;une \u00ab\u00a0attaque massive de missiles et de drones\u00a0\u00bb et pr\u00e9cis\u00e9 que les travaux de r\u00e9paration d\u00e9marreraient d\u00e8s que les conditions de s\u00e9curit\u00e9 le permettraient.<\/p>\n<p class=\"live-post__amorce\">Il n&rsquo;a pas \u00e9t\u00e9 fait \u00e9tat de victime \u00e0 ce stade.<\/p>\n<p>08h01.<\/p>\n<p>Bonjour et bienvenue dans ce direct.<\/p>\n","protected":false},"excerpt":{"rendered":"08h23.\u00a0\u00ab\u00a0Rappeler certaines lignes rouges\u00a0\u00bb : pourquoi Emmanuel Macron veut renouer le dialogue avec Vladimir Poutine ? Emmanuel Macron&hellip;\n","protected":false},"author":2,"featured_media":617447,"comment_status":"","ping_status":"","sticky":false,"template":"","format":"standard","meta":{"footnotes":""},"categories":[1591],"tags":[11,1887,329,131,14,12,1885,1886,132],"class_list":{"0":"post-617446","1":"post","2":"type-post","3":"status-publish","4":"format-standard","5":"has-post-thumbnail","7":"category-russie","8":"tag-actualites","9":"tag-federation-de-russie","10":"tag-france-monde","11":"tag-guerre-en-ukraine","12":"tag-international","13":"tag-news","14":"tag-russia","15":"tag-russian-federation","16":"tag-russie"},"share_on_mastodon":{"url":"https:\/\/pubeurope.com\/@fr\/115767839604075069","error":""},"_links":{"self":[{"href":"https:\/\/www.europesays.com\/fr\/wp-json\/wp\/v2\/posts\/617446","targetHints":{"allow":["GET"]}}],"collection":[{"href":"https:\/\/www.europesays.com\/fr\/wp-json\/wp\/v2\/posts"}],"about":[{"href":"https:\/\/www.europesays.com\/fr\/wp-json\/wp\/v2\/types\/post"}],"author":[{"embeddable":true,"href":"https:\/\/www.europesays.com\/fr\/wp-json\/wp\/v2\/users\/2"}],"replies":[{"embeddable":true,"href":"https:\/\/www.europesays.com\/fr\/wp-json\/wp\/v2\/comments?post=617446"}],"version-history":[{"count":0,"href":"https:\/\/www.europesays.com\/fr\/wp-json\/wp\/v2\/posts\/617446\/revisions"}],"wp:featuredmedia":[{"embeddable":true,"href":"https:\/\/www.europesays.com\/fr\/wp-json\/wp\/v2\/media\/617447"}],"wp:attachment":[{"href":"https:\/\/www.europesays.com\/fr\/wp-json\/wp\/v2\/media?parent=617446"}],"wp:term":[{"taxonomy":"category","embeddable":true,"href":"https:\/\/www.europesays.com\/fr\/wp-json\/wp\/v2\/categories?post=617446"},{"taxonomy":"post_tag","embeddable":true,"href":"https:\/\/www.europesays.com\/fr\/wp-json\/wp\/v2\/tags?post=617446"}],"curies":[{"name":"wp","href":"https:\/\/api.w.org\/{rel}","templated":true}]}}