{"id":617471,"date":"2025-12-23T08:20:26","date_gmt":"2025-12-23T08:20:26","guid":{"rendered":"https:\/\/www.europesays.com\/fr\/617471\/"},"modified":"2025-12-23T08:20:26","modified_gmt":"2025-12-23T08:20:26","slug":"le-talk-les-girondins-elimines-des-polemiques-un-defenseur-central-arrive-au-mercato","status":"publish","type":"post","link":"https:\/\/www.europesays.com\/fr\/617471\/","title":{"rendered":"Le Talk : Les Girondins \u00e9limin\u00e9s, des pol\u00e9miques, un d\u00e9fenseur central arrive au mercato"},"content":{"rendered":"<p><img decoding=\"async\" src=\"https:\/\/www.europesays.com\/fr\/wp-content\/uploads\/2025\/12\/671_473f3126eef6198d5291e6d8a8085a3b.png\" alt=\"Le Talk : Les Girondins \u00e9limin\u00e9s, des pol\u00e9miques, un d\u00e9fenseur central arrive au mercato\" class=\"img-responsive mt-3\"\/><\/p>\n<p class=\"text-center mb-3\" style=\"font-size: 14px\">\u00a9 Iconsport<\/p>\n<p>      <strong>Le Talk des Girondins chaque lundi<\/strong><\/p>\n<p style=\"text-align: justify;\">Cette \u00e9mission est plac\u00e9e sous le signe du d\u00e9bat, de l&rsquo;information et de l&rsquo;analyse. Elle est diffus\u00e9e sur <strong>YouTube, Twitch et sur les Box TV en vous connectant \u00e0 la cha\u00eene NA TV depuis le canal 30.<\/strong><\/p>\n<p style=\"text-align: justify;\">\u00c9mission \u00e0 regarder ici ou sur <a href=\"https:\/\/www.youtube.com\/watch?v=pk9TSDoaFr0\" target=\"_blank\" rel=\"noopener\">notre cha\u00eene YouTube<\/a> :<\/p>\n<p>Ce navigateur ne supporte pas les iframes<\/p>\n<p class=\"p1\" style=\"text-align: justify;\">Ils sont pr\u00e9sents : le supporter et chroniqueur Djino Fort\u00e9, David Gluzman, Laurent Crocis avec Nicolas Pietrelli \u00e0 la pr\u00e9sentation.<\/p>\n<p class=\"p1\" style=\"text-align: justify;\">\u00c9mission r\u00e9alis\u00e9e avec le <a href=\"https:\/\/fr.tipeee.com\/webgirondins\" target=\"_blank\" rel=\"noopener\">soutien de nos abonn\u00e9s<\/a>.<\/p>\n<p class=\"p1\"><strong><img decoding=\"async\" src=\"https:\/\/www.europesays.com\/fr\/wp-content\/uploads\/2025\/12\/1766478026_667_INFOGRAPHIES E\u0301MISSIONS (48)-1.jpg\" alt=\"INFOGRAPHIES E\u0301MISSIONS (48)-1.jpg (120 KB)\" style=\"width:700px;max-width:100%;\"\/><\/strong><\/p>\n<p class=\"p1\">\u00a0<\/p>\n<p>\u00c0 d\u00e9couvrir : <strong><a href=\"https:\/\/www.webgirondins.com\/actualite-girondins-girondins-les-images-de-l-elimination-polemique-face-au-puy-foot-en-coupe-de-france-131578\" target=\"_blank\" rel=\"noopener\">Girondins : les images de l\u2019\u00e9limination pol\u00e9mique face au Puy Foot en Coupe de France<\/a><\/strong><\/p>\n<p>\u00c9coutez dans le podcast court ci-dessous les trois flops de cette rencontre de Coupe (moins de deux minutes) :<\/p>\n<p>\u00a0<\/p>\n<p>\u00a0<\/p>\n","protected":false},"excerpt":{"rendered":"\u00a9 Iconsport Le Talk des Girondins chaque lundi Cette \u00e9mission est plac\u00e9e sous le signe du d\u00e9bat, de&hellip;\n","protected":false},"author":2,"featured_media":616496,"comment_status":"","ping_status":"","sticky":false,"template":"","format":"standard","meta":{"footnotes":""},"categories":[1410],"tags":[15200,3917,15014,3477,3956,15013,4431,17440,2263,63,1011,27,1987,2957,3955,1434,15830,3946,15943,35607,3242,60,2858,5237,9620,5234,3387,5238],"class_list":{"0":"post-617471","1":"post","2":"type-post","3":"status-publish","4":"format-standard","5":"has-post-thumbnail","7":"category-football","8":"tag-arrive","9":"tag-avant","10":"tag-central","11":"tag-cette","12":"tag-crocis","13":"tag-defenseur","14":"tag-dernier","15":"tag-elimines","16":"tag-equipe","17":"tag-football","18":"tag-fr","19":"tag-france","20":"tag-girondins","21":"tag-journaliste","22":"tag-laurent","23":"tag-mercato","24":"tag-noel","25":"tag-nous","26":"tag-polemiques","27":"tag-recevons","28":"tag-saison","29":"tag-sports","30":"tag-stade","31":"tag-suivez","32":"tag-suivi","33":"tag-talk","34":"tag-tous","35":"tag-webgirondins"},"share_on_mastodon":{"url":"https:\/\/pubeurope.com\/@fr\/115767911360434727","error":""},"_links":{"self":[{"href":"https:\/\/www.europesays.com\/fr\/wp-json\/wp\/v2\/posts\/617471","targetHints":{"allow":["GET"]}}],"collection":[{"href":"https:\/\/www.europesays.com\/fr\/wp-json\/wp\/v2\/posts"}],"about":[{"href":"https:\/\/www.europesays.com\/fr\/wp-json\/wp\/v2\/types\/post"}],"author":[{"embeddable":true,"href":"https:\/\/www.europesays.com\/fr\/wp-json\/wp\/v2\/users\/2"}],"replies":[{"embeddable":true,"href":"https:\/\/www.europesays.com\/fr\/wp-json\/wp\/v2\/comments?post=617471"}],"version-history":[{"count":0,"href":"https:\/\/www.europesays.com\/fr\/wp-json\/wp\/v2\/posts\/617471\/revisions"}],"wp:featuredmedia":[{"embeddable":true,"href":"https:\/\/www.europesays.com\/fr\/wp-json\/wp\/v2\/media\/616496"}],"wp:attachment":[{"href":"https:\/\/www.europesays.com\/fr\/wp-json\/wp\/v2\/media?parent=617471"}],"wp:term":[{"taxonomy":"category","embeddable":true,"href":"https:\/\/www.europesays.com\/fr\/wp-json\/wp\/v2\/categories?post=617471"},{"taxonomy":"post_tag","embeddable":true,"href":"https:\/\/www.europesays.com\/fr\/wp-json\/wp\/v2\/tags?post=617471"}],"curies":[{"name":"wp","href":"https:\/\/api.w.org\/{rel}","templated":true}]}}