{"id":617472,"date":"2025-12-23T08:21:13","date_gmt":"2025-12-23T08:21:13","guid":{"rendered":"https:\/\/www.europesays.com\/fr\/617472\/"},"modified":"2025-12-23T08:21:13","modified_gmt":"2025-12-23T08:21:13","slug":"anna-kournikova-et-enrique-iglesias-annoncent-la-naissance-de-leur-4e-enfant-avec-une-photo","status":"publish","type":"post","link":"https:\/\/www.europesays.com\/fr\/617472\/","title":{"rendered":"Anna Kournikova et Enrique Iglesias annoncent la naissance de leur 4e enfant avec une photo"},"content":{"rendered":"<p>                             Par C.L<\/p>\n<p>                Le 23 d\u00e9cembre 2025 \u00e0 08h05<\/p>\n<p>    L\u2019ex joueuse de tennis Anna Kournikova et son mari, le chanteur Enrique Iglesias, lors d\u2019une sortie au restaurant Big Pink. (Miami, le 16 juin 2006.)<br \/>\n                Ralph Notaro \/ Getty Images<\/p>\n<p>\n    L\u2019ancienne championne de tennis russe et le chanteur espagnol ont publi\u00e9 une image de leur b\u00e9b\u00e9 sur Instagram, le 22 d\u00e9cembre, pour annoncer l\u2019heureux \u00e9v\u00e8nement.<\/p>\n<p class=\"fig-paragraph\">\u00abMon soleil\u00bb. C\u2019est en deux mots d\u00e9signant leur b\u00e9b\u00e9 qu\u2019<a href=\"http:\/\/madame.lefigaro.fr\/celebrites\/actu-people\/anna-kournikova-et-enrique-iglesias-attendent-leur-4e-enfant-20250828\" data-fig-type=\"Article\" data-gtm-custom-categorie=\"navigation\" data-gtm-custom-action=\"crossclick\" data-gtm-custom-label=\"Contextuel\" data-gtm-event=\"customEventSPE\" data-fig-domain=\"MADAME\" target=\"_blank\" rel=\"noopener\">Anna Kournikova et Enrique Iglesias<\/a>\u00a0ont annonc\u00e9 la naissance de leur quatri\u00e8me enfant. Le couple l\u2019a fait savoir sur Instagram en publiant une photo de leur prog\u00e9niture, le 22 d\u00e9cembre. Le nourrisson appara\u00eet emmaillot\u00e9, un petit bonnet sur la t\u00eate, dormant paisiblement dans ce qui semble \u00eatre le berceau de la maternit\u00e9. Une peluche de paresseux est adoss\u00e9e tout contre lui. En l\u00e9gende, on d\u00e9couvre \u00e9galement sa date de naissance\u00a0: 17 d\u00e9cembre 2025.<\/p>\n<p>                                                                Une grossesse secr\u00e8te<\/p>\n<p class=\"fig-paragraph\">Si le couple n\u2019a pas attendu plus d\u2019une semaine pour pr\u00e9senter son b\u00e9b\u00e9 au monde, il avait pourtant gard\u00e9 le secret pendant les 9 mois pr\u00e9c\u00e9dents.\u00a0<a href=\"http:\/\/madame.lefigaro.fr\/celebrites\/actu-people\/anna-kournikova-et-enrique-iglesias-attendent-leur-4e-enfant-20250828\" data-fig-type=\"Article\" data-gtm-custom-categorie=\"navigation\" data-gtm-custom-action=\"crossclick\" data-gtm-custom-label=\"Contextuel\" data-gtm-event=\"customEventSPE\" data-fig-domain=\"MADAME\" target=\"_blank\" rel=\"noopener\">La grossesse d\u2019Anna Kournikova<\/a>\u00a0a en effet \u00e9t\u00e9 r\u00e9v\u00e9l\u00e9e dans les pages de Hola, en ao\u00fbt dernier. \u00abLeurs enfants, Lucy et Nicholas 7 ans, et Mary, 5 ans, auront bient\u00f4t un petit fr\u00e8re ou une petite s\u0153ur\u00bb, avait alors confi\u00e9 la source au m\u00e9dia espagnol.<\/p>\n<p>                                                                <a class=\"fig-a11y-skip\" href=\"#fig-a11y-skip-main-inarticle\" data-module=\"a11y-skip\" data-context=\"was @visible\"><br \/>\n    Passer la publicit\u00e9<br \/>\n<\/a>            <\/p>\n<p>                                                                Ensemble depuis 24 ans<\/p>\n<p class=\"fig-paragraph\">Entre Anna Kournikova et Enrique Iglesias,<a href=\"http:\/\/madame.lefigaro.fr\/celebrites\/actu-people\/enrique-iglesias-et-anna-kournikova-ce-couple-inattendu-qui-dure-depuis-25-ans-20251026\" data-fig-type=\"Article\" data-gtm-custom-categorie=\"navigation\" data-gtm-custom-action=\"crossclick\" data-gtm-custom-label=\"Contextuel\" data-gtm-event=\"customEventSPE\" data-fig-domain=\"MADAME\" target=\"_blank\" rel=\"noopener\">\u00a0l\u2019histoire dure depuis bient\u00f4t 25 ans<\/a>. La championne de tennis et le latin lover se sont rencontr\u00e9s en 2001 lorsque, pour tourner le vid\u00e9oclip de son nouveau titre,\u00a0<a href=\"https:\/\/www.youtube.com\/watch?v=9mQJaXwGPlg&amp;list=RD9mQJaXwGPlg&amp;start_radio=1\" target=\"_blank\" rel=\"sponsored noopener\" data-gtm-custom-categorie=\"navigation\" data-gtm-custom-action=\"crossclick\" data-gtm-custom-label=\"Contextuel\" data-gtm-event=\"customEventSPE\">Escape<\/a>, le chanteur avait choisi Anna Kournikova pour para\u00eetre \u00e0 ses c\u00f4t\u00e9s. \u00abElle est jolie, talentueuse, et c\u2019est une bonne joueuse de tennis. Il n\u2019y a pas besoin d\u2019\u00eatre un bon acteur pour embrasser Anna\u00a0!\u00bb, se r\u00e9jouissait-il dans la vid\u00e9o des coulisses du clip. Enrique Iglesias tombe alors sous le charme de l\u2019athl\u00e8te russe et tous deux font leur premi\u00e8re apparition publique en 2002 lors des MTV Video Music Awards.<\/p>\n<p>                                                                Des jumeaux, 4 soleils<\/p>\n<p class=\"fig-paragraph\">Apr\u00e8s seize ans de vie commune, Enrique Iglesias et Anna Kournikova d\u00e9couvrent les joies de la parentalit\u00e9 le 16 d\u00e9cembre 2017 avec la naissance de leurs jumeaux, Nicholas et Lucy.\u00a0Pleinement \u00e9panouis dans leur vie de jeunes parents, le chanteur espagnol et sa compagne agrandissent leur tribu d\u00e9but 2020 en accueillant leur troisi\u00e8me enfant, une fille pr\u00e9nomm\u00e9e Mary. En l\u00e9gende de sa publication Instagram annon\u00e7ant l\u2019heureuse nouvelle, Kournikova \u00e9crivait alors d\u00e9j\u00e0 \u00abmon soleil\u00bb \u00e0 l\u2019attention de son b\u00e9b\u00e9.<\/p>\n","protected":false},"excerpt":{"rendered":"Par C.L Le 23 d\u00e9cembre 2025 \u00e0 08h05 L\u2019ex joueuse de tennis Anna Kournikova et son mari, le&hellip;\n","protected":false},"author":2,"featured_media":617473,"comment_status":"","ping_status":"","sticky":false,"template":"","format":"standard","meta":{"footnotes":""},"categories":[1359],"tags":[3493,58,2773,59,1011,27,15761,198,973],"class_list":{"0":"post-617472","1":"post","2":"type-post","3":"status-publish","4":"format-standard","5":"has-post-thumbnail","7":"category-people","8":"tag-bebe","9":"tag-divertissement","10":"tag-enfants-de","11":"tag-entertainment","12":"tag-fr","13":"tag-france","14":"tag-maternite","15":"tag-naissance","16":"tag-people"},"share_on_mastodon":{"url":"https:\/\/pubeurope.com\/@fr\/115767914853628492","error":""},"_links":{"self":[{"href":"https:\/\/www.europesays.com\/fr\/wp-json\/wp\/v2\/posts\/617472","targetHints":{"allow":["GET"]}}],"collection":[{"href":"https:\/\/www.europesays.com\/fr\/wp-json\/wp\/v2\/posts"}],"about":[{"href":"https:\/\/www.europesays.com\/fr\/wp-json\/wp\/v2\/types\/post"}],"author":[{"embeddable":true,"href":"https:\/\/www.europesays.com\/fr\/wp-json\/wp\/v2\/users\/2"}],"replies":[{"embeddable":true,"href":"https:\/\/www.europesays.com\/fr\/wp-json\/wp\/v2\/comments?post=617472"}],"version-history":[{"count":0,"href":"https:\/\/www.europesays.com\/fr\/wp-json\/wp\/v2\/posts\/617472\/revisions"}],"wp:featuredmedia":[{"embeddable":true,"href":"https:\/\/www.europesays.com\/fr\/wp-json\/wp\/v2\/media\/617473"}],"wp:attachment":[{"href":"https:\/\/www.europesays.com\/fr\/wp-json\/wp\/v2\/media?parent=617472"}],"wp:term":[{"taxonomy":"category","embeddable":true,"href":"https:\/\/www.europesays.com\/fr\/wp-json\/wp\/v2\/categories?post=617472"},{"taxonomy":"post_tag","embeddable":true,"href":"https:\/\/www.europesays.com\/fr\/wp-json\/wp\/v2\/tags?post=617472"}],"curies":[{"name":"wp","href":"https:\/\/api.w.org\/{rel}","templated":true}]}}