{"id":617476,"date":"2025-12-23T08:24:19","date_gmt":"2025-12-23T08:24:19","guid":{"rendered":"https:\/\/www.europesays.com\/fr\/617476\/"},"modified":"2025-12-23T08:24:19","modified_gmt":"2025-12-23T08:24:19","slug":"danse-avec-les-stars-lactrice-anny-duperey-ecartee-du-casting-pour-une-raison-ahurissante","status":"publish","type":"post","link":"https:\/\/www.europesays.com\/fr\/617476\/","title":{"rendered":"Danse avec les stars\u00a0: l\u2019actrice Anny Duperey \u00e9cart\u00e9e du casting pour une raison \u00ab\u00a0ahurissante\u00a0\u00bb"},"content":{"rendered":"<p>\n                                                                L\u2019actrice Anny Duperey a appris r\u00e9cemment qu\u2019elle avait \u00e9t\u00e9 \u00e9cart\u00e9e de Danse avec les stars sur d\u00e9cision de la direction de TF1. Une nouvelle tomb\u00e9e comme un cheveu sur la soupe, alors que son contrat avait \u00e9t\u00e9 n\u00e9goci\u00e9, qu\u2019elle avait rencontr\u00e9 son danseur, et que la nouvelle saison de l\u2019\u00e9mission sera lanc\u00e9e en janvier\u00a02026.\n                            <\/p>\n<p>Le<a href=\"https:\/\/www.midilibre.fr\/2025\/12\/18\/danse-avec-les-stars-apres-stephane-bern-et-angelique-angarni-filopon-decouvrez-le-casting-complet-de-la-prochaine-saison-13119367.php\" target=\"_blank\" rel=\"noopener\"> casting \u00e9tait pourtant boucl\u00e9. <\/a>Mardi 22\u00a0d\u00e9cembre,<a href=\"https:\/\/www.leparisien.fr\/culture-loisirs\/tv\/je-trouve-ca-ahurissant-anny-duperey-ecartee-de-danse-avec-les-stars-a-la-derniere-minute-22-12-2025-GNE3BRKOT5EIFN2FQBHDXPIYQM.php\" target=\"_blank\" rel=\"noopener\"> Le Parisien\u00a0<\/a>a d\u00e9voil\u00e9 un entretien avec l\u2019actrice <a href=\"https:\/\/www.midilibre.fr\/2025\/06\/08\/faire-le-bilan-de-ma-vie-je-detesterais-ca-mais-quelle-horreur-assure-la-comedienne-et-ecrivaine-anny-duperey-12721463.php\" target=\"_blank\" rel=\"noopener\">Anny Duperey, <\/a>annonc\u00e9e parmi les participants de la prochaine saison de Danse avec les stars\u00a0qui d\u00e9butera en janvier. Du moins, c\u2019est ce qui \u00e9tait pr\u00e9vu, raconte-t-elle am\u00e8rement \u00e0 nos confr\u00e8res. Le motif\u00a0? Son \u00e2ge.<\/p>\n<p>\u00ab\u00a0J\u2019allais me consacrer enti\u00e8rement \u00e0 l\u2019\u00e9mission\u00a0\u00bb<\/p>\n<p>La nouvelle a fait l\u2019effet d\u2019un coup de massue, et pour cause\u00a0: \u00ab\u00a0J\u2019avais gard\u00e9 tout mon hiver libre jusqu\u2019\u00e0 fin avril. J\u2019allais me consacrer enti\u00e8rement \u00e0 l\u2019\u00e9mission\u00a0\u00bb, rembobine celle qui se consid\u00e8re comme \u00ab\u00a0un artisan du spectacle\u00a0\u00bb.<\/p>\n<p>Tout semblait rouler comme sur des roulettes\u00a0: Anny Duperey avait rencontr\u00e9 son futur partenaire Yann-Alrick Mortreuil, avec qui le feeling est assez vite pass\u00e9\u00a0: \u00ab\u00a0On s\u2019est marr\u00e9s comme des baleines. Je l\u2019ai trouv\u00e9 infiniment sympathique\u00a0\u00bb, se souvient-elle. Elle a aussi pass\u00e9 un test d\u2019effort, dont le bilan \u00e9tait positif. Bref, pas d\u2019ombre au tableau.<\/p>\n<p>La faute aux \u00ab\u00a0chefs dans les bureaux en verre\u00a0\u00bb<\/p>\n<p>Sauf que la production a finalement contact\u00e9 son agente afin de lui annoncer que le projet tombait finalement \u00e0 l\u2019eau\u00a0: \u00ab\u00a0La direction de TF1 avait soudainement d\u00e9couvert mon \u00e2ge et les grands chefs, &lsquo;dans les bureaux en verre&rsquo;, avaient pos\u00e9 un veto \u00e0 ma participation. La production a dit qu\u2019elle \u00e9tait d\u00e9sol\u00e9e\u00a0\u00bb.<\/p>\n<p>\u00ab\u00a0Je trouve \u00e7a ahurissant qu\u2019on d\u00e9couvre maintenant ma date de naissance. \u00c7a me met en col\u00e8re\u00a0\u00bb.\u00a0\u00ab\u00a0Vex\u00e9e\u00a0\u00bb, elle ne regardera pas la saison, et n\u2019\u00e9carte pas la possibilit\u00e9 d\u2019attaquer la production.<\/p>\n","protected":false},"excerpt":{"rendered":"L\u2019actrice Anny Duperey a appris r\u00e9cemment qu\u2019elle avait \u00e9t\u00e9 \u00e9cart\u00e9e de Danse avec les stars sur d\u00e9cision de&hellip;\n","protected":false},"author":2,"featured_media":617477,"comment_status":"","ping_status":"","sticky":false,"template":"","format":"standard","meta":{"footnotes":""},"categories":[1356],"tags":[58,59,1011,27,252,68925,1364],"class_list":{"0":"post-617476","1":"post","2":"type-post","3":"status-publish","4":"format-standard","5":"has-post-thumbnail","7":"category-television","8":"tag-divertissement","9":"tag-entertainment","10":"tag-fr","11":"tag-france","12":"tag-television","13":"tag-tu00e9lu00e9-mu00e9dias","14":"tag-tv"},"share_on_mastodon":{"url":"https:\/\/pubeurope.com\/@fr\/115767926094657882","error":""},"_links":{"self":[{"href":"https:\/\/www.europesays.com\/fr\/wp-json\/wp\/v2\/posts\/617476","targetHints":{"allow":["GET"]}}],"collection":[{"href":"https:\/\/www.europesays.com\/fr\/wp-json\/wp\/v2\/posts"}],"about":[{"href":"https:\/\/www.europesays.com\/fr\/wp-json\/wp\/v2\/types\/post"}],"author":[{"embeddable":true,"href":"https:\/\/www.europesays.com\/fr\/wp-json\/wp\/v2\/users\/2"}],"replies":[{"embeddable":true,"href":"https:\/\/www.europesays.com\/fr\/wp-json\/wp\/v2\/comments?post=617476"}],"version-history":[{"count":0,"href":"https:\/\/www.europesays.com\/fr\/wp-json\/wp\/v2\/posts\/617476\/revisions"}],"wp:featuredmedia":[{"embeddable":true,"href":"https:\/\/www.europesays.com\/fr\/wp-json\/wp\/v2\/media\/617477"}],"wp:attachment":[{"href":"https:\/\/www.europesays.com\/fr\/wp-json\/wp\/v2\/media?parent=617476"}],"wp:term":[{"taxonomy":"category","embeddable":true,"href":"https:\/\/www.europesays.com\/fr\/wp-json\/wp\/v2\/categories?post=617476"},{"taxonomy":"post_tag","embeddable":true,"href":"https:\/\/www.europesays.com\/fr\/wp-json\/wp\/v2\/tags?post=617476"}],"curies":[{"name":"wp","href":"https:\/\/api.w.org\/{rel}","templated":true}]}}