{"id":617492,"date":"2025-12-23T08:33:17","date_gmt":"2025-12-23T08:33:17","guid":{"rendered":"https:\/\/www.europesays.com\/fr\/617492\/"},"modified":"2025-12-23T08:33:17","modified_gmt":"2025-12-23T08:33:17","slug":"nicolas-maduro-serait-sage-de-partir-du-pouvoir-au-venezuela-avertit-donald-trump","status":"publish","type":"post","link":"https:\/\/www.europesays.com\/fr\/617492\/","title":{"rendered":"Nicolas Maduro \u00ab\u00a0serait sage\u00a0\u00bb de partir du pouvoir au Venezuela, avertit Donald Trump"},"content":{"rendered":"<p>                      <img loading=\"lazy\" decoding=\"async\" src=\"https:\/\/www.europesays.com\/fr\/wp-content\/uploads\/2025\/12\/9d685b0_ftp-1-j72pzxpgtug9-2025-12-22t233001z-1365642687-rc2ylia8bzvf-rtrmadp-3-usa-trump.JPG\" alt=\"Le pr\u00e9sident am\u00e9ricain, Donald Trump, passe devant une maquette de l\u2019USS Defiant de classe Trump, avant une conf\u00e9rence de presse \u00e0 Mar-a-lago, en Floride, le 22\u00a0d\u00e9cembre\u00a02025. \"   width=\"664\" height=\"443\"\/>    Le pr\u00e9sident am\u00e9ricain, Donald Trump, passe devant une maquette de l\u2019USS Defiant de classe Trump, avant une conf\u00e9rence de presse \u00e0 Mar-a-lago, en Floride, le 22\u00a0d\u00e9cembre\u00a02025.  JESSICA KOSCIELNIAK \/ REUTERS                          <\/p>\n<p class=\"article__paragraph  \">Donald Trump a affirm\u00e9, lundi 22\u00a0d\u00e9cembre, dans un avertissement, qu\u2019il serait \u00ab\u00a0sage\u00a0\u00bb pour le pr\u00e9sident v\u00e9n\u00e9zu\u00e9lien Nicolas Maduro de partir, au moment o\u00f9 les Etats-Unis renforcent leur pression sur Caracas.<\/p>\n<p>                                            Lire aussi |  <a href=\"https:\/\/www.lemonde.fr\/idees\/article\/2025\/12\/19\/donald-trump-et-les-risques-de-l-aventurisme-au-venezuela_6658668_3232.html\" class=\"js-article-read-also catcher--favoris__link\" data-premium=\"\" id=\"article-title-3451877\" target=\"_blank\" rel=\"noopener\">Donald Trump et les risques de l\u2019aventurisme au Venezuela<\/a>    <\/p>\n<p>   Lire plus tard  <\/p>\n<p class=\"article__paragraph  \">R\u00e9pondant \u00e0 un journaliste lui demandant si l\u2019objectif de Washington \u00e9tait de contraindre M. Maduro \u00e0 quitter le pouvoir, le pr\u00e9sident am\u00e9ricain a r\u00e9pondu\u00a0: \u00ab\u00a0C\u2019est \u00e0 lui de d\u00e9cider ce qu\u2019il veut faire. Je pense que ce serait sage de sa part\u00a0\u00bb. \u00ab\u00a0Il peut faire tout ce qu\u2019il veut. Tout ce qu\u2019il veut, \u00e7a ne nous d\u00e9range pas. S\u2019il veut faire quelque chose, s\u2019il joue les durs, ce sera la derni\u00e8re fois qu\u2019il pourra jouer les durs\u00a0\u00bb, a-t-il encore dit lors d\u2019une conf\u00e9rence de presse en Floride.<\/p>\n<p class=\"article__paragraph  \">Le pr\u00e9sident am\u00e9ricain a par ailleurs soulign\u00e9 que les Etats-Unis avaient d\u00e9ploy\u00e9 une \u00ab\u00a0gigantesque armada\u00a0\u00bb dans les Cara\u00efbes, avec notamment le plus grand porte-avions du monde.<\/p>\n<p class=\"article__paragraph  \">Donald Trump a r\u00e9it\u00e9r\u00e9 lundi ses accusations selon lesquelles le Venezuela avait fait \u00ab\u00a0des choses horribles aux Etats-Unis\u00a0\u00bb en y envoyant notamment \u00ab\u00a0[des] criminels, [des] prisonniers, [des] trafiquants de drogue, [des] malades mentaux et [des] incomp\u00e9tents\u00a0\u00bb.<\/p>\n<p>                    \u00ab\u00a0Il doit partir\u00a0\u00bb                    <\/p>\n<p class=\"article__paragraph  \">Nicolas Maduro, dans un discours dont on ne sait s\u2019il a \u00e9t\u00e9 prononc\u00e9 avant ou apr\u00e8s les d\u00e9clarations de Donald Trump, a lui estim\u00e9 que le pr\u00e9sident am\u00e9ricain \u00ab\u00a0pourrait faire mieux dans son pays et dans le monde. Il s\u2019en sortirait mieux dans son propre pays sur les questions \u00e9conomiques et sociales, et il s\u2019en sortirait mieux dans le monde s\u2019il s\u2019occupait des affaires de son pays\u00a0\u00bb plut\u00f4t que du Venezuela.<\/p>\n<p class=\"article__paragraph  \">\u00ab\u00a0Il n\u2019est pas possible qu\u2019il consacre 70\u00a0% de ses discours et d\u00e9clarations, de son temps, au Venezuela. Et les Etats-Unis\u00a0? Et les pauvres Etats-Unis, qui ont besoin de logements et d\u2019emplois qu\u2019il faut cr\u00e9er\u00a0? Que chacun s\u2019occupe de son pays\u00a0!\u00a0\u00bb, a-t-il ajout\u00e9.<\/p>\n<p class=\"article__paragraph  \">Les Etats-Unis ont r\u00e9cemment annonc\u00e9 la mise en place d\u2019un blocus naval autour du Venezuela contre des p\u00e9troliers qu\u2019ils consid\u00e8rent comme \u00e9tant sous sanctions. Ils en ont d\u00e9j\u00e0 saisi deux qu\u2019ils accusent de transporter ill\u00e9galement du p\u00e9trole v\u00e9n\u00e9zu\u00e9lien. Un troisi\u00e8me a \u00e9t\u00e9 poursuivi dimanche sans \u00eatre saisi.<\/p>\n<p class=\"article__paragraph  \">Les Etats-Unis proc\u00e8dent par ailleurs depuis septembre \u00e0 des frappes contre des bateaux qu\u2019ils accusent de trafic de drogue, dans les Cara\u00efbes et dans le Pacifique. Une nouvelle frappe dans l\u2019est du Pacifique lundi a fait un mort, selon l\u2019arm\u00e9e am\u00e9ricaine, portant le bilan \u00e0 au moins 105 personnes tu\u00e9es sans forme de proc\u00e8s.<\/p>\n<p>                                       Lire aussi |  Article r\u00e9serv\u00e9 \u00e0 nos abonn\u00e9s  <a href=\"https:\/\/www.lemonde.fr\/international\/article\/2025\/12\/02\/face-a-nicolas-maduro-donald-trump-fait-monter-la-pression-sans-passer-a-l-acte_6655674_3210.html\" class=\"js-article-read-also catcher--favoris__link\" data-premium=\"1\" id=\"article-title-3449142\" target=\"_blank\" rel=\"noopener\">Face \u00e0 Nicolas Maduro, Donald Trump fait monter la pression sans passer \u00e0 l\u2019acte<\/a>    <\/p>\n<p>   Lire plus tard  <\/p>\n<p>                          Soutien russe                    <\/p>\n<p class=\"article__paragraph  \">Nicolas Maduro a re\u00e7u dans la journ\u00e9e un soutien appuy\u00e9 de la Russie, \u00e0 la veille d\u2019une r\u00e9union du Conseil de s\u00e9curit\u00e9 de l\u2019ONU consacr\u00e9e \u00e0 la crise entre Washington et Caracas.<\/p>\n<p> Le Monde M\u00e9morable  <\/p>\n<p> <a href=\"https:\/\/www.lemonde.fr\/memorable\/?rfextension=inread\" class=\"inread__link js-services-inread-link\" target=\"_blank\" rel=\"noopener\">  <\/p>\n<p>Testez votre culture g\u00e9n\u00e9rale avec la r\u00e9daction du \u00ab Monde \u00bb<\/p>\n<p>Testez votre culture g\u00e9n\u00e9rale avec la r\u00e9daction du \u00ab Monde \u00bb<\/p>\n<p>D\u00e9couvrir<\/p>\n<p> <\/a>      <\/p>\n<p> Newsletter  <\/p>\n<p> <a href=\"https:\/\/www.lemonde.fr\/newsletters\/a-la-une\/\" class=\"inread__link js-services-inread-link\" target=\"_blank\" rel=\"noopener\">  <\/p>\n<p>\u00ab A la une \u00bb<\/p>\n<p>Chaque matin, parcourez l&rsquo;essentiel de l&rsquo;actualit\u00e9 du jour avec les derniers titres du \u00ab Monde \u00bb<\/p>\n<p>S&rsquo;inscrire<\/p>\n<p> <\/a>          <\/p>\n<p> Le Monde Application  <\/p>\n<p> <a href=\"https:\/\/lamatinale.onelink.me\/gKMy\/ahw2ubr3\" class=\"inread__link js-services-inread-link\" target=\"_blank\" rel=\"noopener\">  <\/p>\n<p>La Matinale du Monde<\/p>\n<p>Chaque matin, retrouvez notre s\u00e9lection de 20 articles \u00e0 ne pas manquer <\/p>\n<p>T\u00e9l\u00e9charger l&rsquo;application<\/p>\n<p> <\/a>      <\/p>\n<p> Newsletter abonn\u00e9s  <\/p>\n<p> <a href=\"https:\/\/www.lemonde.fr\/newsletters\/international\/\" class=\"inread__link js-services-inread-link\" target=\"_blank\" rel=\"noopener\">  <\/p>\n<p>\u00ab International \u00bb<\/p>\n<p>L\u2019essentiel de l\u2019actualit\u00e9 internationale de la semaine<\/p>\n<p>S&rsquo;inscrire<\/p>\n<p> <\/a>             <\/p>\n<p class=\"article__paragraph  \">Le ministre v\u00e9n\u00e9zu\u00e9lien des affaires \u00e9trang\u00e8res Yvan Gil a en effet annonc\u00e9 avoir eu un entretien t\u00e9l\u00e9phonique avec son homologue russe Sergue\u00ef Lavrov, assurant que les deux hommes avaient pass\u00e9 \u00ab\u00a0en revue les agressions et les violations flagrantes du droit international\u00a0\u00bb, citant les \u00ab\u00a0attaques contre des embarcations, ex\u00e9cutions extrajudiciaires et actes illicites de piraterie commis par le gouvernement des Etats-Unis\u00a0\u00bb.<\/p>\n<p class=\"article__paragraph  \">Moscou a diffus\u00e9 de son c\u00f4t\u00e9 un communiqu\u00e9 faisant savoir que les \u00ab\u00a0ministres ont exprim\u00e9 leur profonde pr\u00e9occupation face \u00e0 l\u2019escalade des actions de Washington (\u2026) La partie russe a r\u00e9affirm\u00e9 son soutien total et sa solidarit\u00e9\u00a0\u00bb avec le Venezuela.<\/p>\n<p>                                             <img loading=\"lazy\" decoding=\"async\" src=\"https:\/\/www.europesays.com\/fr\/wp-content\/uploads\/2025\/12\/da46642_upload-1-3ogxesz2vryc-venezok.jpeg\" width=\"86\" height=\"86\"\/>      \u00c9couter aussi   <a href=\"https:\/\/www.lemonde.fr\/podcasts\/article\/2025\/11\/25\/donald-trump-va-t-il-provoquer-une-guerre-au-venezuela_6654700_5463015.html\" target=\"_blank\" rel=\"noopener\"> Donald Trump va-t-il provoquer une guerre au\u00a0Venezuela\u00a0? <\/a>                           <\/p>\n<p class=\"article__paragraph  \">Nicolas Maduro, d\u2019inspiration socialiste, est un fid\u00e8le alli\u00e9 de Vladimir Poutine, qu\u2019il a notamment soutenu d\u00e8s les premiers jours de l\u2019offensive militaire russe en Ukraine.<\/p>\n<p class=\"article__paragraph  \">Dans une lettre aux membres du Conseil de s\u00e9curit\u00e9 de l\u2019ONU, M.\u00a0Maduro estime que \u00ab\u00a0la piraterie d\u2019Etat\u00a0\u00bb des Etats-Unis \u00ab\u00a0constitue une menace directe pour l\u2019ordre juridique international et la s\u00e9curit\u00e9 mondiale\u00a0\u00bb.<\/p>\n<p class=\"article__paragraph  \">Les Etats-Unis accusent le Venezuela de se servir du p\u00e9trole, sa principale ressource, pour financer \u00ab\u00a0le narcoterrorisme, la traite d\u2019\u00eatres humains, les meurtres et les enl\u00e8vements\u00a0\u00bb. Caracas d\u00e9ment toute implication dans le trafic de stup\u00e9fiants et assure que Washington cherche \u00e0 renverser M. Maduro pour s\u2019emparer des r\u00e9serves p\u00e9troli\u00e8res de son pays, les plus grandes de la plan\u00e8te.<\/p>\n<p>                                       Lire aussi |  Article r\u00e9serv\u00e9 \u00e0 nos abonn\u00e9s  <a href=\"https:\/\/www.lemonde.fr\/international\/article\/2025\/12\/17\/donald-trump-impose-un-blocus-maritime-contre-les-petroliers-du-venezuela-semblant-viser-la-chute-de-nicolas-maduro_6658289_3210.html\" class=\"js-article-read-also catcher--favoris__link\" data-premium=\"1\" id=\"article-title-3451461\" target=\"_blank\" rel=\"noopener\">Donald Trump impose un blocus maritime contre les p\u00e9troliers du Venezuela, semblant viser la chute de Nicolas Maduro<\/a>    <\/p>\n<p>   Lire plus tard  <\/p>\n<p class=\"author__detail\">  Le Monde avec AFP  <\/p>\n<p>                <a href=\"https:\/\/www.lemonde.fr\/syndication\/\" class=\"reuse__content\" title=\"R\u00e9utiliser ce contenu\" target=\"_blank\" rel=\"noopener\">R\u00e9utiliser ce contenu<\/a>      <\/p>\n","protected":false},"excerpt":{"rendered":"Le pr\u00e9sident am\u00e9ricain, Donald Trump, passe devant une maquette de l\u2019USS Defiant de classe Trump, avant une conf\u00e9rence&hellip;\n","protected":false},"author":2,"featured_media":617493,"comment_status":"","ping_status":"","sticky":false,"template":"","format":"standard","meta":{"footnotes":""},"categories":[5],"tags":[11,1011,27,14,12,28],"class_list":{"0":"post-617492","1":"post","2":"type-post","3":"status-publish","4":"format-standard","5":"has-post-thumbnail","7":"category-international","8":"tag-actualites","9":"tag-fr","10":"tag-france","11":"tag-international","12":"tag-news","13":"tag-world"},"share_on_mastodon":{"url":"https:\/\/pubeurope.com\/@fr\/115767961814699505","error":""},"_links":{"self":[{"href":"https:\/\/www.europesays.com\/fr\/wp-json\/wp\/v2\/posts\/617492","targetHints":{"allow":["GET"]}}],"collection":[{"href":"https:\/\/www.europesays.com\/fr\/wp-json\/wp\/v2\/posts"}],"about":[{"href":"https:\/\/www.europesays.com\/fr\/wp-json\/wp\/v2\/types\/post"}],"author":[{"embeddable":true,"href":"https:\/\/www.europesays.com\/fr\/wp-json\/wp\/v2\/users\/2"}],"replies":[{"embeddable":true,"href":"https:\/\/www.europesays.com\/fr\/wp-json\/wp\/v2\/comments?post=617492"}],"version-history":[{"count":0,"href":"https:\/\/www.europesays.com\/fr\/wp-json\/wp\/v2\/posts\/617492\/revisions"}],"wp:featuredmedia":[{"embeddable":true,"href":"https:\/\/www.europesays.com\/fr\/wp-json\/wp\/v2\/media\/617493"}],"wp:attachment":[{"href":"https:\/\/www.europesays.com\/fr\/wp-json\/wp\/v2\/media?parent=617492"}],"wp:term":[{"taxonomy":"category","embeddable":true,"href":"https:\/\/www.europesays.com\/fr\/wp-json\/wp\/v2\/categories?post=617492"},{"taxonomy":"post_tag","embeddable":true,"href":"https:\/\/www.europesays.com\/fr\/wp-json\/wp\/v2\/tags?post=617492"}],"curies":[{"name":"wp","href":"https:\/\/api.w.org\/{rel}","templated":true}]}}