{"id":617496,"date":"2025-12-23T08:35:29","date_gmt":"2025-12-23T08:35:29","guid":{"rendered":"https:\/\/www.europesays.com\/fr\/617496\/"},"modified":"2025-12-23T08:35:29","modified_gmt":"2025-12-23T08:35:29","slug":"leon-xiv-exhorte-les-employes-du-vatican-a-la-simplicite-et-a-lhumilite","status":"publish","type":"post","link":"https:\/\/www.europesays.com\/fr\/617496\/","title":{"rendered":"L\u00e9on XIV exhorte les employ\u00e9s du Vatican \u00e0 la simplicit\u00e9 et \u00e0 l&rsquo;humilit\u00e9"},"content":{"rendered":"<p>\u00c0 l\u2019approche de la c\u00e9l\u00e9bration de la Nativit\u00e9, le Pape a re\u00e7u lundi ce 22 d\u00e9cembre, les employ\u00e9s de la Curie romaine, du Gouvernorat de l\u2019\u00c9tat de la Cit\u00e9 du Vatican et du Vicariat de Rome, avec leurs familles. Les personnages de la cr\u00e8che \u00abnous rappellent que toutes nos activit\u00e9s, nos occupations quotidiennes acqui\u00e8rent leur plein sens dans le dessein de Dieu, qui a son centre en J\u00e9sus-Christ\u00bb.<\/p>\n<p><b>Myriam Sandouno \u2013 Cit\u00e9 du Vatican<\/b><\/p>\n<p>\u00abAujourd&rsquo;hui, nous ne devons pas parler de travail, mais je veux profiter de cette occasion pour remercier chacun d&rsquo;entre vous pour le travail que vous accomplissez. Merci pour votre accueil chaleureux et surtout merci d&rsquo;\u00eatre venus \u00e0 cette rencontre\u00bb. Tels sont les premiers mots de L\u00e9on XIV adress\u00e9s aux employ\u00e9s de la Curie romaine, du Gouvernorat de l\u2019\u00c9tat de la Cit\u00e9 du Vatican et du Vicariat de Rome. Pour la premi\u00e8re fois, le Pape augustin les a accueillis tous ensemble dans la matin\u00e9e de ce lundi 22 d\u00e9cembre, avec leurs familles, \u00e0 l\u2019occasion des v\u0153ux de No\u00ebl.<\/p>\n<p><b>Les personnages de la cr\u00e8che<\/b> <\/p>\n<p>Affirmant \u00abapprendre \u00e0 conna\u00eetre le Vatican comme une grande mosa\u00efque de bureaux et de services\u00bb, le Souverain pontife a\u00a0 dans son discours\u00a0\u00e9mis le souhait, de les rencontrer en visitant leurs diff\u00e9rents lieux de travail. Lors de ce \u00abmoment familial\u00bb \u00e0 la veille de No\u00ebl, v\u00e9cu dans la Salle Paul VI, devant la cr\u00e8che, un don du Costa Rica, le Pape L\u00e9on XIV a centr\u00e9 son intervention sur la cr\u00e8che et ses diff\u00e9rents personnages \u00abtir\u00e9s de la vie quotidienne, qui peuplent l&rsquo;espace autour de la grotte\u00bb.<\/p>\n<p>Outre les incontournables bergers, protagonistes de l&rsquo;\u00e9v\u00e9nement selon l&rsquo;\u00c9vangile, on trouve des figurines repr\u00e9sentant diff\u00e9rents m\u00e9tiers: ceux de forgeron, d&rsquo;aubergiste, de lavandi\u00e8re, de r\u00e9mouleur, a rappel\u00e9 l\u2019\u00e9v\u00eaque de Rome. Ces m\u00e9tiers d&rsquo;autrefois: \u00abcertains ayant disparu ou totalement transform\u00e9s, conservent cependant leur signification au sein de la cr\u00e8che\u00bb.\u00a0\u00abIls nous rappellent que toutes nos activit\u00e9s, nos occupations quotidiennes acqui\u00e8rent leur plein sens dans le dessein de Dieu, qui a son centre en J\u00e9sus-Christ. C&rsquo;est comme si l&rsquo;Enfant J\u00e9sus, depuis la cr\u00e8che o\u00f9 il repose, b\u00e9nissait tout et tout le monde. Sa pr\u00e9sence douce et humble r\u00e9pand partout la tendresse de Dieu\u00bb, a d\u00e9clar\u00e9 le Saint-P\u00e8re.<\/p>\n<p>      <a href=\"https:\/\/www.vaticannews.va\/fr\/pape\/news\/2024-12\/voeux-de-noel-pape-gratitude-employes-du-vatican.html\" title=\"V\u0153ux de No\u00ebl: le Pape exprime sa gratitude aux employ\u00e9s du Vatican \" target=\"_blank\" rel=\"noopener\"><\/p>\n<p>         <img decoding=\"async\" src=\"data:image\/gif;base64,R0lGODlhAQABAIAAAAAAAP\/\/\/yH5BAEAAAAALAAAAAABAAEAAAIBRAA7\" data-original=\"https:\/\/www.vaticannews.va\/content\/dam\/vaticannews\/agenzie\/images\/srv\/2023\/12\/21\/2023-12-21-auguri-natalizi-dei-dipendenti-vaticani\/1703153321641.JPG\/_jcr_content\/renditions\/cq5dam.thumbnail.cropped.500.281.jpeg\" alt=\"V\u0153ux de No\u00ebl: le Pape exprime sa gratitude aux employ\u00e9s du Vatican \"\/><\/p>\n<p>       <\/a><\/p>\n<p>\n       \u00abMerci pour tout! Ce que vous faites, est un travail pr\u00e9cieux\u00bb, a dit Fran\u00e7ois aux travailleurs de la Cit\u00e9 du Vatican, les recevant en audience ce samedi 21 d\u00e9cembre. \u00abPar votre &#8230;\n      <\/p>\n<p> <br \/>\n<b>Glorifier Dieu par son travail<\/b> <\/p>\n<p>\u00abTandis que Marie et Joseph adorent l&rsquo;Enfant et que les bergers s&rsquo;approchent \u00e9merveill\u00e9s, les autres personnages accomplissent leurs gestes quotidiens\u00bb. Cela peut laisser entrevoir qu\u2019ils semblent d\u00e9tach\u00e9s de l&rsquo;\u00e9v\u00e9nement central, a not\u00e9 le Pape, mais, a-t-il expliqu\u00e9, \u00abce n&rsquo;est pas le cas: en r\u00e9alit\u00e9, chacun y participe tel qu&rsquo;il est, en restant \u00e0 sa place et en faisant ce qu&rsquo;il doit faire, son m\u00e9tier\u00bb.<\/p>\n<p>Se focalisant ensuite sur les diff\u00e9rentes activit\u00e9s quotidiennes du travail de chacun, le Pape a tenu \u00e0 rappeler qu\u2019en accomplissant correctement sa t\u00e2che, \u00abnous louons Dieu, avec engagement\u00bb. Parfois, \u00abnous sommes tellement pris par nos occupations que nous ne pensons pas au Seigneur ou \u00e0 l&rsquo;\u00c9glise\u00bb, mais, a-t-il ajout\u00e9, \u00able fait m\u00eame de travailler avec d\u00e9vouement, en essayant de donner le meilleur de nous-m\u00eames, et aussi \u2013 pour vous, la\u00efcs \u2013 avec amour pour votre famille, pour vos enfants, cela rend gloire au Seigneur\u00bb.<\/p>\n<p><b>Le style de la simplicit\u00e9\u00a0<\/b> <\/p>\n<p>Au terme de son intervention, le Pape a souhait\u00e9 aux employ\u00e9s et \u00e0 leurs familles un \u00absaint No\u00ebl, dans la joie et la s\u00e9r\u00e9nit\u00e9 que J\u00e9sus nous donne\u00bb.\u00a0\u00abApprenons de la naissance de J\u00e9sus le style de la simplicit\u00e9, de l&rsquo;humilit\u00e9, et faisons en sorte, tous ensemble, que ce soit de plus en plus le style de l&rsquo;\u00c9glise, dans toutes ses expressions\u00bb, leur a-t-il conseill\u00e9.<\/p>\n","protected":false},"excerpt":{"rendered":"\u00c0 l\u2019approche de la c\u00e9l\u00e9bration de la Nativit\u00e9, le Pape a re\u00e7u lundi ce 22 d\u00e9cembre, les employ\u00e9s&hellip;\n","protected":false},"author":2,"featured_media":617497,"comment_status":"","ping_status":"","sticky":false,"template":"","format":"standard","meta":{"footnotes":""},"categories":[2],"tags":[11,19672,72787,1011,27,12,15830,20114,13425,3847],"class_list":{"0":"post-617496","1":"post","2":"type-post","3":"status-publish","4":"format-standard","5":"has-post-thumbnail","7":"category-actualites","8":"tag-actualites","9":"tag-chefs-detat-et-de-gouvernement","10":"tag-curie-romaine","11":"tag-fr","12":"tag-france","13":"tag-news","14":"tag-noel","15":"tag-pape-leon-xiv","16":"tag-saint-siege","17":"tag-travail"},"share_on_mastodon":{"url":"https:\/\/pubeurope.com\/@fr\/115767969292285916","error":""},"_links":{"self":[{"href":"https:\/\/www.europesays.com\/fr\/wp-json\/wp\/v2\/posts\/617496","targetHints":{"allow":["GET"]}}],"collection":[{"href":"https:\/\/www.europesays.com\/fr\/wp-json\/wp\/v2\/posts"}],"about":[{"href":"https:\/\/www.europesays.com\/fr\/wp-json\/wp\/v2\/types\/post"}],"author":[{"embeddable":true,"href":"https:\/\/www.europesays.com\/fr\/wp-json\/wp\/v2\/users\/2"}],"replies":[{"embeddable":true,"href":"https:\/\/www.europesays.com\/fr\/wp-json\/wp\/v2\/comments?post=617496"}],"version-history":[{"count":0,"href":"https:\/\/www.europesays.com\/fr\/wp-json\/wp\/v2\/posts\/617496\/revisions"}],"wp:featuredmedia":[{"embeddable":true,"href":"https:\/\/www.europesays.com\/fr\/wp-json\/wp\/v2\/media\/617497"}],"wp:attachment":[{"href":"https:\/\/www.europesays.com\/fr\/wp-json\/wp\/v2\/media?parent=617496"}],"wp:term":[{"taxonomy":"category","embeddable":true,"href":"https:\/\/www.europesays.com\/fr\/wp-json\/wp\/v2\/categories?post=617496"},{"taxonomy":"post_tag","embeddable":true,"href":"https:\/\/www.europesays.com\/fr\/wp-json\/wp\/v2\/tags?post=617496"}],"curies":[{"name":"wp","href":"https:\/\/api.w.org\/{rel}","templated":true}]}}