{"id":617498,"date":"2025-12-23T08:37:39","date_gmt":"2025-12-23T08:37:39","guid":{"rendered":"https:\/\/www.europesays.com\/fr\/617498\/"},"modified":"2025-12-23T08:37:39","modified_gmt":"2025-12-23T08:37:39","slug":"pres-de-saint-etienne-sa-voiture-plonge-dans-la-loire-un-homme-sauve","status":"publish","type":"post","link":"https:\/\/www.europesays.com\/fr\/617498\/","title":{"rendered":"Pr\u00e8s de Saint-\u00c9tienne : sa voiture plonge dans la Loire, un homme sauv\u00e9"},"content":{"rendered":"<p>Un homme de 49 ans a \u00e9t\u00e9 secouru, ce dimanche 21 d\u00e9cembre, alors qu&rsquo;il se trouvait \u00e0 bord d&rsquo;un utilitaire, en partie immerg\u00e9 dans la Loire, sur la commune d&rsquo;Andr\u00e9zieux-Bouth\u00e9on.<\/p>\n<p>Les faits se sont produits chemin Auguste Arsac, pr\u00e8s de l&rsquo;A72, \u00e0 <b>Andr\u00e9zieux-Bouth\u00e9on<\/b>.<\/p>\n<p>D&rsquo;apr\u00e8s les premiers \u00e9l\u00e9ments, un utilitaire a plong\u00e9 dans la <b>Loire<\/b> aux alentours de 19h45, ce dimanche soir.<\/p>\n<p>Un geste d\u00e9sesp\u00e9r\u00e9 ?<\/p>\n<p>\u00c0 son bord, <b>un homme de 49 ans<\/b> a pu \u00eatre secouru \u00e0 temps. Conscient lors de sa prise en charge, il a \u00e9t\u00e9 transport\u00e9 \u00e0 l&rsquo;h\u00f4pital Nord de Saint-\u00c9tienne.<\/p>\n<p>Selon les pompiers, celui-ci cherchait \u00e0 mettre fin \u00e0 ses jours. La gendarmerie, pr\u00e9sente sur les lieux, a ouvert <b>une enqu\u00eate<\/b>.<\/p>\n<p>Au total, dix-sept pompiers ont \u00e9t\u00e9 mobilis\u00e9s, notamment une \u00e9quipe sp\u00e9cialis\u00e9e en sauvetage aquatique.<\/p>\n<p><img loading=\"lazy\" decoding=\"async\" src=\"https:\/\/www.europesays.com\/fr\/wp-content\/uploads\/2025\/12\/1766479059_679_img\" width=\"350\" height=\"200\" border=\"0\" title=\"L'\u00c3\u00a9changeur de la Gouyonni\u00c3\u00a8re, sur l'A72, \u00c3\u00a0 Andr\u00c3\u00a9zieux-Bouth\u00c3\u00a9on (Loire)\"\/><\/p>\n<p>\u25baTrafic<\/p>\n<p style=\"font-size: 22px;\"><b>Loire : \u00ab\u00a0une vraie satisfaction\u00a0\u00bb apr\u00e8s les travaux sur l&rsquo;\u00e9changeur de la Gouyonni\u00e8re<\/b><\/p>\n<p>Apr\u00e8s plusieurs mois de travaux, le D\u00e9partement&#8230;<\/p>\n<p><\/p>\n","protected":false},"excerpt":{"rendered":"Un homme de 49 ans a \u00e9t\u00e9 secouru, ce dimanche 21 d\u00e9cembre, alors qu&rsquo;il se trouvait \u00e0 bord&hellip;\n","protected":false},"author":2,"featured_media":594511,"comment_status":"","ping_status":"","sticky":false,"template":"","format":"standard","meta":{"footnotes":""},"categories":[9653],"tags":[1111,11,17670,2430,1777,674,1011,27,3367,12,7781,1311,25,4001,14551],"class_list":{"0":"post-617498","1":"post","2":"type-post","3":"status-publish","4":"format-standard","5":"has-post-thumbnail","7":"category-saint-etienne","8":"tag-actu","9":"tag-actualites","10":"tag-andrzieux-bouthon","11":"tag-auvergne-rhone-alpes","12":"tag-eu","13":"tag-europe","14":"tag-fr","15":"tag-france","16":"tag-loire","17":"tag-news","18":"tag-noyade","19":"tag-pompiers","20":"tag-republique-francaise","21":"tag-saint-etienne","22":"tag-sauvetage"},"share_on_mastodon":{"url":"https:\/\/pubeurope.com\/@fr\/115767979017308889","error":""},"_links":{"self":[{"href":"https:\/\/www.europesays.com\/fr\/wp-json\/wp\/v2\/posts\/617498","targetHints":{"allow":["GET"]}}],"collection":[{"href":"https:\/\/www.europesays.com\/fr\/wp-json\/wp\/v2\/posts"}],"about":[{"href":"https:\/\/www.europesays.com\/fr\/wp-json\/wp\/v2\/types\/post"}],"author":[{"embeddable":true,"href":"https:\/\/www.europesays.com\/fr\/wp-json\/wp\/v2\/users\/2"}],"replies":[{"embeddable":true,"href":"https:\/\/www.europesays.com\/fr\/wp-json\/wp\/v2\/comments?post=617498"}],"version-history":[{"count":0,"href":"https:\/\/www.europesays.com\/fr\/wp-json\/wp\/v2\/posts\/617498\/revisions"}],"wp:featuredmedia":[{"embeddable":true,"href":"https:\/\/www.europesays.com\/fr\/wp-json\/wp\/v2\/media\/594511"}],"wp:attachment":[{"href":"https:\/\/www.europesays.com\/fr\/wp-json\/wp\/v2\/media?parent=617498"}],"wp:term":[{"taxonomy":"category","embeddable":true,"href":"https:\/\/www.europesays.com\/fr\/wp-json\/wp\/v2\/categories?post=617498"},{"taxonomy":"post_tag","embeddable":true,"href":"https:\/\/www.europesays.com\/fr\/wp-json\/wp\/v2\/tags?post=617498"}],"curies":[{"name":"wp","href":"https:\/\/api.w.org\/{rel}","templated":true}]}}