{"id":617501,"date":"2025-12-23T08:40:26","date_gmt":"2025-12-23T08:40:26","guid":{"rendered":"https:\/\/www.europesays.com\/fr\/617501\/"},"modified":"2025-12-23T08:40:26","modified_gmt":"2025-12-23T08:40:26","slug":"simi-2025-nancy-sud-lorraine-deploie-ses-atouts-au-sommet-de-limmobilier","status":"publish","type":"post","link":"https:\/\/www.europesays.com\/fr\/617501\/","title":{"rendered":"SIMI 2025 : Nancy Sud Lorraine d\u00e9ploie ses atouts au sommet de l&rsquo;immobilier"},"content":{"rendered":"<p>Pour ce rendez-vous incontournable \u00e0 Paris Expo Porte de Versailles, l\u2019agence Lorr\u2019Up a uni ses forces \u00e0 celles de Reims Business, Moselle Attractivit\u00e9, Inspire Metz et Vosges&amp;co.<\/p>\n<p>R\u00e9unis dans un stand commun de la R\u00e9gion Grand Est, ces acteurs de l&rsquo;attractivit\u00e9 territoriale ont expos\u00e9 une vitrine solidaire des opportunit\u00e9s immobili\u00e8res et \u00e9conomiques locales. Pour Nancy Sud Lorraine, cette pr\u00e9sence fut une occasion privil\u00e9gi\u00e9e mettant en avant son \u00e9cosyst\u00e8me favorable \u00e0 l\u2019implantation industrielle et ses fili\u00e8res strat\u00e9giques.<\/p>\n<p>270 hectares pour b\u00e2tir l&rsquo;avenir industriel<\/p>\n<p>Au c\u0153ur d&rsquo;un espace de 72 m\u00b2, Lorr\u2019Up expose les arguments de poids du sud de la Meurthe-et-Moselle : une offre fonci\u00e8re ma\u00eetris\u00e9e de pr\u00e8s de 270 hectares et une expertise d\u00e9di\u00e9e \u00e0 la croissance des entreprises. De l&rsquo;identification des sites jusqu&rsquo;\u00e0 la mise en relation avec les partenaires cl\u00e9s, l\u2019agence propose un soutien sur mesure pour faciliter l&rsquo;installation ou l&rsquo;expansion des activit\u00e9s. Cette strat\u00e9gie cible particuli\u00e8rement les fili\u00e8res d\u2019excellence, notamment la sant\u00e9, le num\u00e9rique et l\u2019industrie verte afin de renforcer la comp\u00e9titivit\u00e9 du territoire tout en accompagnant les transitions \u00e9cologiques et num\u00e9riques des acteurs \u00e9conomiques.<\/p>\n<p>Un catalyseur de croissance pour les fili\u00e8res d\u2019excellence<\/p>\n<p>L\u2019engagement de Lorr\u2019Up au SIMI d\u00e9passe la simple exposition immobili\u00e8re ; il s&rsquo;agit d&rsquo;affirmer Nancy Sud Lorraine comme une destination de premier plan pour le d\u00e9veloppement industriel. En f\u00e9d\u00e9rant l\u2019\u00e9cosyst\u00e8me local et en simplifiant les d\u00e9marches des investisseurs, l&rsquo;agence confirme sa mission de moteur de l&rsquo;attractivit\u00e9 r\u00e9gionale. Cette participation souligne la volont\u00e9 du territoire de transformer son potentiel foncier en projets concrets, cr\u00e9ateurs de valeur et d&#8217;emplois durables. Pour Lorr\u2019Up et ses partenaires, SIMI 2025 constitue une vitrine strat\u00e9gique, propice \u00e0 renforcer les \u00e9changes et \u00e0 acc\u00e9l\u00e9rer les projets d\u2019envergure sur le territoire de Nancy Sud Lorraine.<\/p>\n","protected":false},"excerpt":{"rendered":"Pour ce rendez-vous incontournable \u00e0 Paris Expo Porte de Versailles, l\u2019agence Lorr\u2019Up a uni ses forces \u00e0 celles&hellip;\n","protected":false},"author":2,"featured_media":617502,"comment_status":"","ping_status":"","sticky":false,"template":"","format":"standard","meta":{"footnotes":""},"categories":[9635],"tags":[1111,11,1777,674,1011,27,775,1702,12,25],"class_list":{"0":"post-617501","1":"post","2":"type-post","3":"status-publish","4":"format-standard","5":"has-post-thumbnail","7":"category-nancy","8":"tag-actu","9":"tag-actualites","10":"tag-eu","11":"tag-europe","12":"tag-fr","13":"tag-france","14":"tag-grand-est","15":"tag-nancy","16":"tag-news","17":"tag-republique-francaise"},"share_on_mastodon":{"url":"https:\/\/pubeurope.com\/@fr\/115767992886544601","error":""},"_links":{"self":[{"href":"https:\/\/www.europesays.com\/fr\/wp-json\/wp\/v2\/posts\/617501","targetHints":{"allow":["GET"]}}],"collection":[{"href":"https:\/\/www.europesays.com\/fr\/wp-json\/wp\/v2\/posts"}],"about":[{"href":"https:\/\/www.europesays.com\/fr\/wp-json\/wp\/v2\/types\/post"}],"author":[{"embeddable":true,"href":"https:\/\/www.europesays.com\/fr\/wp-json\/wp\/v2\/users\/2"}],"replies":[{"embeddable":true,"href":"https:\/\/www.europesays.com\/fr\/wp-json\/wp\/v2\/comments?post=617501"}],"version-history":[{"count":0,"href":"https:\/\/www.europesays.com\/fr\/wp-json\/wp\/v2\/posts\/617501\/revisions"}],"wp:featuredmedia":[{"embeddable":true,"href":"https:\/\/www.europesays.com\/fr\/wp-json\/wp\/v2\/media\/617502"}],"wp:attachment":[{"href":"https:\/\/www.europesays.com\/fr\/wp-json\/wp\/v2\/media?parent=617501"}],"wp:term":[{"taxonomy":"category","embeddable":true,"href":"https:\/\/www.europesays.com\/fr\/wp-json\/wp\/v2\/categories?post=617501"},{"taxonomy":"post_tag","embeddable":true,"href":"https:\/\/www.europesays.com\/fr\/wp-json\/wp\/v2\/tags?post=617501"}],"curies":[{"name":"wp","href":"https:\/\/api.w.org\/{rel}","templated":true}]}}