{"id":61751,"date":"2025-04-29T12:15:10","date_gmt":"2025-04-29T12:15:10","guid":{"rendered":"https:\/\/www.europesays.com\/fr\/61751\/"},"modified":"2025-04-29T12:15:10","modified_gmt":"2025-04-29T12:15:10","slug":"le-cabinet-kapitan-recrute-une-apprentie-collaborateur-comptable","status":"publish","type":"post","link":"https:\/\/www.europesays.com\/fr\/61751\/","title":{"rendered":"Le cabinet KAPITAN recrute un(e) apprenti(e) Collaborateur Comptable"},"content":{"rendered":"<p>                    <img loading=\"lazy\" decoding=\"async\" src=\"https:\/\/www.europesays.com\/fr\/wp-content\/uploads\/2025\/04\/9e7ad90087260112b4f409693f35c6.png\" class=\"img-responsive post-image\" width=\"680\" height=\"510\" alt=\"Le cabinet KAPITAN recrut\" title=\"Le cabinet KAPITAN recrute un(e) apprenti(e) Collaborateur Comptable \"\/><\/p>\n<p class=\"chapo\">Un cabinet \u00e0 la pointe du digital, une ambiance conviviale et un accompagnement de qualit\u00e9\u00a0: le cabinet d\u2019expertise-comptable KAPITAN propose une opportunit\u00e9 en alternance d\u2019une ou deux ann\u00e9es pour un(e) Apprenti(e) Collaborateur Comptable (H\/F).<\/p>\n<p>Dirig\u00e9 par des professionnels issus du monde de l\u2019entreprise, KAPITAN est un cabinet enti\u00e8rement digitalis\u00e9, engag\u00e9 dans une d\u00e9marche de performance, de conseil et d\u2019accompagnement efficace aupr\u00e8s de ses clients dirigeants. Ici, la comptabilit\u00e9 n\u2019est plus une simple affaire de saisie\u00a0: place \u00e0 l\u2019analyse, la projection, et la relation client.<br class=\"texte\"\/><br \/>\nDans ce cadre dynamique et bienveillant \u2014 o\u00f9 les lundis matin sont synonymes d\u2019enthousiasme \u2014 le cabinet souhaite renforcer son \u00e9quipe avec un(e) alternant(e) motiv\u00e9(e), r\u00e9actif(ve) et communicant(e).<\/p>\n<p>Une formation compl\u00e8te au c\u0153ur du m\u00e9tier<\/p>\n<p>Sous la supervision directe de l\u2019expert-comptable et commissaire aux comptes, l\u2019alternant(e) participera activement \u00e0\u00a0:<br class=\"autobr\"\/><br \/>\nLa tenue comptable et la mise \u00e0 jour des dossiers clients,<br class=\"autobr\"\/><br \/>\nL\u2019\u00e9tablissement de d\u00e9clarations fiscales p\u00e9riodiques,<br class=\"autobr\"\/><br \/>\nLa pr\u00e9paration de business plans et documents interm\u00e9diaires (situations, r\u00e9sultats rapproch\u00e9s),<br class=\"autobr\"\/><br \/>\nLa r\u00e9alisation de bulletins de paie,<br class=\"autobr\"\/><br \/>\nLa r\u00e9daction des bilans et proc\u00e8s-verbaux d\u2019assembl\u00e9es g\u00e9n\u00e9rales.<\/p>\n<p>Profil recherch\u00e9<\/p>\n<p>Le poste est ouvert aux \u00e9tudiants <strong>\u00e0 partir de la 3e ann\u00e9e d\u2019\u00e9tudes sup\u00e9rieures en comptabilit\u00e9 (Licence pro, DSCG, Master),<\/strong> ayant d\u00e9j\u00e0 une premi\u00e8re exp\u00e9rience en cabinet (stage ou apprentissage). Rigueur, sens de l\u2019initiative, envie de s\u2019impliquer dans la croissance du cabinet et excellent relationnel sont attendus.<\/p>\n<p>KAPITAN cherche une personnalit\u00e9 ouverte, capable de dialoguer avec les clients de mani\u00e8re p\u00e9dagogique et conviviale.<\/p>\n<p><strong>Candidature<\/strong><br class=\"autobr\"\/><br \/>\nEnvoyez votre lettre de motivation et votre CV \u00e0 l\u2019attention de Didier MULLER\u00a0:<br class=\"autobr\"\/><br \/>\n<a href=\"https:\/\/www.petitesaffiches.fr\/cdn-cgi\/l\/email-protection\" class=\"__cf_email__\" data-cfemail=\"32561c5f475e5e5740725953425b46535c1c5751\" rel=\"nofollow noopener\" target=\"_blank\">[email\u00a0protected]<\/a><\/p>\n<p>Visuel de Une\u00a0: illustration \u00a9DR<\/p>\n","protected":false},"excerpt":{"rendered":"Un cabinet \u00e0 la pointe du digital, une ambiance conviviale et un accompagnement de qualit\u00e9\u00a0: le cabinet d\u2019expertise-comptable&hellip;\n","protected":false},"author":2,"featured_media":61752,"comment_status":"","ping_status":"","sticky":false,"template":"","format":"standard","meta":{"footnotes":""},"categories":[2819],"tags":[1111,11,2408,1777,674,1011,27,12,2401,882,25],"class_list":{"0":"post-61751","1":"post","2":"type-post","3":"status-publish","4":"format-standard","5":"has-post-thumbnail","7":"category-nice","8":"tag-actu","9":"tag-actualites","10":"tag-appels-d","11":"tag-eu","12":"tag-europe","13":"tag-fr","14":"tag-france","15":"tag-news","16":"tag-nice","17":"tag-provence-alpes-cote-dazur","18":"tag-republique-francaise"},"share_on_mastodon":{"url":"https:\/\/pubeurope.com\/@fr\/114421204554390061","error":""},"_links":{"self":[{"href":"https:\/\/www.europesays.com\/fr\/wp-json\/wp\/v2\/posts\/61751","targetHints":{"allow":["GET"]}}],"collection":[{"href":"https:\/\/www.europesays.com\/fr\/wp-json\/wp\/v2\/posts"}],"about":[{"href":"https:\/\/www.europesays.com\/fr\/wp-json\/wp\/v2\/types\/post"}],"author":[{"embeddable":true,"href":"https:\/\/www.europesays.com\/fr\/wp-json\/wp\/v2\/users\/2"}],"replies":[{"embeddable":true,"href":"https:\/\/www.europesays.com\/fr\/wp-json\/wp\/v2\/comments?post=61751"}],"version-history":[{"count":0,"href":"https:\/\/www.europesays.com\/fr\/wp-json\/wp\/v2\/posts\/61751\/revisions"}],"wp:featuredmedia":[{"embeddable":true,"href":"https:\/\/www.europesays.com\/fr\/wp-json\/wp\/v2\/media\/61752"}],"wp:attachment":[{"href":"https:\/\/www.europesays.com\/fr\/wp-json\/wp\/v2\/media?parent=61751"}],"wp:term":[{"taxonomy":"category","embeddable":true,"href":"https:\/\/www.europesays.com\/fr\/wp-json\/wp\/v2\/categories?post=61751"},{"taxonomy":"post_tag","embeddable":true,"href":"https:\/\/www.europesays.com\/fr\/wp-json\/wp\/v2\/tags?post=61751"}],"curies":[{"name":"wp","href":"https:\/\/api.w.org\/{rel}","templated":true}]}}