{"id":617513,"date":"2025-12-23T08:50:11","date_gmt":"2025-12-23T08:50:11","guid":{"rendered":"https:\/\/www.europesays.com\/fr\/617513\/"},"modified":"2025-12-23T08:50:11","modified_gmt":"2025-12-23T08:50:11","slug":"tentative-de-home-hacking-pres-de-rennes-les-auteurs-en-fuite","status":"publish","type":"post","link":"https:\/\/www.europesays.com\/fr\/617513\/","title":{"rendered":"Tentative de home-hacking pr\u00e8s de Rennes : les auteurs en fuite"},"content":{"rendered":"<p style=\"text-align: justify;\" data-start=\"42\" data-end=\"133\"><strong>Rennes, 23 d\u00e9cembre, 9 h 37.\u00a0<\/strong>Un fait divers pr\u00e9occupant s\u2019est produit ce mardi 23 d\u00e9cembre au matin dans une commune situ\u00e9e \u00e0 proximit\u00e9 de Rennes. Selon nos premiers \u00e9l\u00e9ments recueillis, plusieurs individus se sont introduits au domicile d\u2019un particulier dans le cadre d\u2019un home-hacking, une m\u00e9thode de plus en plus redout\u00e9e consistant \u00e0 voler un v\u00e9hicule directement au domicile de son propri\u00e9taire. D\u2019apr\u00e8s les informations, les malfaiteurs auraient bless\u00e9 le propri\u00e9taire des lieux. Toutefois, les auteurs n\u2019auraient pas r\u00e9ussi \u00e0 repartir avec le ou les v\u00e9hicules vis\u00e9s. Ils ont ensuite pris la fuite avant l\u2019arriv\u00e9e des forces de l\u2019ordre. Une enqu\u00eate a imm\u00e9diatement \u00e9t\u00e9 ouverte. \u00c0 ce stade, aucune communication officielle n\u2019a \u00e9t\u00e9 faite par la police.\u00a0<\/p>\n","protected":false},"excerpt":{"rendered":"Rennes, 23 d\u00e9cembre, 9 h 37.\u00a0Un fait divers pr\u00e9occupant s\u2019est produit ce mardi 23 d\u00e9cembre au matin dans&hellip;\n","protected":false},"author":2,"featured_media":97878,"comment_status":"","ping_status":"","sticky":false,"template":"","format":"standard","meta":{"footnotes":""},"categories":[2821],"tags":[1111,11,829,1777,674,1011,27,12,584,25],"class_list":{"0":"post-617513","1":"post","2":"type-post","3":"status-publish","4":"format-standard","5":"has-post-thumbnail","7":"category-rennes","8":"tag-actu","9":"tag-actualites","10":"tag-bretagne","11":"tag-eu","12":"tag-europe","13":"tag-fr","14":"tag-france","15":"tag-news","16":"tag-rennes","17":"tag-republique-francaise"},"share_on_mastodon":{"url":"https:\/\/pubeurope.com\/@fr\/115768028300862491","error":""},"_links":{"self":[{"href":"https:\/\/www.europesays.com\/fr\/wp-json\/wp\/v2\/posts\/617513","targetHints":{"allow":["GET"]}}],"collection":[{"href":"https:\/\/www.europesays.com\/fr\/wp-json\/wp\/v2\/posts"}],"about":[{"href":"https:\/\/www.europesays.com\/fr\/wp-json\/wp\/v2\/types\/post"}],"author":[{"embeddable":true,"href":"https:\/\/www.europesays.com\/fr\/wp-json\/wp\/v2\/users\/2"}],"replies":[{"embeddable":true,"href":"https:\/\/www.europesays.com\/fr\/wp-json\/wp\/v2\/comments?post=617513"}],"version-history":[{"count":0,"href":"https:\/\/www.europesays.com\/fr\/wp-json\/wp\/v2\/posts\/617513\/revisions"}],"wp:featuredmedia":[{"embeddable":true,"href":"https:\/\/www.europesays.com\/fr\/wp-json\/wp\/v2\/media\/97878"}],"wp:attachment":[{"href":"https:\/\/www.europesays.com\/fr\/wp-json\/wp\/v2\/media?parent=617513"}],"wp:term":[{"taxonomy":"category","embeddable":true,"href":"https:\/\/www.europesays.com\/fr\/wp-json\/wp\/v2\/categories?post=617513"},{"taxonomy":"post_tag","embeddable":true,"href":"https:\/\/www.europesays.com\/fr\/wp-json\/wp\/v2\/tags?post=617513"}],"curies":[{"name":"wp","href":"https:\/\/api.w.org\/{rel}","templated":true}]}}