{"id":617514,"date":"2025-12-23T08:51:13","date_gmt":"2025-12-23T08:51:13","guid":{"rendered":"https:\/\/www.europesays.com\/fr\/617514\/"},"modified":"2025-12-23T08:51:13","modified_gmt":"2025-12-23T08:51:13","slug":"pourquoi-le-president-de-la-region-bretagne-sera-a-maurepas-ce-mardi","status":"publish","type":"post","link":"https:\/\/www.europesays.com\/fr\/617514\/","title":{"rendered":"pourquoi le pr\u00e9sident de la R\u00e9gion Bretagne sera \u00e0 Maurepas ce mardi\u00a0?"},"content":{"rendered":"<p>                    Par<br \/>\n        <strong><br \/>\n            <a href=\"https:\/\/actu.fr\/auteur\/clemence-pays02-actu-fr\" title=\"Consulter tous les articles de Cl\u00e9mence Pays\" target=\"_blank\" rel=\"noopener\">Cl\u00e9mence Pays<\/a><br \/>\n                    <\/strong><\/p>\n<p>        Publi\u00e9 le<\/p>\n<p>            23 d\u00e9c. 2025 \u00e0 8h33        <\/p>\n<p>Le pr\u00e9sident de R\u00e9gion, <strong>Lo\u00efg Chesnais-Girard<\/strong> doit se rendre dans le quartier de <a href=\"https:\/\/actu.fr\/tag\/maurepas\" target=\"_blank\" rel=\"noopener\">Maurepas<\/a>, \u00e0 Rennes, ce mardi 23\u00a0d\u00e9cembre 2025.<\/p>\n<p class=\" wall-content\">La raison\u2009? Une <strong>distribution de jouets<\/strong> doit avoir lieu au profit d\u2019<strong>enfants accompagn\u00e9s par l\u2019association Un Toit c\u2019est un droit.<\/strong> Une action solidaire \u00e0 laquelle participera donc le pr\u00e9sident de la R\u00e9gion Bretagne.<\/p>\n<p>113\u00a0enfants<\/p>\n<p class=\" wall-content\">Derri\u00e8re cette distribution, c\u2019est le<strong> Club Face 35<\/strong> (Fondation Agir contre l\u2019exclusion) qui est aux commandes. Depuis plusieurs semaines, la fondation a <strong>collect\u00e9 des cadeaux<\/strong> aupr\u00e8s de salari\u00e9s et dirigeants d\u2019entreprises d\u2019Ille-et-Vilaine impliqu\u00e9es aux c\u00f4t\u00e9s de l\u2019association.<\/p>\n<p class=\" wall-content\">Au total, <strong>113\u00a0enfants<\/strong> vont pouvoir d\u00e9couvrir ces pr\u00e9sents lors d\u2019un \u00ab\u2009go\u00fbter festif\u2009\u00bb organis\u00e9 dans les locaux d\u2019Un Toit c\u2019est un droit, qui se trouvent rue de la Marbaudais, \u00e0 Maurepas.<\/p>\n<p>Un plan de refus de la mis\u00e8re<\/p>\n<p class=\" wall-content\">Dans un communiqu\u00e9 de presse, la R\u00e9gion indique que \u00ab\u2009Face 35 a nou\u00e9 des liens \u00e9troits avec la R\u00e9gion Bretagne dans le cadre du <strong>Plan de refus de la mis\u00e8re et de la pauvret\u00e9,<\/strong> adopt\u00e9 en 2023.\u2009\u00bb<\/p>\n<p class=\" wall-content\">\u00ab\u2009Ce dernier <strong>pr\u00e9voit de nombreuses actions concr\u00e8tes<\/strong> comme, par exemple, l\u2019acc\u00e8s simplifi\u00e9 \u00e0 la carte BreizhGo solidaire, le don de produits alimentaires issus des cantines des lyc\u00e9es, l\u2019aide \u00e0 l\u2019implantation de points de distribution de denr\u00e9es, l\u2019int\u00e9gration de clauses sociales dans les march\u00e9s publics r\u00e9gionaux, etc.\u2009\u00bb<\/p>\n<p class=\" wall-content\">Personnalisez votre actualit\u00e9 en ajoutant vos villes et m\u00e9dias en favori avec <a href=\"https:\/\/moncompte.actu.fr\" title=\"D\u00e9couvez Mon Actu\" rel=\"nofollow noopener\" data-trk=\"{&quot;cta&quot;:{&quot;action&quot;:&quot;https:\\\/\\\/moncompte.actu.fr&quot;,&quot;category&quot;:&quot;mon compte&quot;,&quot;from&quot;:&quot;article footer&quot;,&quot;name&quot;:&quot;Mon actu&quot;,&quot;type&quot;:&quot;cta&quot;}}\" target=\"_blank\">Mon Actu<\/a>.<\/p>\n","protected":false},"excerpt":{"rendered":"Par Cl\u00e9mence Pays Publi\u00e9 le 23 d\u00e9c. 2025 \u00e0 8h33 Le pr\u00e9sident de R\u00e9gion, Lo\u00efg Chesnais-Girard doit se&hellip;\n","protected":false},"author":2,"featured_media":617515,"comment_status":"","ping_status":"","sticky":false,"template":"","format":"standard","meta":{"footnotes":""},"categories":[2821],"tags":[1111,11,829,1777,674,1011,27,22320,12,57084,316,584,25],"class_list":{"0":"post-617514","1":"post","2":"type-post","3":"status-publish","4":"format-standard","5":"has-post-thumbnail","7":"category-rennes","8":"tag-actu","9":"tag-actualites","10":"tag-bretagne","11":"tag-eu","12":"tag-europe","13":"tag-fr","14":"tag-france","15":"tag-maurepas","16":"tag-news","17":"tag-noel-a-rennes","18":"tag-politique","19":"tag-rennes","20":"tag-republique-francaise"},"share_on_mastodon":{"url":"https:\/\/pubeurope.com\/@fr\/115768032253765532","error":""},"_links":{"self":[{"href":"https:\/\/www.europesays.com\/fr\/wp-json\/wp\/v2\/posts\/617514","targetHints":{"allow":["GET"]}}],"collection":[{"href":"https:\/\/www.europesays.com\/fr\/wp-json\/wp\/v2\/posts"}],"about":[{"href":"https:\/\/www.europesays.com\/fr\/wp-json\/wp\/v2\/types\/post"}],"author":[{"embeddable":true,"href":"https:\/\/www.europesays.com\/fr\/wp-json\/wp\/v2\/users\/2"}],"replies":[{"embeddable":true,"href":"https:\/\/www.europesays.com\/fr\/wp-json\/wp\/v2\/comments?post=617514"}],"version-history":[{"count":0,"href":"https:\/\/www.europesays.com\/fr\/wp-json\/wp\/v2\/posts\/617514\/revisions"}],"wp:featuredmedia":[{"embeddable":true,"href":"https:\/\/www.europesays.com\/fr\/wp-json\/wp\/v2\/media\/617515"}],"wp:attachment":[{"href":"https:\/\/www.europesays.com\/fr\/wp-json\/wp\/v2\/media?parent=617514"}],"wp:term":[{"taxonomy":"category","embeddable":true,"href":"https:\/\/www.europesays.com\/fr\/wp-json\/wp\/v2\/categories?post=617514"},{"taxonomy":"post_tag","embeddable":true,"href":"https:\/\/www.europesays.com\/fr\/wp-json\/wp\/v2\/tags?post=617514"}],"curies":[{"name":"wp","href":"https:\/\/api.w.org\/{rel}","templated":true}]}}