{"id":617516,"date":"2025-12-23T08:52:10","date_gmt":"2025-12-23T08:52:10","guid":{"rendered":"https:\/\/www.europesays.com\/fr\/617516\/"},"modified":"2025-12-23T08:52:10","modified_gmt":"2025-12-23T08:52:10","slug":"voici-les-commerces-ouverts-et-fermes","status":"publish","type":"post","link":"https:\/\/www.europesays.com\/fr\/617516\/","title":{"rendered":"voici les commerces ouverts et ferm\u00e9s"},"content":{"rendered":"<p>                    Par<br \/>\n        <strong><br \/>\n            <a href=\"https:\/\/actu.fr\/auteur\/thomas-blanc\" title=\"Consulter tous les articles de Thomas Blanc\" target=\"_blank\" rel=\"noopener\">Thomas Blanc<\/a><br \/>\n                    <\/strong><\/p>\n<p>        Publi\u00e9 le<\/p>\n<p>            23 d\u00e9c. 2025 \u00e0 9h18        <\/p>\n<p><a href=\"https:\/\/actu.fr\/societe\/pourquoi-26-decembre-est-un-jour-ferie-alsace-en-moselle_30366534.html\" target=\"_blank\" rel=\"noopener\">En Alsace comme en Moselle, le 26\u00a0d\u00e9cembre est un jour f\u00e9ri\u00e9<\/a>. Les habitants du <strong>Bas-Rhin<\/strong>, du <strong>Haut-Rhin<\/strong> et de la <strong>Moselle<\/strong> pourront donc fl\u00e2ner le lendemain de <a href=\"https:\/\/actu.fr\/tag\/noel\" target=\"_blank\" rel=\"noopener\">No\u00ebl<\/a>. Voici une liste non exhaustive des <a href=\"https:\/\/actu.fr\/tag\/commerce\" target=\"_blank\" rel=\"noopener\">commerces<\/a> <strong>dans lesquels il sera possible de se rendre<\/strong> \u00e0 <strong>Strasbourg<\/strong>.<\/p>\n<p>Les commerces ouverts \u00e0 Strasbourg le 26\u00a0d\u00e9cembre<\/p>\n<p class=\" wall-content\">En cette Saint-\u00c9tienne, quelques magasins, <strong>essentiellement des commerces de proximit\u00e9<\/strong>, ouvriront leurs portes, la plupart du temps <strong>en horaires r\u00e9duits<\/strong>.<\/p>\n<ul class=\" wall-content\">\n<li><strong>Carrefour City route de Mittelhausbergen<\/strong> \u00e0 Strasbourg\u2009: ouvert de 9h \u00e0 12h45<\/li>\n<li><strong>Carrefour City rue Geiler<\/strong> \u00e0 Strasbourg\u2009: ouvert de 9h \u00e0 12h50<\/li>\n<li><strong>Carrefour City boulevard de Dresde<\/strong> \u00e0 Strasbourg\u2009: ouvert de 9h \u00e0 18h<\/li>\n<li><strong>Carrefour City rue d\u2019Obernai<\/strong> \u00e0 Strasbourg\u2009: ouvert de 9h \u00e0 12h50<\/li>\n<li><strong>Carrefour City route du Polygone<\/strong> \u00e0 Strasbourg\u2009: ouvert de 9h \u00e0 12h45<\/li>\n<li><strong>Carrefour City place du Schluthfeld<\/strong> \u00e0 Strasbourg\u2009: ouvert de 9h \u00e0 13h<\/li>\n<li><strong>Carrefour Express boulevard de la Victoire<\/strong> \u00e0 Strasbourg\u2009: 6h \u00e0 21h<\/li>\n<li><strong>Petit Casino, rue du Faubourg National<\/strong> \u00e0 Strasbourg\u2009: ouvert de 9h \u00e0 21h.<\/li>\n<\/ul>\n<p>Les magasins ferm\u00e9s<\/p>\n<p class=\" wall-content\">La liste des magasins ferm\u00e9s est quant \u00e0 elle tr\u00e8s longue.<\/p>\n<ul class=\" wall-content\">\n<li><strong>Carrefour City avenue des Vosges<\/strong> \u00e0 Strasbourg\u2009: ferm\u00e9.<\/li>\n<li><strong>Carrefour City avenue de la Marseillaise<\/strong> \u00e0 Strasbourg\u2009: ferm\u00e9.<\/li>\n<li><strong>Carrefour Express rue du Parchemin<\/strong> \u00e0 Strasbourg\u2009: ferm\u00e9.<\/li>\n<li><strong>U Express rue des Bouchers<\/strong> \u00e0 Strasbourg\u2009: ferm\u00e9<\/li>\n<li><strong>U Express Grand\u2019Rue<\/strong> \u00e0 Strasbourg\u2009: ferm\u00e9.<\/li>\n<li><strong>U Express Conseil des XV<\/strong> \u00e0 Strasbourg\u2009: ferm\u00e9.<\/li>\n<li><strong>Lidl Koenigshoffen<\/strong> \u00e0 Strasbourg\u2009: ferm\u00e9.<\/li>\n<li><strong>Lidl rue des Fr\u00e8res Eberts<\/strong> \u00e0 Strasbourg\u2009: ferm\u00e9.<\/li>\n<li><strong>Supermarch\u00e9 Match Robertsau<\/strong> \u00e0 Strasbourg\u2009: ferm\u00e9.<\/li>\n<li><strong>Monoprix Kl\u00e9ber<\/strong> \u00e0 Strasbourg\u2009: ferm\u00e9.<\/li>\n<li><strong>Auchan Kl\u00e9ber<\/strong> \u00e0 Strasbourg\u2009: ferm\u00e9.<\/li>\n<li><strong>Auchan Porte De France<\/strong> \u00e0 Strasbourg\u2009: ferm\u00e9.<\/li>\n<li><strong>Auchan Esplanade<\/strong> \u00e0 Strasbourg\u2009: ferm\u00e9.<\/li>\n<li><strong>Auchan Robertsau<\/strong> \u00e0 Strasbourg\u2009: ferm\u00e9.<\/li>\n<li><strong>Auchan Koenigshoffen<\/strong> \u00e0 Strasbourg\u2009: ferm\u00e9.<\/li>\n<li><strong>Grand Frais Hautepierre<\/strong> \u00e0 Strasbourg\u2009: ferm\u00e9.<\/li>\n<li><strong>Biocoop Coquelicot<\/strong>, rue de la 1re Arm\u00e9e \u00e0 Strasbourg\u2009: ferm\u00e9.<\/li>\n<li><strong>Place des Halles<\/strong> \u00e0 Strasbourg\u2009: ferm\u00e9.<\/li>\n<li><strong>L\u2019Aubette<\/strong> \u00e0 Strasbourg\u2009: ferm\u00e9.<\/li>\n<li><strong>Galeries Lafayette<\/strong> Strasbourg\u2009: ferm\u00e9.<\/li>\n<li><strong>Aushopping<\/strong> Strasbourg, boutiques et Auchan\u2009: ferm\u00e9s.<\/li>\n<li><strong>Librairie Kl\u00e9ber<\/strong> \u00e0 Strasbourg\u2009: ferm\u00e9<\/li>\n<li><strong>Fnac Kl\u00e9ber<\/strong> \u00e0 Strasbourg\u2009: ferm\u00e9.<\/li>\n<li><strong>Aushopping et hypermarch\u00e9 Auchan Baggerse<\/strong> \u00e0 Illkirch\u2009: ferm\u00e9.<\/li>\n<li><strong>Carrefour (ex-Cora) \u00e0 Mundolsheim<\/strong>\u2009: ferm\u00e9.<\/li>\n<li><strong>Roppenheim The Style Outlets<\/strong> \u00e0 Roppenheim\u2009: ferm\u00e9.<\/li>\n<\/ul>\n<p class=\" wall-content\">Personnalisez votre actualit\u00e9 en ajoutant vos villes et m\u00e9dias en favori avec <a href=\"https:\/\/moncompte.actu.fr\" title=\"D\u00e9couvez Mon Actu\" rel=\"nofollow noopener\" data-trk=\"{&quot;cta&quot;:{&quot;action&quot;:&quot;https:\\\/\\\/moncompte.actu.fr&quot;,&quot;category&quot;:&quot;mon compte&quot;,&quot;from&quot;:&quot;article footer&quot;,&quot;name&quot;:&quot;Mon actu&quot;,&quot;type&quot;:&quot;cta&quot;}}\" target=\"_blank\">Mon Actu<\/a>.<\/p>\n","protected":false},"excerpt":{"rendered":"Par Thomas Blanc Publi\u00e9 le 23 d\u00e9c. 2025 \u00e0 9h18 En Alsace comme en Moselle, le 26\u00a0d\u00e9cembre est&hellip;\n","protected":false},"author":2,"featured_media":617517,"comment_status":"","ping_status":"","sticky":false,"template":"","format":"standard","meta":{"footnotes":""},"categories":[2820],"tags":[1111,11,215,1777,674,1011,27,775,39144,12,15830,25,104,640],"class_list":{"0":"post-617516","1":"post","2":"type-post","3":"status-publish","4":"format-standard","5":"has-post-thumbnail","7":"category-strasbourg","8":"tag-actu","9":"tag-actualites","10":"tag-commerce","11":"tag-eu","12":"tag-europe","13":"tag-fr","14":"tag-france","15":"tag-grand-est","16":"tag-jours-feries","17":"tag-news","18":"tag-noel","19":"tag-republique-francaise","20":"tag-societe","21":"tag-strasbourg"},"share_on_mastodon":{"url":"https:\/\/pubeurope.com\/@fr\/115768036244046664","error":""},"_links":{"self":[{"href":"https:\/\/www.europesays.com\/fr\/wp-json\/wp\/v2\/posts\/617516","targetHints":{"allow":["GET"]}}],"collection":[{"href":"https:\/\/www.europesays.com\/fr\/wp-json\/wp\/v2\/posts"}],"about":[{"href":"https:\/\/www.europesays.com\/fr\/wp-json\/wp\/v2\/types\/post"}],"author":[{"embeddable":true,"href":"https:\/\/www.europesays.com\/fr\/wp-json\/wp\/v2\/users\/2"}],"replies":[{"embeddable":true,"href":"https:\/\/www.europesays.com\/fr\/wp-json\/wp\/v2\/comments?post=617516"}],"version-history":[{"count":0,"href":"https:\/\/www.europesays.com\/fr\/wp-json\/wp\/v2\/posts\/617516\/revisions"}],"wp:featuredmedia":[{"embeddable":true,"href":"https:\/\/www.europesays.com\/fr\/wp-json\/wp\/v2\/media\/617517"}],"wp:attachment":[{"href":"https:\/\/www.europesays.com\/fr\/wp-json\/wp\/v2\/media?parent=617516"}],"wp:term":[{"taxonomy":"category","embeddable":true,"href":"https:\/\/www.europesays.com\/fr\/wp-json\/wp\/v2\/categories?post=617516"},{"taxonomy":"post_tag","embeddable":true,"href":"https:\/\/www.europesays.com\/fr\/wp-json\/wp\/v2\/tags?post=617516"}],"curies":[{"name":"wp","href":"https:\/\/api.w.org\/{rel}","templated":true}]}}