{"id":617520,"date":"2025-12-23T08:54:13","date_gmt":"2025-12-23T08:54:13","guid":{"rendered":"https:\/\/www.europesays.com\/fr\/617520\/"},"modified":"2025-12-23T08:54:13","modified_gmt":"2025-12-23T08:54:13","slug":"le-conservatoire-des-alpes-maritimes-celebre-ses-talents-de-demain","status":"publish","type":"post","link":"https:\/\/www.europesays.com\/fr\/617520\/","title":{"rendered":"Le Conservatoire des Alpes-Maritimes c\u00e9l\u00e8bre ses talents de demain"},"content":{"rendered":"<p>Un cadre prestigieux et des performances remarqu\u00e9es<\/p>\n<p>Pr\u00e8s de 100 \u00e9l\u00e8ves, exactement 94 laur\u00e9ats de fin de cycle et d\u2019unit\u00e9s de valeur, ont \u00e9t\u00e9 mis \u00e0 l\u2019honneur lors de la c\u00e9r\u00e9monie de fin d\u2019ann\u00e9e du Conservatoire des Alpes-Maritimes, marquant une \u00e9tape cl\u00e9 de leur parcours artistique et r\u00e9compensant l\u2019engagement et le travail men\u00e9s tout au long de l\u2019ann\u00e9e.<\/p>\n<p>Organis\u00e9e au Palais des Rois Sardes, o\u00f9 le Conservatoire dispose depuis 2024 d\u2019un espace d\u00e9di\u00e9 \u00e0 la cr\u00e9ation et \u00e0 l\u2019enseignement artistique, la c\u00e9r\u00e9monie a \u00e9t\u00e9 rythm\u00e9e par des interm\u00e8des musicaux et chor\u00e9graphiques. Piano, percussions, ensembles instrumentaux, voix et danse ont illustr\u00e9 la diversit\u00e9 des esth\u00e9tiques et la qualit\u00e9 de l\u2019enseignement dispens\u00e9.<\/p>\n<p>Une dynamique culturelle renforc\u00e9e pour 2025-2026<\/p>\n<p>Le Conservatoire poursuit le d\u00e9ploiement d\u2019actions ambitieuses : orchestres au coll\u00e8ge, classes Arts de la sc\u00e8ne, dispositifs d\u2019orchestre \u00e0 l\u2019\u00e9cole, stages \u00ab\u00a0Musique et Nature\u00a0\u00bb et projets collectifs. Ces initiatives s\u2019inscrivent dans une politique culturelle d\u00e9partementale volontariste, avec plus de 50 festivals soutenus et 700 spectacles gratuits propos\u00e9s sur l\u2019ensemble du territoire.<\/p>\n<p>\u00c0 travers cette c\u00e9r\u00e9monie, le Conservatoire et le D\u00e9partement r\u00e9affirment leur engagement commun : faire \u00e9merger les talents de demain et rendre la culture accessible \u00e0 tous, du littoral aux villages du haut pays.<\/p>\n<p>Un Conservatoire d\u2019excellence au service de tout le territoire<\/p>\n<p>Cr\u00e9\u00e9 en 1984, le Conservatoire des Alpes-Maritimes constitue un mod\u00e8le unique en France, v\u00e9ritable \u00e9cole itin\u00e9rante de la culture. Avec 48 enseignants et pr\u00e8s de 30 disciplines artistiques, il accompagne aujourd\u2019hui 1 487 \u00e9l\u00e8ves issus de 48 communes.<\/p>\n<p>En couvrant 80 % du territoire maralpin et en parcourant chaque ann\u00e9e plus de 150 000 km, il garantit un enseignement de proximit\u00e9, y compris dans les communes rurales, et permet \u00e0 de nombreux jeunes d\u2019acc\u00e9der \u00e0 la pratique musicale, \u00e0 la danse et aux arts de la sc\u00e8ne<\/p>\n","protected":false},"excerpt":{"rendered":"Un cadre prestigieux et des performances remarqu\u00e9es Pr\u00e8s de 100 \u00e9l\u00e8ves, exactement 94 laur\u00e9ats de fin de cycle&hellip;\n","protected":false},"author":2,"featured_media":617521,"comment_status":"","ping_status":"","sticky":false,"template":"","format":"standard","meta":{"footnotes":""},"categories":[2819],"tags":[1111,11,1777,674,1011,27,12,2401,882,25],"class_list":{"0":"post-617520","1":"post","2":"type-post","3":"status-publish","4":"format-standard","5":"has-post-thumbnail","7":"category-nice","8":"tag-actu","9":"tag-actualites","10":"tag-eu","11":"tag-europe","12":"tag-fr","13":"tag-france","14":"tag-news","15":"tag-nice","16":"tag-provence-alpes-cote-dazur","17":"tag-republique-francaise"},"share_on_mastodon":{"url":"https:\/\/pubeurope.com\/@fr\/115768044103670694","error":""},"_links":{"self":[{"href":"https:\/\/www.europesays.com\/fr\/wp-json\/wp\/v2\/posts\/617520","targetHints":{"allow":["GET"]}}],"collection":[{"href":"https:\/\/www.europesays.com\/fr\/wp-json\/wp\/v2\/posts"}],"about":[{"href":"https:\/\/www.europesays.com\/fr\/wp-json\/wp\/v2\/types\/post"}],"author":[{"embeddable":true,"href":"https:\/\/www.europesays.com\/fr\/wp-json\/wp\/v2\/users\/2"}],"replies":[{"embeddable":true,"href":"https:\/\/www.europesays.com\/fr\/wp-json\/wp\/v2\/comments?post=617520"}],"version-history":[{"count":0,"href":"https:\/\/www.europesays.com\/fr\/wp-json\/wp\/v2\/posts\/617520\/revisions"}],"wp:featuredmedia":[{"embeddable":true,"href":"https:\/\/www.europesays.com\/fr\/wp-json\/wp\/v2\/media\/617521"}],"wp:attachment":[{"href":"https:\/\/www.europesays.com\/fr\/wp-json\/wp\/v2\/media?parent=617520"}],"wp:term":[{"taxonomy":"category","embeddable":true,"href":"https:\/\/www.europesays.com\/fr\/wp-json\/wp\/v2\/categories?post=617520"},{"taxonomy":"post_tag","embeddable":true,"href":"https:\/\/www.europesays.com\/fr\/wp-json\/wp\/v2\/tags?post=617520"}],"curies":[{"name":"wp","href":"https:\/\/api.w.org\/{rel}","templated":true}]}}