{"id":617522,"date":"2025-12-23T08:55:18","date_gmt":"2025-12-23T08:55:18","guid":{"rendered":"https:\/\/www.europesays.com\/fr\/617522\/"},"modified":"2025-12-23T08:55:18","modified_gmt":"2025-12-23T08:55:18","slug":"le-rotary-club-nice-port-lympia-met-des-couleurs-dans-le-quotidien-des","status":"publish","type":"post","link":"https:\/\/www.europesays.com\/fr\/617522\/","title":{"rendered":"Le Rotary Club Nice Port Lympia met des couleurs dans le quotidien des (\u2026)"},"content":{"rendered":"<p>                    <img loading=\"lazy\" decoding=\"async\" src=\"https:\/\/www.europesays.com\/fr\/wp-content\/uploads\/2025\/12\/8b0e2ffdc23432a89694a7b322a72a.jpg\" class=\"img-responsive post-image\" width=\"680\" height=\"510\" alt=\"Le Rotary Club Nice (\u2026)\" title=\"Le Rotary Club Nice Port Lympia met des couleurs dans le quotidien des enfants hospitalis\u00e9s\"\/><\/p>\n<p class=\"chapo\">Le Rotary Club Nice Port Lympia, accompagn\u00e9 de plusieurs clubs du District 1730 couvrant les Alpes-Maritimes, le Var et la Corse, s\u2019engage dans une action solidaire pleine de sens \u00e0 destination des enfants hospitalis\u00e9s.<\/p>\n<p>L\u2019initiative repose sur la <strong>cr\u00e9ation d\u2019un album de coloriage de 24 pages, <\/strong> sp\u00e9cialement con\u00e7u pour apporter r\u00e9confort et \u00e9vasion aux jeunes patients. Les illustrations ont \u00e9t\u00e9 r\u00e9alis\u00e9es par<strong> Jean-Pierre Dirick<\/strong>, dessinateur reconnu, ancien collaborateur du magazine Pif et actuel Gouverneur du District Rotary 1730. Chaque album sera remis aux enfants avec une bo\u00eete de crayons de couleur, afin de leur offrir un v\u00e9ritable moment de cr\u00e9ativit\u00e9 pendant la difficile p\u00e9riode de  l\u2019hospitalisation.<\/p>\n<p>Essaimage<\/p>\n<p>L\u2019\u00e9lan de solidarit\u00e9 est d\u00e9j\u00e0 bien engag\u00e9\u00a0: <strong>douze clubs Rotary des Alpes-Maritimes, du Var et de la Corse ont command\u00e9 pr\u00e8s de 1 100 albums<\/strong>. D\u2019autres clubs devraient prochainement rejoindre l\u2019op\u00e9ration, permettant d\u2019\u00e9largir encore la port\u00e9e de cette initiative sur l\u2019ensemble du territoire.<br class=\"autobr\"\/><br \/>\nLa distribution des albums est pr\u00e9vue pour le d\u00e9but de l\u2019ann\u00e9e 2026, au sein des h\u00f4pitaux et de diff\u00e9rentes structures accueillant des enfants. Une distribution officielle sera notamment organis\u00e9e \u00e0 Nice, \u00e0 laquelle le public et les partenaires seront invit\u00e9s \u00e0 participer.<br class=\"autobr\"\/><br \/>\n\u00c0 travers ce projet, le Rotary International illustre une nouvelle fois son engagement en faveur des plus fragiles, en utilisant l\u2019art comme vecteur de bienveillance, de partage et d\u2019humanit\u00e9.<\/p>\n<p>Visuel de une\u00a0: \u00a9Rotary Club Nice Port Lympia<\/p>\n","protected":false},"excerpt":{"rendered":"Le Rotary Club Nice Port Lympia, accompagn\u00e9 de plusieurs clubs du District 1730 couvrant les Alpes-Maritimes, le Var&hellip;\n","protected":false},"author":2,"featured_media":617523,"comment_status":"","ping_status":"","sticky":false,"template":"","format":"standard","meta":{"footnotes":""},"categories":[2819],"tags":[1111,11,2408,1777,674,1011,27,12,2401,882,25],"class_list":{"0":"post-617522","1":"post","2":"type-post","3":"status-publish","4":"format-standard","5":"has-post-thumbnail","7":"category-nice","8":"tag-actu","9":"tag-actualites","10":"tag-appels-d","11":"tag-eu","12":"tag-europe","13":"tag-fr","14":"tag-france","15":"tag-news","16":"tag-nice","17":"tag-provence-alpes-cote-dazur","18":"tag-republique-francaise"},"share_on_mastodon":{"url":"https:\/\/pubeurope.com\/@fr\/115768048910227106","error":""},"_links":{"self":[{"href":"https:\/\/www.europesays.com\/fr\/wp-json\/wp\/v2\/posts\/617522","targetHints":{"allow":["GET"]}}],"collection":[{"href":"https:\/\/www.europesays.com\/fr\/wp-json\/wp\/v2\/posts"}],"about":[{"href":"https:\/\/www.europesays.com\/fr\/wp-json\/wp\/v2\/types\/post"}],"author":[{"embeddable":true,"href":"https:\/\/www.europesays.com\/fr\/wp-json\/wp\/v2\/users\/2"}],"replies":[{"embeddable":true,"href":"https:\/\/www.europesays.com\/fr\/wp-json\/wp\/v2\/comments?post=617522"}],"version-history":[{"count":0,"href":"https:\/\/www.europesays.com\/fr\/wp-json\/wp\/v2\/posts\/617522\/revisions"}],"wp:featuredmedia":[{"embeddable":true,"href":"https:\/\/www.europesays.com\/fr\/wp-json\/wp\/v2\/media\/617523"}],"wp:attachment":[{"href":"https:\/\/www.europesays.com\/fr\/wp-json\/wp\/v2\/media?parent=617522"}],"wp:term":[{"taxonomy":"category","embeddable":true,"href":"https:\/\/www.europesays.com\/fr\/wp-json\/wp\/v2\/categories?post=617522"},{"taxonomy":"post_tag","embeddable":true,"href":"https:\/\/www.europesays.com\/fr\/wp-json\/wp\/v2\/tags?post=617522"}],"curies":[{"name":"wp","href":"https:\/\/api.w.org\/{rel}","templated":true}]}}